{"id":11604,"date":"2008-09-08T00:00:00","date_gmt":"2008-09-08T03:00:00","guid":{"rendered":"https:\/\/www.cnbb.org.br\/padroeira-do-brasil\/"},"modified":"2008-09-08T00:00:00","modified_gmt":"2008-09-08T03:00:00","slug":"padroeira-do-brasil","status":"publish","type":"post","link":"https:\/\/www.cnbb.org.br\/padroeira-do-brasil\/","title":{"rendered":"Padroeira do Brasil"},"content":{"rendered":"<p style=\"text-align: justify\">Nossa Senhora em suas manifesta\u00e7\u00f5es, geralmente adota a fisionomia do povo do pa\u00eds ou do lugar onde ela se manifesta. No M\u00e9xico, deixou sua imagem impressa no manto do \u00edndio Juan Diego e ao contemplar sua imagem \u00e9 interessante observar os tra\u00e7os ind\u00edgenas de seu rosto. Em Lourdes, na Fran\u00e7a, a Virgem Imaculada Concei\u00e7\u00e3o dirigiu-se a Bernadete no dialeto falado naquela regi\u00e3o dos Pirineus.<\/p>\n<p>  <!--more-->  <\/p>\n<p style=\"text-align: justify\">Em Aparecida, Maria se deixa encontrar nas \u00e1guas do rio Para\u00edba do Sul por tr\u00eas pescadores, em 1717, per\u00edodo em que no Brasil Col\u00f4nia vigorava o regime de escravid\u00e3o. Ao apanharem em suas redes uma imagem partida \u2013 corpo e cabe\u00e7a \u2013 enegrecida por causa da \u00e1gua do rio e das velas acesas em sua honra, os tr\u00eas homens viram no acontecimento uma ajuda especial para a pesca abundante, ap\u00f3s v\u00e1rias tentativas em v\u00e3o.<\/p>\n<p style=\"text-align: justify\">Entre os muitos milagres atribu\u00eddos \u00e0 intercess\u00e3o de Nossa Senhora Aparecida, \u00e9 muito conhecido o do escravo liberto das correntes que o prendiam enquanto, de joelhos, invocava a Virgem Maria.<\/p>\n<p style=\"text-align: justify\">Mais tarde, alguns pregadores interpretaram esse prod\u00edgio como uma manifesta\u00e7\u00e3o da solidariedade da Virgem Maria, em especial, com seus filhos feridos em sua dignidade humana e um sinal de sua ajuda na luta pela defesa de sua liberta\u00e7\u00e3o.<\/p>\n<p style=\"text-align: justify\">Aquela imagem pequenina despojada de tudo, foi aos poucos se tornando\u00a0 objeto de especial venera\u00e7\u00e3o do povo brasileiro. Os devotos logo a cobriram com um manto da cor do c\u00e9u brasileiro e a cingiram com uma coroa, reconhecendo-a como rainha \u2013 a servidora do povo junto de Deus.<\/p>\n<p style=\"text-align: justify\">Em 1904, no dia 08 de setembro, o Papa Pio X, traduzindo o sentimento do povo e atendendo ao pedido de Dom Joaquim Arcoverde, feito em nome do episcopado brasileiro, autorizou, como era usual na Igreja para imagens e quadros insignes, a coroa\u00e7\u00e3o solene da imagem de Nossa Senhora Aparecida.<\/p>\n<p style=\"text-align: justify\">No dia 17 de julho de 1930, o Papa Pio XI, atendendo ao pedido dos Bispos brasileiros, assinou o Decreto de Proclama\u00e7\u00e3o de Nossa Senhora Aparecida como Padroeira do Brasil.<\/p>\n<p style=\"text-align: justify\">Em 1931, no dia 16 de julho, na ent\u00e3o Capital do Brasil, na cidade do Rio de Janeiro, o Presidente da Rep\u00fablica, o senhor Get\u00falio Vargas, acompanhado de todo o seu Minist\u00e9rio, autoridades diplom\u00e1ticas, civis, militares e eclesi\u00e1sticas e de uma grande multid\u00e3o de fi\u00e9is, comemoraram solenemente Nossa Senhora Aparecida, Padroeira do Brasil.<\/p>\n<p style=\"text-align: justify\">Maria \u00e9 venerada e amada pelo povo brasileiro, de norte a sul, de leste a oeste e invocada com os mais variados t\u00edtulos, sendo o t\u00edtulo de Nossa Senhora Aparecida \u2013 que o povo lhe deu espontaneamente \u2013 o mais querido e invocado com mais carinho.<\/p>\n<p style=\"text-align: justify\">Outros pa\u00edses do mundo \u2013 e at\u00e9 mesmo Continentes \u2013 tem seu padroeiro. A Igreja proclamou Santa Joana D\u2019Arc, padroeira de Fran\u00e7a; S\u00e3o Tiago, padroeiro da Espanha. O Papa Pio X declarou Nossa Senhora de Guadalupe \u201cCelestial Padroeira da Am\u00e9rica Latina\u201d. Paulo VI proclamou S\u00e3o Bento padroeiro da Europa e Jo\u00e3o Paulo II acrescentou S\u00e3o Cirilo e Met\u00f3dio, Santa Br\u00edgida da Su\u00e9cia, Santa Catarina de Sena e Santa Edith Stein.<\/p>\n<p style=\"text-align: justify\">Porque o Brasil, o pa\u00eds mais cat\u00f3lico da atualidade n\u00e3o tem direito de ter sua padroeira?<\/p>\n<p style=\"text-align: justify\">Nossa Senhora Aparecida tem sido, para muitos de nosso povo, inspira\u00e7\u00e3o de um estilo de vida solid\u00e1ria, fraterna, de aten\u00e7\u00e3o e acolhida ao outro, especialmente, aos mais pobres. Sua presen\u00e7a e devo\u00e7\u00e3o t\u00eam sido um elo de uni\u00e3o e de integra\u00e7\u00e3o entre todas as etnias, e nunca de divis\u00e3o.<\/p>\n<p style=\"text-align: justify\">Esporadicamente, aparecem oportunistas e com interesses escusos, questionando o t\u00edtulo de \u201cPadroeira do Brasil\u201d, dado pela Igreja a Nossa Senhora Aparecida e acolhido calorosamente pelo povo brasileiro. A iniciativa de propor \u00e0 C\u00e2mara Federal retirar este t\u00edtulo \u00e9 descabida, pois n\u00e3o foi ela quem o outorgou a Nossa Senhora Aparecida, al\u00e9m de tal proposta ofender o sentimento religioso do povo brasileiro, e em nada contribuir para tornar melhor a vida de nosso povo; antes muito pelo contrario, Nossa Senhora Aparecida \u00e9 a Rainha e a Padroeira do Brasil por\u00a0 proclama\u00e7\u00e3o da Igreja e do povo brasileiro!<\/p>\n<h4 style=\"text-align: right\">Dom Raymundo Damasceno Assis<\/h4>\n","protected":false},"excerpt":{"rendered":"<p>Nossa Senhora em suas manifesta\u00e7\u00f5es, geralmente adota a fisionomia do povo do pa\u00eds ou do lugar onde ela se manifesta. No M\u00e9xico, deixou sua imagem impressa no manto do \u00edndio Juan Diego e ao contemplar sua imagem \u00e9 interessante observar os tra\u00e7os ind\u00edgenas de seu rosto. Em Lourdes, na Fran\u00e7a, a Virgem Imaculada Concei\u00e7\u00e3o dirigiu-se &hellip;<\/p>\n<p class=\"read-more\"> <a class=\"\" href=\"https:\/\/www.cnbb.org.br\/padroeira-do-brasil\/\"> <span class=\"screen-reader-text\">Padroeira do Brasil<\/span> Leia mais &raquo;<\/a><\/p>\n","protected":false},"author":83,"featured_media":0,"comment_status":"open","ping_status":"open","sticky":false,"template":"","format":"standard","meta":{"site-sidebar-layout":"default","site-content-layout":"default","ast-global-header-display":"","ast-banner-title-visibility":"","ast-main-header-display":"","ast-hfb-above-header-display":"","ast-hfb-below-header-display":"","ast-hfb-mobile-header-display":"","site-post-title":"","ast-breadcrumbs-content":"","ast-featured-img":"","footer-sml-layout":"","theme-transparent-header-meta":"","adv-header-id-meta":"","stick-header-meta":"","header-above-stick-meta":"","header-main-stick-meta":"","header-below-stick-meta":""},"categories":[758],"tags":[],"acf":[],"_links":{"self":[{"href":"https:\/\/www.cnbb.org.br\/cnbb-app\/wp\/v2\/posts\/11604"}],"collection":[{"href":"https:\/\/www.cnbb.org.br\/cnbb-app\/wp\/v2\/posts"}],"about":[{"href":"https:\/\/www.cnbb.org.br\/cnbb-app\/wp\/v2\/types\/post"}],"author":[{"embeddable":true,"href":"https:\/\/www.cnbb.org.br\/cnbb-app\/wp\/v2\/users\/83"}],"replies":[{"embeddable":true,"href":"https:\/\/www.cnbb.org.br\/cnbb-app\/wp\/v2\/comments?post=11604"}],"version-history":[{"count":0,"href":"https:\/\/www.cnbb.org.br\/cnbb-app\/wp\/v2\/posts\/11604\/revisions"}],"wp:attachment":[{"href":"https:\/\/www.cnbb.org.br\/cnbb-app\/wp\/v2\/media?parent=11604"}],"wp:term":[{"taxonomy":"category","embeddable":true,"href":"https:\/\/www.cnbb.org.br\/cnbb-app\/wp\/v2\/categories?post=11604"},{"taxonomy":"post_tag","embeddable":true,"href":"https:\/\/www.cnbb.org.br\/cnbb-app\/wp\/v2\/tags?post=11604"}],"curies":[{"name":"wp","href":"https:\/\/api.w.org\/{rel}","templated":true}]}}