{"id":11611,"date":"2009-12-02T00:00:00","date_gmt":"2009-12-02T02:00:00","guid":{"rendered":"https:\/\/www.cnbb.org.br\/preparar-nos-para-o-natal\/"},"modified":"2009-12-02T00:00:00","modified_gmt":"2009-12-02T02:00:00","slug":"preparar-nos-para-o-natal","status":"publish","type":"post","link":"https:\/\/www.cnbb.org.br\/preparar-nos-para-o-natal\/","title":{"rendered":"Preparar-nos para o Natal"},"content":{"rendered":"<p style=\"text-align: justify\">Estes dias, que precedem a festa do Natal, ocasionam especial movimento nos setores comerciais. As propagandas s\u00e3o in\u00fameras na televis\u00e3o, nas r\u00e1dios, nos folhetos que abarrotam as caixas postais das resid\u00eancias e nos altofalantes de carros comerciais. H\u00e1 como que uma violenta propuls\u00e3o para vender. A figura dominante \u00e9 a do Papai Noel, vestido com roupas pesadas do frio neste nosso calor de dezembro. \u00c9 pois ocasi\u00e3o para se presentear os que nos s\u00e3o queridos. At\u00e9 a\u00ed, tudo bem.<\/p>\n<p>  <!--more-->  <\/p>\n<p style=\"text-align: justify\">O que nos desperta o senso cr\u00edtico \u00e9 o esquecimento do verdadeiro sentido desta data. Natal \u00e9 comemora\u00e7\u00e3o festiva da chegada do Salvador da humanidade. \u00c9 um aontecimento \u00edmpar: Jesus, o Filho eterno de Deus, assume a natureza humana no seio virginal de Maria e nasce, na pobreza de Bel\u00e9m, para nos dar a salva\u00e7\u00e3o.<\/p>\n<p style=\"text-align: justify\">Not\u00edcia pois alegre e de festa, porque Deus vem ao nosso encontro. \u00c9 t\u00e3o rica de sentido esta data \u2013 isto \u00e9, o nascimento do Salvador da humanidade \u2013 que os c\u00e9us se enchem de anjos em revoada, cantando alegremente a glorifica\u00e7\u00e3o de Deus, que vem ao encontro da humanidade, para nos dar a salva\u00e7\u00e3o e a paz.<\/p>\n<p style=\"text-align: justify\">A Igreja, durante quatro semanas, nos anuncia a chegada, isto \u00e9, o advento do Salvador. \u00c9 pois uma alvissareira not\u00edcia para a humanidade. O que por\u00e9m se deve lembrar e proclamar em alta voz \u00e9 que Natal \u00e9 data religiosa, n\u00e3o folcl\u00f3rica. E que a alegria da festa \u00e9 a chegada de Deus para a salva\u00e7\u00e3o da humanidade.<\/p>\n<p style=\"text-align: justify\">N\u00e3o se pode pois esquecer que o grande presente, que recebemos, n\u00e3o nos vem do folcl\u00f3rico Papai Noel, mas da rica miseric\u00f3rdia do Pai, que nos envia o Salvador.<\/p>\n<p style=\"text-align: justify\">O profeta Isaias, l\u00e1 no distante tempo de uma previv\u00e3o sobre o Messias que haveria de vir, como de fato veio, nos convida para marchar para o monte do Senhor e entoar um c\u00e2ntico de alegria ao som da flauta, numa noite de festa santa (Is 30, 29). Penso que o profeta nos faz este convite para a celebra\u00e7\u00e3o do Natal de Jesus, o rico presente que do c\u00e9u nos veio.<\/p>\n<p style=\"text-align: justify\">A prepara\u00e7\u00e3o para a grande festa do Natal exige de n\u00f3s a purifica\u00e7\u00e3o interior para recebermos da Crian\u00e7a do pres\u00e9pio, n\u00e3o os presentes que o com\u00e9rcio nos oferece, mas a alegria da paz, que os anjos cantaram pelos c\u00e9us afora na noite de Bel\u00e9m.<\/p>\n<p style=\"text-align: justify\">O Advento recorda-nos o longo tempo que a humanidade aguardou pela vinda do Messias. Foram s\u00e9culos e s\u00e9culos. Nestas semanas que nos dispoem espiritualmente para a chegada do Salvador, somos convidados a receber alegremente o presente de Deus: o Salvador Jesus Cristo. Isto \u00e9 Natal!<\/p>\n<h4 style=\"text-align: right\">Dom Benedicto de Ulh\u00f4a Vieira<\/h4>\n","protected":false},"excerpt":{"rendered":"<p>Estes dias, que precedem a festa do Natal, ocasionam especial movimento nos setores comerciais. As propagandas s\u00e3o in\u00fameras na televis\u00e3o, nas r\u00e1dios, nos folhetos que abarrotam as caixas postais das resid\u00eancias e nos altofalantes de carros comerciais. H\u00e1 como que uma violenta propuls\u00e3o para vender. A figura dominante \u00e9 a do Papai Noel, vestido com &hellip;<\/p>\n<p class=\"read-more\"> <a class=\"\" href=\"https:\/\/www.cnbb.org.br\/preparar-nos-para-o-natal\/\"> <span class=\"screen-reader-text\">Preparar-nos para o Natal<\/span> Leia mais &raquo;<\/a><\/p>\n","protected":false},"author":83,"featured_media":0,"comment_status":"open","ping_status":"open","sticky":false,"template":"","format":"standard","meta":{"site-sidebar-layout":"default","site-content-layout":"default","ast-global-header-display":"","ast-banner-title-visibility":"","ast-main-header-display":"","ast-hfb-above-header-display":"","ast-hfb-below-header-display":"","ast-hfb-mobile-header-display":"","site-post-title":"","ast-breadcrumbs-content":"","ast-featured-img":"","footer-sml-layout":"","theme-transparent-header-meta":"","adv-header-id-meta":"","stick-header-meta":"","header-above-stick-meta":"","header-main-stick-meta":"","header-below-stick-meta":""},"categories":[758],"tags":[],"acf":[],"_links":{"self":[{"href":"https:\/\/www.cnbb.org.br\/cnbb-app\/wp\/v2\/posts\/11611"}],"collection":[{"href":"https:\/\/www.cnbb.org.br\/cnbb-app\/wp\/v2\/posts"}],"about":[{"href":"https:\/\/www.cnbb.org.br\/cnbb-app\/wp\/v2\/types\/post"}],"author":[{"embeddable":true,"href":"https:\/\/www.cnbb.org.br\/cnbb-app\/wp\/v2\/users\/83"}],"replies":[{"embeddable":true,"href":"https:\/\/www.cnbb.org.br\/cnbb-app\/wp\/v2\/comments?post=11611"}],"version-history":[{"count":0,"href":"https:\/\/www.cnbb.org.br\/cnbb-app\/wp\/v2\/posts\/11611\/revisions"}],"wp:attachment":[{"href":"https:\/\/www.cnbb.org.br\/cnbb-app\/wp\/v2\/media?parent=11611"}],"wp:term":[{"taxonomy":"category","embeddable":true,"href":"https:\/\/www.cnbb.org.br\/cnbb-app\/wp\/v2\/categories?post=11611"},{"taxonomy":"post_tag","embeddable":true,"href":"https:\/\/www.cnbb.org.br\/cnbb-app\/wp\/v2\/tags?post=11611"}],"curies":[{"name":"wp","href":"https:\/\/api.w.org\/{rel}","templated":true}]}}