{"id":11621,"date":"2009-09-01T00:00:00","date_gmt":"2009-09-01T03:00:00","guid":{"rendered":"https:\/\/www.cnbb.org.br\/ano-sacerdotal\/"},"modified":"2009-09-01T00:00:00","modified_gmt":"2009-09-01T03:00:00","slug":"ano-sacerdotal","status":"publish","type":"post","link":"https:\/\/www.cnbb.org.br\/ano-sacerdotal\/","title":{"rendered":"Ano Sacerdotal"},"content":{"rendered":"<p style=\"text-align: justify\">No dia em que se encerrou o Ano Paulino, com que a Igreja quis que a vida e o ensino do Ap\u00f3stolo Paulo fossem objeto de estudo e de espiritualidade, o Papa atual convidou a Igreja e sobretudo o clero a fazer, deste outro ano, um esfor\u00e7o de estudo e afervoramento sobre o sacerd\u00f3cio. \u00c9 o Ano Sacerdotal.<\/p>\n<p>  <!--more-->  <\/p>\n<p style=\"text-align: justify\">O que motivou o Santo Padre a isto foi a comemora\u00e7\u00e3o dos cento e cinquenta anos da morte de S\u00e3o Jo\u00e3o Maria Vianney, o virtuoso p\u00e1roco de Ars, na Fran\u00e7a. J\u00e1 Pio XI o havia constitu\u00eddo como modelo e patrono dos p\u00e1rocos. Agora Bento XVI quer que o Santo seja patrono de todos os sacerdotes diocesanos, por ter sido exemplar modelo de dedica\u00e7\u00e3o \u00e0 sua pequenina \u2013 e hoje universamente conhecida \u2013 par\u00f3quia de Ars.<\/p>\n<p style=\"text-align: justify\">Seu corpo n\u00e3o foi consumido na escurid\u00e3o da sepultura. Est\u00e1 intacto, como se tivera acabado de morrer. E isto, h\u00e1 cento e cinquenta anos! Tive \u2013 como muitos outros j\u00e1 tiveram \u2013 a emo\u00e7\u00e3o de celebrar a Missa no altar em que jaz seu corpo intacto, usando o velho c\u00e1lice dele, rel\u00edquia preciosa de sua piedade e de seu fervor. \u00c9 este o Santo protetor do sacerdote diocesano, nosso modelo de santidade e dedica\u00e7\u00e3o ao minist\u00e9rio.<\/p>\n<p style=\"text-align: justify\">N\u00e3o \u00e9 de hoje que a Igreja-M\u00e3e se preocupa com a santidade de seus padres. Basta lembrar que o Conc\u00edlio Vaticano II, querendo mostrar a import\u00e2ncia do sacerd\u00f3cio ministerial, redigiu tr\u00eas documentos referentes a este assunto: um sobre o episcopado, que \u00e9 o sacramento da ordem na plenitude; o outro sobre o presbiterato, sacerd\u00f3cio do segundo grau e o terceiro sobre a forma\u00e7\u00e3o sacerdotal do futuro padre.<\/p>\n<p style=\"text-align: justify\">N\u00e3o \u00e9 de hoje que os Papas se preocupam com a vida e a santidade do sacerdote. Desde S\u00e3o Pio X, fundador de nossa diocese de Uberaba, como os pont\u00edfices que lhe sucederam, enriqueceram a Igreja com exorta\u00e7\u00f5es apost\u00f3licas, que s\u00e3o, ainda hoje, verdadeiros tratados de santidade da vida sacerdotal para os ministros do Evangelho.<\/p>\n<p style=\"text-align: justify\">Nas r\u00e1pidas e estonteantes transforma\u00e7\u00f5es por que passa o mundo e diante da necessidade da a\u00e7\u00e3o pastoral que hoje onera o sacerdote, o Ano Sacerdotal \u00e9 um est\u00edmulo ao padre para a fidelidade \u00e0 sublime voca\u00e7\u00e3o e um convite \u00e0 Igreja para acompanhar os seus pastores com o carinho de suas preces e a for\u00e7a de seu apoio.<\/p>\n<h4 style=\"text-align: right\">Dom Benedicto de Ulh\u00f4a Vieira<\/h4>\n","protected":false},"excerpt":{"rendered":"<p>No dia em que se encerrou o Ano Paulino, com que a Igreja quis que a vida e o ensino do Ap\u00f3stolo Paulo fossem objeto de estudo e de espiritualidade, o Papa atual convidou a Igreja e sobretudo o clero a fazer, deste outro ano, um esfor\u00e7o de estudo e afervoramento sobre o sacerd\u00f3cio. \u00c9 &hellip;<\/p>\n<p class=\"read-more\"> <a class=\"\" href=\"https:\/\/www.cnbb.org.br\/ano-sacerdotal\/\"> <span class=\"screen-reader-text\">Ano Sacerdotal<\/span> Leia mais &raquo;<\/a><\/p>\n","protected":false},"author":83,"featured_media":0,"comment_status":"open","ping_status":"open","sticky":false,"template":"","format":"standard","meta":{"site-sidebar-layout":"default","site-content-layout":"default","ast-global-header-display":"","ast-banner-title-visibility":"","ast-main-header-display":"","ast-hfb-above-header-display":"","ast-hfb-below-header-display":"","ast-hfb-mobile-header-display":"","site-post-title":"","ast-breadcrumbs-content":"","ast-featured-img":"","footer-sml-layout":"","theme-transparent-header-meta":"","adv-header-id-meta":"","stick-header-meta":"","header-above-stick-meta":"","header-main-stick-meta":"","header-below-stick-meta":""},"categories":[758],"tags":[],"acf":[],"_links":{"self":[{"href":"https:\/\/www.cnbb.org.br\/cnbb-app\/wp\/v2\/posts\/11621"}],"collection":[{"href":"https:\/\/www.cnbb.org.br\/cnbb-app\/wp\/v2\/posts"}],"about":[{"href":"https:\/\/www.cnbb.org.br\/cnbb-app\/wp\/v2\/types\/post"}],"author":[{"embeddable":true,"href":"https:\/\/www.cnbb.org.br\/cnbb-app\/wp\/v2\/users\/83"}],"replies":[{"embeddable":true,"href":"https:\/\/www.cnbb.org.br\/cnbb-app\/wp\/v2\/comments?post=11621"}],"version-history":[{"count":0,"href":"https:\/\/www.cnbb.org.br\/cnbb-app\/wp\/v2\/posts\/11621\/revisions"}],"wp:attachment":[{"href":"https:\/\/www.cnbb.org.br\/cnbb-app\/wp\/v2\/media?parent=11621"}],"wp:term":[{"taxonomy":"category","embeddable":true,"href":"https:\/\/www.cnbb.org.br\/cnbb-app\/wp\/v2\/categories?post=11621"},{"taxonomy":"post_tag","embeddable":true,"href":"https:\/\/www.cnbb.org.br\/cnbb-app\/wp\/v2\/tags?post=11621"}],"curies":[{"name":"wp","href":"https:\/\/api.w.org\/{rel}","templated":true}]}}