{"id":11639,"date":"2009-04-17T00:00:00","date_gmt":"2009-04-17T03:00:00","guid":{"rendered":"https:\/\/www.cnbb.org.br\/levantai-vos-olhai-para-o-futuro\/"},"modified":"2009-04-17T00:00:00","modified_gmt":"2009-04-17T03:00:00","slug":"levantai-vos-olhai-para-o-futuro","status":"publish","type":"post","link":"https:\/\/www.cnbb.org.br\/levantai-vos-olhai-para-o-futuro\/","title":{"rendered":"\u201cLevantai-vos, olhai para o futuro\u201d"},"content":{"rendered":"<p style=\"text-align: justify\">Foi com esta palavra de esperan\u00e7a que o Papa Bento XVI se despediu da \u00c1frica, dia 23 de mar\u00e7o passado. Embora esta visita se tenha limitado a dois pa\u00edses africanos \u2013 Camar\u00f5es e Angola \u2013 com sua palavra o Papa de fato quis dirigir-se \u00e0 \u00c1frica toda. Pela pr\u00f3pria amplid\u00e3o dos discursos fica evidente esta abrang\u00eancia da visita pontif\u00edcia.<\/p>\n<p>  <!--more-->  <\/p>\n<p style=\"text-align: justify\">Al\u00e9m deste aspecto, quis certamente o Papa chamar a aten\u00e7\u00e3o da Igreja toda para o pr\u00f3ximo S\u00ednodo dos Bispos, em outubro pr\u00f3ximo, que ser\u00e1 referente \u00e0 \u00c1frica. Este pr\u00f3ximo S\u00ednodo \u00e9 ocasi\u00e3o prop\u00edcia para o mundo cat\u00f3lico voltar o olhar ao grande continente africano, como disse e quer o Santo Padre: \u201cDirige o teu olhar para a \u00c1frica, este grande continente, ainda t\u00e3o sequioso de justi\u00e7a e de paz\u201d.<\/p>\n<p style=\"text-align: justify\">Houve infelizmente pol\u00eamicas suscitadas, por ocasi\u00e3o desta visita, pela natural e geral preocupa\u00e7\u00e3o diante da terr\u00edvel e difundida doen\u00e7a da AIDS na \u00c1frica, fruto da profunda transforma\u00e7\u00e3o dos costumes. Esta preocupa\u00e7\u00e3o \u00e9 por certo tamb\u00e9m da Igreja.<\/p>\n<p style=\"text-align: justify\">A defesa da palavra pontif\u00edcia mal recebida sobre este tema veio do prestigioso jornal brit\u00e2nico \u201cDaily Telegraph\u201d que teve a fineza de declarar que o Papa \u201ctem raz\u00e3o\u201d. E acrescenta: \u201cO Papa \u00e9 chamado a falar sobre a verdade do homem. \u00c9 a sua fun\u00e7\u00e3o: ai dele se n\u00e3o o fizesse\u201d.<\/p>\n<p style=\"text-align: justify\">Uma visita papal a um pa\u00eds, que luta por sua ascens\u00e3o, suscita novas for\u00e7as para crescer e desenvolver-se por si, sem interfer\u00eancias externas. O pr\u00f3prio Presidente de Angola Jos\u00e9 Eduardo dos Santos o exprimiu ao Papa no belo discurso em que o homenageou: \u201cA Igreja tem for\u00e7a moral suficiente para influenciar os cora\u00e7\u00f5es e as mentalidades\u201d. E reconhece \u201co apoio cont\u00ednuo da Igreja a seu pa\u00eds para se libertar das interfer\u00eancias externas negativas (&#8230;) e para se transformar em terra de paz, de fraternidade e progresso\u201d.<\/p>\n<p style=\"text-align: justify\">A visita pastoral do Papa a um pa\u00eds \u00e9 uma luz nova que suscita esperan\u00e7a e abre caminhos. Por isto, ao despedir-se da \u00c1frica, que sofre tantos problemas, Bento XVI deixou, numa frase, um grito que gera coragem e impulsiona: \u201cLevantai-vos e olhai para o futuro\u201d e pediu que o olhar de todos se abrisse para o futuro que, por gra\u00e7a de Deus e o esfor\u00e7o geral, lhes ser\u00e1 fecundo, feliz e fraterno.<\/p>\n<h4 style=\"text-align: right\">Dom Benedicto de Ulh\u00f4a Vieira<\/h4>\n","protected":false},"excerpt":{"rendered":"<p>Foi com esta palavra de esperan\u00e7a que o Papa Bento XVI se despediu da \u00c1frica, dia 23 de mar\u00e7o passado. Embora esta visita se tenha limitado a dois pa\u00edses africanos \u2013 Camar\u00f5es e Angola \u2013 com sua palavra o Papa de fato quis dirigir-se \u00e0 \u00c1frica toda. Pela pr\u00f3pria amplid\u00e3o dos discursos fica evidente esta &hellip;<\/p>\n<p class=\"read-more\"> <a class=\"\" href=\"https:\/\/www.cnbb.org.br\/levantai-vos-olhai-para-o-futuro\/\"> <span class=\"screen-reader-text\">\u201cLevantai-vos, olhai para o futuro\u201d<\/span> Leia mais &raquo;<\/a><\/p>\n","protected":false},"author":83,"featured_media":0,"comment_status":"open","ping_status":"open","sticky":false,"template":"","format":"standard","meta":{"site-sidebar-layout":"default","site-content-layout":"default","ast-global-header-display":"","ast-banner-title-visibility":"","ast-main-header-display":"","ast-hfb-above-header-display":"","ast-hfb-below-header-display":"","ast-hfb-mobile-header-display":"","site-post-title":"","ast-breadcrumbs-content":"","ast-featured-img":"","footer-sml-layout":"","theme-transparent-header-meta":"","adv-header-id-meta":"","stick-header-meta":"","header-above-stick-meta":"","header-main-stick-meta":"","header-below-stick-meta":""},"categories":[758],"tags":[],"acf":[],"_links":{"self":[{"href":"https:\/\/www.cnbb.org.br\/cnbb-app\/wp\/v2\/posts\/11639"}],"collection":[{"href":"https:\/\/www.cnbb.org.br\/cnbb-app\/wp\/v2\/posts"}],"about":[{"href":"https:\/\/www.cnbb.org.br\/cnbb-app\/wp\/v2\/types\/post"}],"author":[{"embeddable":true,"href":"https:\/\/www.cnbb.org.br\/cnbb-app\/wp\/v2\/users\/83"}],"replies":[{"embeddable":true,"href":"https:\/\/www.cnbb.org.br\/cnbb-app\/wp\/v2\/comments?post=11639"}],"version-history":[{"count":0,"href":"https:\/\/www.cnbb.org.br\/cnbb-app\/wp\/v2\/posts\/11639\/revisions"}],"wp:attachment":[{"href":"https:\/\/www.cnbb.org.br\/cnbb-app\/wp\/v2\/media?parent=11639"}],"wp:term":[{"taxonomy":"category","embeddable":true,"href":"https:\/\/www.cnbb.org.br\/cnbb-app\/wp\/v2\/categories?post=11639"},{"taxonomy":"post_tag","embeddable":true,"href":"https:\/\/www.cnbb.org.br\/cnbb-app\/wp\/v2\/tags?post=11639"}],"curies":[{"name":"wp","href":"https:\/\/api.w.org\/{rel}","templated":true}]}}