{"id":11668,"date":"2010-04-20T00:00:00","date_gmt":"2010-04-20T03:00:00","guid":{"rendered":"https:\/\/www.cnbb.org.br\/a-palma-do-martirio\/"},"modified":"2010-04-20T00:00:00","modified_gmt":"2010-04-20T03:00:00","slug":"a-palma-do-martirio","status":"publish","type":"post","link":"https:\/\/www.cnbb.org.br\/a-palma-do-martirio\/","title":{"rendered":"A palma do mart\u00edrio"},"content":{"rendered":"<p style=\"text-align: justify\">Vamos acertar nossos modos de pensar. S\u00f3 considero m\u00e1rtires, de acordo com a tradi\u00e7\u00e3o da Igreja a partir do s\u00e9culo II, aqueles ou aquelas, que deram a sua vida em defesa da f\u00e9. S\u00e3o considerados testemunhas de Cristo, o Rei dos M\u00e1rtires. Trata-se daquelas pessoas que, mesmo tendo possibilidades, n\u00e3o negociaram com os algozes, a sua ades\u00e3o firme \u00e0 pessoa de Jesus e sua Igreja. Foram sacrificadas por \u00f3dio \u00e0 f\u00e9 cat\u00f3lica.<\/p>\n<p>  <!--more-->  <\/p>\n<p style=\"text-align: justify\">\u00c9 impr\u00f3prio chamar Tiradentes, de acordo com essa defini\u00e7\u00e3o, de m\u00e1rtir. S\u00f3 por aproxima\u00e7\u00e3o, ou semelhan\u00e7a. Ele foi her\u00f3i nacional, que lutou pela liberdade. Mas ele n\u00e3o foi morto por \u00f3dio \u00e0 f\u00e9, ou por ades\u00e3o \u00e0 Santa Igreja. Nem os sem-terra de Eldorado dos Caraj\u00e1s, nem os massacrados em Carandiru, podem ter o t\u00edtulo de m\u00e1rtires. Os motivos de suas mortes s\u00e3o outros, tamb\u00e9m her\u00f3icos. Mas os verdadeiros m\u00e1rtires, nesses vinte s\u00e9culos de cristianismo, s\u00e3o multid\u00f5es. Sua grandiosidade se caracteriza em vencer as amea\u00e7as contra a f\u00e9, e a seu grande amor ao Salvador e sua Igreja. O prodigioso \u00e9 n\u00e3o capitular diante da morte. \u00c1 frente da morte todos tremem. Mas os m\u00e1rtires, testemunhas da f\u00e9, pela assist\u00eancia do Divino Esp\u00edrito, enfrentam com coragem a crueldade dos fac\u00ednoras.<\/p>\n<p style=\"text-align: justify\">Basta olhar, nas p\u00e1ginas da Hist\u00f3ria, e logo vemos quantos Papas e Bispos morreram m\u00e1rtires, ou tiveram que fugir, ou foram encarcerados. Tamb\u00e9m sacerdotes e leigos. Nada espanta ver os inimigos da Igreja\u00a0 atingindo o Papa na sua honra, ou\u00a0 querendo prende-lo. N\u00e3o \u00e9 nenhuma novidade na Hist\u00f3ria. Mas conv\u00e9m lembrar tamb\u00e9m um pouco, os grandes massacres de Padres acontecidas durante os \u00faltimos s\u00e9culos. Vamos lembrar, o que para muitos \u00e9 ocultado pelos historiadores: a matan\u00e7a de Padres na famos\u00edssima Revolu\u00e7\u00e3o Francesa, e na Revolu\u00e7\u00e3o Comunista da Espanha. Antes de acontecerem essas f\u00farias contra o Clero, houve durante d\u00e9cadas uma persegui\u00e7\u00e3o implac\u00e1vel pela imprensa. Como Jesus j\u00e1 havia prevenido \u201cmuitos vos matar\u00e3o, julgando prestar um servi\u00e7o a Deus\u201d\u00a0\u00a0 (Jo 16, 2). Vamos estar atentos. A atual campanha furiosa contra o clero, sinaliza uma trag\u00e9dia anunciada. O holocausto aconteceu depois de s\u00e9culos de acusa\u00e7\u00f5es contra os judeus, de serem culpados de todo o mal do mundo.<\/p>\n<h4 style=\"text-align: right\">Dom Alo\u00edsio Roque Oppermann<\/h4>\n","protected":false},"excerpt":{"rendered":"<p>Vamos acertar nossos modos de pensar. S\u00f3 considero m\u00e1rtires, de acordo com a tradi\u00e7\u00e3o da Igreja a partir do s\u00e9culo II, aqueles ou aquelas, que deram a sua vida em defesa da f\u00e9. S\u00e3o considerados testemunhas de Cristo, o Rei dos M\u00e1rtires. Trata-se daquelas pessoas que, mesmo tendo possibilidades, n\u00e3o negociaram com os algozes, a &hellip;<\/p>\n<p class=\"read-more\"> <a class=\"\" href=\"https:\/\/www.cnbb.org.br\/a-palma-do-martirio\/\"> <span class=\"screen-reader-text\">A palma do mart\u00edrio<\/span> Leia mais &raquo;<\/a><\/p>\n","protected":false},"author":83,"featured_media":0,"comment_status":"open","ping_status":"open","sticky":false,"template":"","format":"standard","meta":{"site-sidebar-layout":"default","site-content-layout":"default","ast-global-header-display":"","ast-banner-title-visibility":"","ast-main-header-display":"","ast-hfb-above-header-display":"","ast-hfb-below-header-display":"","ast-hfb-mobile-header-display":"","site-post-title":"","ast-breadcrumbs-content":"","ast-featured-img":"","footer-sml-layout":"","theme-transparent-header-meta":"","adv-header-id-meta":"","stick-header-meta":"","header-above-stick-meta":"","header-main-stick-meta":"","header-below-stick-meta":""},"categories":[758],"tags":[],"acf":[],"_links":{"self":[{"href":"https:\/\/www.cnbb.org.br\/cnbb-app\/wp\/v2\/posts\/11668"}],"collection":[{"href":"https:\/\/www.cnbb.org.br\/cnbb-app\/wp\/v2\/posts"}],"about":[{"href":"https:\/\/www.cnbb.org.br\/cnbb-app\/wp\/v2\/types\/post"}],"author":[{"embeddable":true,"href":"https:\/\/www.cnbb.org.br\/cnbb-app\/wp\/v2\/users\/83"}],"replies":[{"embeddable":true,"href":"https:\/\/www.cnbb.org.br\/cnbb-app\/wp\/v2\/comments?post=11668"}],"version-history":[{"count":0,"href":"https:\/\/www.cnbb.org.br\/cnbb-app\/wp\/v2\/posts\/11668\/revisions"}],"wp:attachment":[{"href":"https:\/\/www.cnbb.org.br\/cnbb-app\/wp\/v2\/media?parent=11668"}],"wp:term":[{"taxonomy":"category","embeddable":true,"href":"https:\/\/www.cnbb.org.br\/cnbb-app\/wp\/v2\/categories?post=11668"},{"taxonomy":"post_tag","embeddable":true,"href":"https:\/\/www.cnbb.org.br\/cnbb-app\/wp\/v2\/tags?post=11668"}],"curies":[{"name":"wp","href":"https:\/\/api.w.org\/{rel}","templated":true}]}}