{"id":11677,"date":"2008-12-16T00:00:00","date_gmt":"2008-12-16T02:00:00","guid":{"rendered":"https:\/\/www.cnbb.org.br\/a-missa-dos-60-anos\/"},"modified":"2008-12-16T00:00:00","modified_gmt":"2008-12-16T02:00:00","slug":"a-missa-dos-60-anos","status":"publish","type":"post","link":"https:\/\/www.cnbb.org.br\/a-missa-dos-60-anos\/","title":{"rendered":"A missa dos 60 anos"},"content":{"rendered":"<p style=\"text-align: justify\">N\u00e3o sei se foi dela \u2013 da senhora que chegara da Bahia \u2013 que ouvi a express\u00e3o: \u201cQue Missa bonita!\u201d. Provavelmente a exclama\u00e7\u00e3o era, sim, de Neitinha. Viera de Salvador para a Missa do Jubileu de Diamante do velho Arcebispo. Deve-se fazer-lhe \u2013 \u00e0 visitante \u2013 o reparo de que, para os que t\u00eam f\u00e9, toda Missa \u00e9 bonita. Porque \u00e9 Deus presente.<\/p>\n<p>  <!--more-->  <\/p>\n<p style=\"text-align: justify\">Mas, de fato, aquela \u2013 pela solenidade, pelo coral de vozes lindas, pela numerosa presen\u00e7a de sacerdotes e di\u00e1conos, pela prega\u00e7\u00e3o altamente teol\u00f3gica de um eminente Cardeal, tamb\u00e9m vindo de longe, por tudo isto a celebra\u00e7\u00e3o merecia o elogio da senhora visitante.<\/p>\n<p style=\"text-align: justify\">O Santu\u00e1rio da Medalha regorgitava de gente: al\u00e9m dos familiares, amigos de S\u00e3o Paulo, membros da antiga JUC e da antiga JEC, vieram sem se incomodar com as dificuldades da viagem. Vieram para agradecer a Deus o sacerd\u00f3cio do Amigo, h\u00e1 trinta anos distante deles.<\/p>\n<p style=\"text-align: justify\">Na longa celebra\u00e7\u00e3o, em que tudo foi esmeradamente preparado, algo se deve ressaltar. Primeiro o menino de dois anos \u2013 s\u00f3 dois anos \u2013 que levou um bot\u00e3o de rosa ao celebrante, logo na entrada da Missa. Desembara\u00e7ado, vestido como se fosse j\u00e1 crescido, foi at\u00e9 o altar sem que houvesse algu\u00e9m para gui\u00e1-lo e entregou a rosa ao celebrante. Felipe \u00e9 o seu nome. Dois anos!<\/p>\n<p style=\"text-align: justify\">Uma segunda nota: o n\u00famero de padres e di\u00e1conos presentes superou a expectativa. No final da celebra\u00e7\u00e3o, foram um a um cumprimentar o velho Arcebispo e oferecer-lhe uma rosa branca. Um gesto respeitoso e afetivo dos padres \u00e0quele que presidiu por dezoito anos a vida eclesial de Uberaba.<\/p>\n<p style=\"text-align: justify\">Uma terceira nota foi a presen\u00e7a honrosa de um Cardeal, revestido da p\u00farpura que lhe \u00e9 pr\u00f3pria em veste coral. Trouxe, doutor que \u00e9 em liturgia, uma palavra teol\u00f3gica, clara e segura para a reflex\u00e3o dos participantes.<\/p>\n<p style=\"text-align: justify\">Cabe agora ao Homenageado agradecer a todos: o acolhimento caloroso da Reitoria do Santu\u00e1rio; a palavra s\u00f3bria e concisa do Arcebispo Metropolitano no final da Missa; a beleza do canto do coral, sob a batuta de Fabiano; a majestade do ato lit\u00fargico devida ao di\u00e1cono Saulo; as presen\u00e7as dos padres e di\u00e1conos; a palavra erudita do Padre Valmir; as homenagens significativas da Academia de Letras e da C\u00e2mara Municipal de Sacramento.<\/p>\n<p style=\"text-align: justify\">Em nome da fam\u00edlia, falou com gra\u00e7a e desenvoltura o sobrinho, advogado militante, revelando o relacionamento familiar com o \u201cTio Padre\u201d.<\/p>\n<p style=\"text-align: justify\">Sessenta anos de ininterrupto exerc\u00edcio sacerdotal \u00e9 uma gra\u00e7a misericordiosa de Deus que se deve agradecer com as m\u00e3os elevadas para o c\u00e9u e o cora\u00e7\u00e3o palpitante de amor pelo Senhor. Sessenta anos de alegre servi\u00e7o de Deus. Quanto devo louv\u00e1-lo o tempo que me resta&#8230;<\/p>\n<h4 style=\"text-align: right\">Dom Benedicto de Ulh\u00f4a Vieira<\/h4>\n","protected":false},"excerpt":{"rendered":"<p>N\u00e3o sei se foi dela \u2013 da senhora que chegara da Bahia \u2013 que ouvi a express\u00e3o: \u201cQue Missa bonita!\u201d. Provavelmente a exclama\u00e7\u00e3o era, sim, de Neitinha. Viera de Salvador para a Missa do Jubileu de Diamante do velho Arcebispo. Deve-se fazer-lhe \u2013 \u00e0 visitante \u2013 o reparo de que, para os que t\u00eam f\u00e9, &hellip;<\/p>\n<p class=\"read-more\"> <a class=\"\" href=\"https:\/\/www.cnbb.org.br\/a-missa-dos-60-anos\/\"> <span class=\"screen-reader-text\">A missa dos 60 anos<\/span> Leia mais &raquo;<\/a><\/p>\n","protected":false},"author":83,"featured_media":0,"comment_status":"open","ping_status":"open","sticky":false,"template":"","format":"standard","meta":{"site-sidebar-layout":"default","site-content-layout":"default","ast-global-header-display":"","ast-banner-title-visibility":"","ast-main-header-display":"","ast-hfb-above-header-display":"","ast-hfb-below-header-display":"","ast-hfb-mobile-header-display":"","site-post-title":"","ast-breadcrumbs-content":"","ast-featured-img":"","footer-sml-layout":"","theme-transparent-header-meta":"","adv-header-id-meta":"","stick-header-meta":"","header-above-stick-meta":"","header-main-stick-meta":"","header-below-stick-meta":""},"categories":[758],"tags":[],"acf":[],"_links":{"self":[{"href":"https:\/\/www.cnbb.org.br\/cnbb-app\/wp\/v2\/posts\/11677"}],"collection":[{"href":"https:\/\/www.cnbb.org.br\/cnbb-app\/wp\/v2\/posts"}],"about":[{"href":"https:\/\/www.cnbb.org.br\/cnbb-app\/wp\/v2\/types\/post"}],"author":[{"embeddable":true,"href":"https:\/\/www.cnbb.org.br\/cnbb-app\/wp\/v2\/users\/83"}],"replies":[{"embeddable":true,"href":"https:\/\/www.cnbb.org.br\/cnbb-app\/wp\/v2\/comments?post=11677"}],"version-history":[{"count":0,"href":"https:\/\/www.cnbb.org.br\/cnbb-app\/wp\/v2\/posts\/11677\/revisions"}],"wp:attachment":[{"href":"https:\/\/www.cnbb.org.br\/cnbb-app\/wp\/v2\/media?parent=11677"}],"wp:term":[{"taxonomy":"category","embeddable":true,"href":"https:\/\/www.cnbb.org.br\/cnbb-app\/wp\/v2\/categories?post=11677"},{"taxonomy":"post_tag","embeddable":true,"href":"https:\/\/www.cnbb.org.br\/cnbb-app\/wp\/v2\/tags?post=11677"}],"curies":[{"name":"wp","href":"https:\/\/api.w.org\/{rel}","templated":true}]}}