{"id":11679,"date":"2008-12-02T00:00:00","date_gmt":"2008-12-02T02:00:00","guid":{"rendered":"https:\/\/www.cnbb.org.br\/ainda-a-festa-da-medalha\/"},"modified":"2008-12-02T00:00:00","modified_gmt":"2008-12-02T02:00:00","slug":"ainda-a-festa-da-medalha","status":"publish","type":"post","link":"https:\/\/www.cnbb.org.br\/ainda-a-festa-da-medalha\/","title":{"rendered":"Ainda a Festa da Medalha"},"content":{"rendered":"<p style=\"text-align: justify\">Os fi\u00e9is que participaram da \u00faltima Missa no Santu\u00e1rio da Medalha no dia 27 de novembro tiveram o privil\u00e9gio de assistir o bel\u00edssimo ato da coroa\u00e7\u00e3o da imagem de Nossa Senhora pelas alunas do Col\u00e9gio Nossa Senhora das Gra\u00e7as aqui da cidade.<\/p>\n<p>  <!--more-->  <\/p>\n<p style=\"text-align: justify\">N\u00e3o \u00e9 a 1\u00aa vez que o Col\u00e9gio do saudoso Professor Murilo, hoje nas m\u00e3os de Terezinha Hueb de Menezes, assume a incumb\u00eancia de dramatizar, com arte e singular beleza, a coroa\u00e7\u00e3o da imagem de Nossa Senhora da Medalha.<\/p>\n<p style=\"text-align: justify\">As dezesseis meninas vestidas de branco, com fitas azuis nos longos cabelos, entraram ao som da m\u00fasica, vagarosamente da porta at\u00e9 o altar. Duas outras, de azul, dan\u00e7avam com arte e beleza, no espa\u00e7o de presbit\u00e9rio, com gesticula\u00e7\u00e3o dos bra\u00e7os, conforme o ritmo da m\u00fasica, enquanto as de branco vinham entrando.<\/p>\n<p style=\"text-align: justify\">Bet, a professora, entrou com a imagem do menino Deus e, no alto dos degraus, erguendo a imagem pequenina do Menino Jesus tornou-se, como se fosse im\u00f3vel, o ponto central da cena.<\/p>\n<p style=\"text-align: justify\">Vestidos com longos h\u00e1bitos, como monges, tochas acesas nas m\u00e3os, os tr\u00eas rapazes, entraram solenemente at\u00e9 perto da imagem, como se fossem os soturnos guardi\u00e3es das duas meninas que iriam coroar a imagem.<\/p>\n<p style=\"text-align: justify\">No sil\u00eancio do audit\u00f3rio, Camila com r\u00e1pidos passos e gestos expressivos declamou \u2013 invej\u00e1vel mem\u00f3ria! \u2013 longo texto literariamente lindo do Professor Murilo, intitulado \u201cAve Maria\u201d. N\u00e3o foi uma declamadora est\u00e1tica, mas leve como uma pluma, deslizava pelo espa\u00e7o, declamando as palavras do texto, com movimentos dos bra\u00e7os e do corpo. Ao terminar o texto, a coroa pousou vagarosamente na fronte da Imagem.\u00a0 O povo aplaudiu delirantemente.<\/p>\n<p style=\"text-align: justify\">Para os que vivem a vida da Igreja, atos \u2013 como este da coroa\u00e7\u00e3o da imagem no dia da festa \u2013 s\u00e3o eloq\u00fcentes e instrutivos. Eloq\u00fcentes, porque proclamam nossa f\u00e9 na divindade de Cristo, cuja M\u00e3e foi exornada de privilegiados dons: \u00e9 imaculada, \u00e9 \u201ccheia de gra\u00e7as\u201d (como a chamou o anjo), \u00e9 zelosa pelo bem de todos (lembrar a cena de Can\u00e1) e membro ilustre da Igreja apost\u00f3lica (como nos relatam os Atos dos Ap\u00f3stolos na cena de Pentecostes).<\/p>\n<p style=\"text-align: justify\">Instrutivos tamb\u00e9m, tais atos e tais gestos, pois nos ensinam como cultuar a M\u00e3e de Deus. Quem n\u00e3o gostaria de ver sua pr\u00f3pria m\u00e3e cercada de carinho e respeito? Seria diferente com Jesus?<\/p>\n<p style=\"text-align: justify\">Penso que uma festa religiosa como esta, aqui comentada, nos ajuda a viver a nossa f\u00e9 em nosso Deus, que nos enviou seu Filho feito homem para nos instruir e salvar. Pois este Filho, na hora suprema da morte, no-la deu por M\u00e3e: \u201cEis a\u00ed tua m\u00e3e\u201d (Jo 19, 27).<\/p>\n<h4 style=\"text-align: right\">Dom Benedicto de Ulh\u00f4a Vieira<\/h4>\n","protected":false},"excerpt":{"rendered":"<p>Os fi\u00e9is que participaram da \u00faltima Missa no Santu\u00e1rio da Medalha no dia 27 de novembro tiveram o privil\u00e9gio de assistir o bel\u00edssimo ato da coroa\u00e7\u00e3o da imagem de Nossa Senhora pelas alunas do Col\u00e9gio Nossa Senhora das Gra\u00e7as aqui da cidade.<\/p>\n","protected":false},"author":83,"featured_media":0,"comment_status":"open","ping_status":"open","sticky":false,"template":"","format":"standard","meta":{"site-sidebar-layout":"default","site-content-layout":"default","ast-global-header-display":"","ast-banner-title-visibility":"","ast-main-header-display":"","ast-hfb-above-header-display":"","ast-hfb-below-header-display":"","ast-hfb-mobile-header-display":"","site-post-title":"","ast-breadcrumbs-content":"","ast-featured-img":"","footer-sml-layout":"","theme-transparent-header-meta":"","adv-header-id-meta":"","stick-header-meta":"","header-above-stick-meta":"","header-main-stick-meta":"","header-below-stick-meta":""},"categories":[758],"tags":[],"acf":[],"_links":{"self":[{"href":"https:\/\/www.cnbb.org.br\/cnbb-app\/wp\/v2\/posts\/11679"}],"collection":[{"href":"https:\/\/www.cnbb.org.br\/cnbb-app\/wp\/v2\/posts"}],"about":[{"href":"https:\/\/www.cnbb.org.br\/cnbb-app\/wp\/v2\/types\/post"}],"author":[{"embeddable":true,"href":"https:\/\/www.cnbb.org.br\/cnbb-app\/wp\/v2\/users\/83"}],"replies":[{"embeddable":true,"href":"https:\/\/www.cnbb.org.br\/cnbb-app\/wp\/v2\/comments?post=11679"}],"version-history":[{"count":0,"href":"https:\/\/www.cnbb.org.br\/cnbb-app\/wp\/v2\/posts\/11679\/revisions"}],"wp:attachment":[{"href":"https:\/\/www.cnbb.org.br\/cnbb-app\/wp\/v2\/media?parent=11679"}],"wp:term":[{"taxonomy":"category","embeddable":true,"href":"https:\/\/www.cnbb.org.br\/cnbb-app\/wp\/v2\/categories?post=11679"},{"taxonomy":"post_tag","embeddable":true,"href":"https:\/\/www.cnbb.org.br\/cnbb-app\/wp\/v2\/tags?post=11679"}],"curies":[{"name":"wp","href":"https:\/\/api.w.org\/{rel}","templated":true}]}}