{"id":11682,"date":"2008-11-03T00:00:00","date_gmt":"2008-11-03T02:00:00","guid":{"rendered":"https:\/\/www.cnbb.org.br\/novos-padres\/"},"modified":"2008-11-03T00:00:00","modified_gmt":"2008-11-03T02:00:00","slug":"novos-padres","status":"publish","type":"post","link":"https:\/\/www.cnbb.org.br\/novos-padres\/","title":{"rendered":"Novos Padres"},"content":{"rendered":"<p style=\"text-align: justify\">A Igreja Arquidiocesana de Uberaba est\u00e1 vivendo uma alegria imensa pelo fato de se ordenarem quatro novos sacerdotes neste m\u00eas e outros cinco seminaristas receberem, tamb\u00e9m neste m\u00eas, o sacramento do diaconato.<\/p>\n<p>  <!--more-->  <\/p>\n<p style=\"text-align: justify\">Hoje j\u00e1 n\u00e3o se pode dizer que a Arquidiocese tenha defici\u00eancia de sacerdotes, como quando eu assumi o cargo h\u00e1 trinta anos. O trabalho pastoral das voca\u00e7\u00f5es, a reabertura do Semin\u00e1rio, fechado havia dez anos, a invoca\u00e7\u00e3o cantada no final de todas as Missas, pedindo a gra\u00e7a de novas voca\u00e7\u00f5es, todo este conjunto de provid\u00eancias deu o rico fruto de novos padres. Gra\u00e7as a Deus!<\/p>\n<p style=\"text-align: justify\">\u00c9 evidente que n\u00e3o basta que a diocese tenha n\u00famero suficiente de ministros sacros. J\u00e1 o Papa Pio XII, na enc\u00edclica \u201cMenti Nostrae\u201d de 1950, lembrava que o padre tem de ser \u201cap\u00f3stolo da luz\u201d, iluminando o mundo com a doutrina do Evangelho e vivendo estreitamente unido a Jesus Cristo, o que n\u00e3o conseguir\u00e1 se cair no que o citado Papa chama de \u201cheresia da a\u00e7\u00e3o\u201d, isto \u00e9, a falta de espiritualidade.<\/p>\n<p style=\"text-align: justify\">H\u00e1, sim, na voca\u00e7\u00e3o sacerdotal, nesta entrega de um jovem ao servi\u00e7o do pr\u00f3ximo por dedica\u00e7\u00e3o de amor, um toque divino, misterioso e real. Esta coragem s\u00f3 Deus pode investir no cora\u00e7\u00e3o de um jovem, a de deixar a pr\u00f3pria fam\u00edlia, a possibilidade de uma posi\u00e7\u00e3o econ\u00f4mica, o conv\u00edvio alegre da vida natural na sociedade, para assumir a nobre miss\u00e3o de dirigir o povo de Deus nos caminhos do Evangelho. A voca\u00e7\u00e3o sacerdotal, que \u00e9 gra\u00e7a divina, traz em si o selo do mist\u00e9rio.<\/p>\n<p style=\"text-align: justify\">O inesquec\u00edvel Papa Jo\u00e3o XXIII, no primeiro ano de seu pontificado, escrevendo sobre o sacerd\u00f3cio, lembra que \u201cos crist\u00e3os fervorosos esperam muito do padre. Querem ver nele (\u2026) um homem de f\u00e9, esquecido de si mesmo e cheio de caridade. Saibam estes crist\u00e3os que podem contribuir muito para que seus padres sejam fi\u00e9is a t\u00e3o grande ideal\u201d (1o.VIII. 59).<\/p>\n<p style=\"text-align: justify\">Na alegria destas novas ordena\u00e7\u00f5es, a lembran\u00e7a de Jo\u00e3o XXIII de apelar para os crist\u00e3os para acompanharem em ora\u00e7\u00e3o, amizade e zelo a vida dos sacerdotes, tem forte atualidade, sobretudo em rela\u00e7\u00e3o ao jovem sacerdote nos primeiros tempos de seu minist\u00e9rio.<\/p>\n<p style=\"text-align: justify\">Nossa Arquidiocese, na alegria das novas ordena\u00e7\u00f5es deste m\u00eas, rende gra\u00e7as aos c\u00e9us por enriquecer-se de novos ministros e convida seus fi\u00e9is a participarem deste momento de gra\u00e7a e de alegria.<\/p>\n<h4 style=\"text-align: right\">Dom Benedicto de Ulh\u00f4a Vieira<\/h4>\n","protected":false},"excerpt":{"rendered":"<p>A Igreja Arquidiocesana de Uberaba est\u00e1 vivendo uma alegria imensa pelo fato de se ordenarem quatro novos sacerdotes neste m\u00eas e outros cinco seminaristas receberem, tamb\u00e9m neste m\u00eas, o sacramento do diaconato.<\/p>\n","protected":false},"author":83,"featured_media":0,"comment_status":"open","ping_status":"open","sticky":false,"template":"","format":"standard","meta":{"site-sidebar-layout":"default","site-content-layout":"default","ast-global-header-display":"","ast-banner-title-visibility":"","ast-main-header-display":"","ast-hfb-above-header-display":"","ast-hfb-below-header-display":"","ast-hfb-mobile-header-display":"","site-post-title":"","ast-breadcrumbs-content":"","ast-featured-img":"","footer-sml-layout":"","theme-transparent-header-meta":"","adv-header-id-meta":"","stick-header-meta":"","header-above-stick-meta":"","header-main-stick-meta":"","header-below-stick-meta":""},"categories":[758],"tags":[],"acf":[],"_links":{"self":[{"href":"https:\/\/www.cnbb.org.br\/cnbb-app\/wp\/v2\/posts\/11682"}],"collection":[{"href":"https:\/\/www.cnbb.org.br\/cnbb-app\/wp\/v2\/posts"}],"about":[{"href":"https:\/\/www.cnbb.org.br\/cnbb-app\/wp\/v2\/types\/post"}],"author":[{"embeddable":true,"href":"https:\/\/www.cnbb.org.br\/cnbb-app\/wp\/v2\/users\/83"}],"replies":[{"embeddable":true,"href":"https:\/\/www.cnbb.org.br\/cnbb-app\/wp\/v2\/comments?post=11682"}],"version-history":[{"count":0,"href":"https:\/\/www.cnbb.org.br\/cnbb-app\/wp\/v2\/posts\/11682\/revisions"}],"wp:attachment":[{"href":"https:\/\/www.cnbb.org.br\/cnbb-app\/wp\/v2\/media?parent=11682"}],"wp:term":[{"taxonomy":"category","embeddable":true,"href":"https:\/\/www.cnbb.org.br\/cnbb-app\/wp\/v2\/categories?post=11682"},{"taxonomy":"post_tag","embeddable":true,"href":"https:\/\/www.cnbb.org.br\/cnbb-app\/wp\/v2\/tags?post=11682"}],"curies":[{"name":"wp","href":"https:\/\/api.w.org\/{rel}","templated":true}]}}