{"id":11707,"date":"2009-10-05T00:00:00","date_gmt":"2009-10-05T03:00:00","guid":{"rendered":"https:\/\/www.cnbb.org.br\/para-onde-vamos-quem-tem-palavras-de-vida-eterna\/"},"modified":"2009-10-05T00:00:00","modified_gmt":"2009-10-05T03:00:00","slug":"para-onde-vamos-quem-tem-palavras-de-vida-eterna","status":"publish","type":"post","link":"https:\/\/www.cnbb.org.br\/para-onde-vamos-quem-tem-palavras-de-vida-eterna\/","title":{"rendered":"Para onde vamos? Quem tem Palavras de Vida Eterna?"},"content":{"rendered":"<p style=\"text-align: justify\">O s\u00e9culo XXI come\u00e7a com crise na Igreja e no mundo. No mundo, crise da economia, com previs\u00f5es sombrias de esgotamento dos recursos naturais para uma popula\u00e7\u00e3o crescente e mais exigente no consumo de \u00e1gua, de energia, de alimentos.<\/p>\n<p>  <!--more-->  <\/p>\n<p style=\"text-align: justify\">A terra j\u00e1 n\u00e3o consegue oferecer a seis bilh\u00f5es de habitantes um padr\u00e3o de vida que todos querem, muito menos a novos bilh\u00f5es que v\u00e3o nascer ainda neste s\u00e9culo.\u00a0 Se n\u00e3o crescer a solidariedade, vai aumentar a mis\u00e9ria. Quem tem mais vai precisar contentar-se com menos para quem tem menos poder ter mais.<\/p>\n<p style=\"text-align: justify\">Na Igreja, crise de f\u00e9. No Brasil, debandada de cat\u00f3licos para outros grupos de crist\u00e3os. Em muitos outros pa\u00edses de tradi\u00e7\u00e3o crist\u00e3, debandada de crist\u00e3os. Muitos j\u00e1 falam do surgimento de uma civiliza\u00e7\u00e3o p\u00f3s-crist\u00e3.<\/p>\n<p style=\"text-align: justify\">No seu Evangelho, o Ap\u00f3stolo Jo\u00e3o se refere \u00e0 primeira grande debandada de disc\u00edpulos de Jesus. Muitos disc\u00edpulos voltaram atr\u00e1s e n\u00e3o andavam mais com ele. (Jo 6,66)<\/p>\n<p style=\"text-align: justify\">Foi depois que Jesus se apresentou como p\u00e3o da vida: \u201cEu sou o p\u00e3o vivo descido do c\u00e9u. Quem comer deste p\u00e3o viver\u00e1 eternamente. O p\u00e3o que eu darei \u00e9 a minha carne entregue para a vida do mundo.\u201d<\/p>\n<p style=\"text-align: justify\">A\u00ed come\u00e7ou o murm\u00fario entre os ouvintes: \u201cComo \u00e9 que este homem pode dar-nos sua carne para comer?<\/p>\n<p style=\"text-align: justify\">Diante dos questionamentos que surgiram, Jesus ainda insistiu:\u00a0 \u201cQuem come a minha carne e bebe o meu sangue permanece em mim, e eu nele.\u00a0\u00a0\u00a0 &#8230;\u00a0\u00a0\u00a0 Quem come este p\u00e3o viver\u00e1 para sempre.\u201d<\/p>\n<p style=\"text-align: justify\">Vendo que muitos iam embora, Jesus n\u00e3o chamou ningu\u00e9m de volta para explicar melhor. Pelo contr\u00e1rio, ainda chamou os doze ap\u00f3stolos e perguntou:\u00a0 \u201cN\u00e3o quereis tamb\u00e9m partir?\u201d.<\/p>\n<p style=\"text-align: justify\">Pedro respondeu perguntando: \u201cSenhor, a quem iremos? Tu tens palavras de vida eterna.\u201d<\/p>\n<p style=\"text-align: justify\">\u00c9 nisso que os crist\u00e3os acreditam: que Jesus tem palavras de vida eterna. \u00c8 por isso que queremos viver como disc\u00edpulos dele. No entanto, vivendo num mundo de contesta\u00e7\u00e3o, numa civiliza\u00e7\u00e3o que n\u00e3o admite que algu\u00e9m possa saber onde est\u00e1 a verdade, como \u00e9 que podemos ter certeza que Jesus \u00e9 o caminho, a verdade e a vida? Muitos dizem que nenhuma religi\u00e3o pode achar-se mais verdadeira que outras.<\/p>\n<p style=\"text-align: justify\">S\u00e3o Paulo nos diz que devemos examinar tudo e guardar o que for bom. Acontece que na confus\u00e3o de id\u00e9ias e na prolifera\u00e7\u00e3o de ideologias e teorias deste s\u00e9culo inundado de livros e de propaganda ningu\u00e9m pode conhecer tudo com profundidade.<\/p>\n<p style=\"text-align: justify\">Procuremos, ent\u00e3o, descobrir pelo menos se existem outros que t\u00eam palavras de vida eterna, outros que dizem conhecer a verdade.<\/p>\n<p style=\"text-align: justify\">Quais seriam? Os agn\u00f3sticos, que dizem que ningu\u00e9m pode saber onde est\u00e1 a verdade? \u00c9 verdade que ningu\u00e9m pode conhecer a verdade?<\/p>\n<p style=\"text-align: justify\">Ser\u00e1 que ateus teem palavras de vida eterna? Se Deus n\u00e3o existe, como dizem eles, pode existir vida eterna?<\/p>\n<p style=\"text-align: justify\">Ser\u00e1 que Maom\u00e9, com o isl\u00e3 que muitos querem impor na marra, tem palavras de vida eterna?<\/p>\n<p style=\"text-align: justify\">Ser\u00e1 que Buda e outros esot\u00e9ricos e te\u00f3ricos da reencarna\u00e7\u00e3o que chegam com for\u00e7a nos pa\u00edses de cristianismo enfraquecido, teem palavras de vida eterna?<\/p>\n<p style=\"text-align: justify\">E a Igreja, que apresenta o ensinamento de Jesus como Palavra de Deus, tem mesmo palavras de vida eterna? A divis\u00e3o cada vez maior dos crist\u00e3os dificulta o reconhecimento da verdadeira Igreja de Cristo, da verdade na Igreja.<\/p>\n<p style=\"text-align: justify\">Na Igreja que tem o Papa com a miss\u00e3o especial de manter a unidade na f\u00e9, novos Escribas e Doutores da Lei ficam duvidando da verdade hist\u00f3rica do Evangelho. Dizem que o Ap\u00f3stolo Jo\u00e3o teria misturado as palavras de Jesus com suas pr\u00f3prias id\u00e9ias.<\/p>\n<p style=\"text-align: justify\">N\u00e3o h\u00e1 d\u00favida que no evangelho de Jo\u00e3o temos reflex\u00f5es pr\u00f3prias do Evangelista. J\u00e1 no primeiro cap\u00edtulo ele faz a sua medita\u00e7\u00e3o pessoal sobre o mist\u00e9rio da pessoa divina de Jesus. Tempos atr\u00e1s dei uma tarefa aos alunos do Curso de Teologia para Leigos: Identificar no evangelho de Jo\u00e3o quais s\u00e3o as palavras pr\u00f3prias dele e quais s\u00e3o as palavras de Jesus.<\/p>\n<p style=\"text-align: justify\">Dificuldades existem. Onde n\u00e3o existem, algu\u00e9m inventa. Estudiosos perguntam como \u00e9 que Jo\u00e3o, escrevendo mais de meio s\u00e9culo depois dos acontecimentos podia lembrar com precis\u00e3o as palavras de Jesus.<\/p>\n<p style=\"text-align: justify\">N\u00e3o questiono a teoria dos exegetas que afirmam que o quarto evangelho foi escrito quase no fim do primeiro s\u00e9culo. No entanto, teoria por teoria, apresento a minha: Muito antes da reda\u00e7\u00e3o final do seu evangelho, Jo\u00e3o fazia anota\u00e7\u00f5es de palavras de Jesus que considerava importantes para serem relatadas com exatid\u00e3o.<\/p>\n<p style=\"text-align: justify\">Numa perspectiva de f\u00e9, lembro a promessa de Jesus sobre a vinda do Esp\u00edrito Santo\u00a0 \u201cque vos recordar\u00e1 tudo que vos disse\u201d\u00a0 (Jo 14,26).<\/p>\n<p style=\"text-align: justify\">O crist\u00e3o que tem um m\u00ednimo de f\u00e9, cr\u00ea na inspira\u00e7\u00e3o divina dos evangelhos que trazem a Palavra de Deus at\u00e9 n\u00f3s. Se cremos em Jesus, Filho de Deus que o Pai enviou ao mundo para anunciar e realizar a nossa Salva\u00e7\u00e3o, temos tamb\u00e9m a certeza que Deus tem o poder de fazer chegar a sua Palavra a todos que queiram dar-lhe acolhida. Oferece a todos a possibilidade de reconhecer a sua Presen\u00e7a pela media\u00e7\u00e3o da Igreja que fez o Evangelho chegar aos nossos tempos de tal maneira que possa ser reconhecida por todos que procuram a verdade.<\/p>\n<p style=\"text-align: justify\">Por outro lado, Deus confiou tanto na colabora\u00e7\u00e3o dos crist\u00e3os que deixou depender da boa vontade dos seus disc\u00edpulos e mission\u00e1rios a chegada da sua Palavra ao mundo inteiro. De voc\u00ea, por exemplo, que na tranquilidade da sua casa est\u00e1 recebendo a mensagem de algu\u00e9m que n\u00e3o \u00e9 dono da verdade, mas seu servidor, pela gra\u00e7a de Deus.<\/p>\n<h4 style=\"text-align: right\">Dom Cristiano Jakob Krapf<\/h4>\n","protected":false},"excerpt":{"rendered":"<p>O s\u00e9culo XXI come\u00e7a com crise na Igreja e no mundo. No mundo, crise da economia, com previs\u00f5es sombrias de esgotamento dos recursos naturais para uma popula\u00e7\u00e3o crescente e mais exigente no consumo de \u00e1gua, de energia, de alimentos.<\/p>\n","protected":false},"author":83,"featured_media":0,"comment_status":"open","ping_status":"open","sticky":false,"template":"","format":"standard","meta":{"site-sidebar-layout":"default","site-content-layout":"default","ast-global-header-display":"","ast-banner-title-visibility":"","ast-main-header-display":"","ast-hfb-above-header-display":"","ast-hfb-below-header-display":"","ast-hfb-mobile-header-display":"","site-post-title":"","ast-breadcrumbs-content":"","ast-featured-img":"","footer-sml-layout":"","theme-transparent-header-meta":"","adv-header-id-meta":"","stick-header-meta":"","header-above-stick-meta":"","header-main-stick-meta":"","header-below-stick-meta":""},"categories":[758],"tags":[],"acf":[],"_links":{"self":[{"href":"https:\/\/www.cnbb.org.br\/cnbb-app\/wp\/v2\/posts\/11707"}],"collection":[{"href":"https:\/\/www.cnbb.org.br\/cnbb-app\/wp\/v2\/posts"}],"about":[{"href":"https:\/\/www.cnbb.org.br\/cnbb-app\/wp\/v2\/types\/post"}],"author":[{"embeddable":true,"href":"https:\/\/www.cnbb.org.br\/cnbb-app\/wp\/v2\/users\/83"}],"replies":[{"embeddable":true,"href":"https:\/\/www.cnbb.org.br\/cnbb-app\/wp\/v2\/comments?post=11707"}],"version-history":[{"count":0,"href":"https:\/\/www.cnbb.org.br\/cnbb-app\/wp\/v2\/posts\/11707\/revisions"}],"wp:attachment":[{"href":"https:\/\/www.cnbb.org.br\/cnbb-app\/wp\/v2\/media?parent=11707"}],"wp:term":[{"taxonomy":"category","embeddable":true,"href":"https:\/\/www.cnbb.org.br\/cnbb-app\/wp\/v2\/categories?post=11707"},{"taxonomy":"post_tag","embeddable":true,"href":"https:\/\/www.cnbb.org.br\/cnbb-app\/wp\/v2\/tags?post=11707"}],"curies":[{"name":"wp","href":"https:\/\/api.w.org\/{rel}","templated":true}]}}