{"id":11711,"date":"2009-12-14T00:00:00","date_gmt":"2009-12-14T02:00:00","guid":{"rendered":"https:\/\/www.cnbb.org.br\/a-charada-do-seculo-poluir-menos-para-produzir-mais\/"},"modified":"2009-12-14T00:00:00","modified_gmt":"2009-12-14T02:00:00","slug":"a-charada-do-seculo-poluir-menos-para-produzir-mais","status":"publish","type":"post","link":"https:\/\/www.cnbb.org.br\/a-charada-do-seculo-poluir-menos-para-produzir-mais\/","title":{"rendered":"A charada do s\u00e9culo: poluir menos para produzir mais"},"content":{"rendered":"<p style=\"text-align: justify\">Como combater a emiss\u00e3o de gases poluentes no ar sem comprometer o crescimento?\u00a0 Como atender a crescente demanda por \u00e1gua, energia e alimentos, sem acelerar ainda mais o esgotamento dos recursos naturais e aumentar o efeito estufa que faz subir o aquecimento global e as \u00e1guas do mar?<\/p>\n<p>  <!--more-->  <\/p>\n<p style=\"text-align: justify\">O mundo est\u00e1 de olho na Confer\u00eancia de Copenhague, onde os l\u00edderes das na\u00e7\u00f5es est\u00e3o tentando encontrar solu\u00e7\u00f5es para enfrentar o problema do aquecimento global com suas consequ\u00eancias desastrosas. Nosso s\u00e9culo vai enfrentar escassez crescente de recursos naturais. Os mais atingidos ser\u00e3o os mais pobres do semi\u00e1rido amea\u00e7ado por desertifica\u00e7\u00e3o. Diante da necessidade de medidas abrangentes, muitos fazem apenas apelos gen\u00e9ricos . Outros recomendam remendos, apontam a\u00e7\u00f5es pontuais. Nenhum governo quer comprometer-se com promessas que possam prejudicar o desenvolvimento do pa\u00eds.<\/p>\n<p style=\"text-align: justify\">O Brasil quer aproveitar a descoberta do pr\u00e9-sal para dobrar a produ\u00e7\u00e3o de petr\u00f3leo. Ora, dobrar a produ\u00e7\u00e3o de petr\u00f3leo significa dobrar a emiss\u00e3o de di\u00f3xido de carbono com a queima dos seus derivados. A corrida pelo pr\u00e9-sal est\u00e1 apenas come\u00e7ando.<\/p>\n<p style=\"text-align: justify\">N\u00e3o \u00e9 s\u00f3 o Brasil que tem. O aumento da produ\u00e7\u00e3o mundial, ou a redu\u00e7\u00e3o do seu consumo em novas crises mundiais, pode reduzir o pre\u00e7o do petr\u00f3leo e dificultar a substitui\u00e7\u00e3o progressiva por biocombust\u00edveis, onde o Brasil tem posi\u00e7\u00e3o privilegiada pela natureza. Por outro lado, essa substitui\u00e7\u00e3o faz crescer a competi\u00e7\u00e3o por \u00e1gua e terra. Mais um dilema: Produzir alimentos ou gerar energia?<\/p>\n<p style=\"text-align: justify\">Os biocombust\u00edveis tamb\u00e9m produzem di\u00f3xido de carbono na sua queima, mas antes o sequestram para fazer as plantas crescer. Um biocombust\u00edvel especial \u00e9 o carv\u00e3o. Quando o carv\u00e3o vem do desmatamento, n\u00e3o s\u00f3 contribui para o aquecimento global, mas produz os estragos da degrada\u00e7\u00e3o ambiental. O pior dos estragos \u00e9 a queima de florestas que nem aproveita o valor da madeira.<\/p>\n<p style=\"text-align: justify\">O petr\u00f3leo e o carv\u00e3o mineral retiraram do ar o seu carbono em tempos pr\u00e9-hist\u00f3ricos e liberaram oxig\u00eanio para o reino animal. Seu uso atual \u00e9 um grande fator de polui\u00e7\u00e3o. Melhor seria preserv\u00e1-los para usar na petroqu\u00edmica.<\/p>\n<p style=\"text-align: justify\">No Brasil temos os dois extremos. Com a queima de florestas somos o pior emissor de gases poluentes. Aprendendo a preservar a floresta amaz\u00f4nica podemos ser o maior sequestrador de CO2. Est\u00e1 na hora de passar a dar uma contribui\u00e7\u00e3o ainda maior para diminuir o efeito estufa e retirar da atmosfera quantidades enormes de gases nocivos: Plantar florestas em \u00e1reas degradadas e regi\u00f5es de clima seco. Combinar duas coisas que pareciam incompat\u00edveis: Diminuir a polui\u00e7\u00e3o e aumentar a produ\u00e7\u00e3o.<\/p>\n<p style=\"text-align: justify\">Se isso \u00e9 vi\u00e1vel, qual \u00e9 a raz\u00e3o que nos impede de fazer? O problema \u00e9 que faltava um m\u00e9todo de irriga\u00e7\u00e3o para plantar florestas sem precisar de milh\u00f5es de litros de \u00e1gua por m\u00eas para irrigar um s\u00f3 hectare. J\u00e1 n\u00e3o falta mais: Desenvolvi uma ferramenta para facilitar o plantio de florestas no semi-\u00e1rido e tornar poss\u00edvel a recupera\u00e7\u00e3o de \u00e1reas de deserto.<\/p>\n<p style=\"text-align: justify\">Com irriga\u00e7\u00f5es emergenciais, gastando apenas meio milh\u00e3o de litros de \u00e1gua por ano, cuidamos de uma planta\u00e7\u00e3o de 4000 mudas de Neem, enfrentando dois anos muito secos. \u00c9 coisa simples: colocar \u00e1gua de chuva e de irriga\u00e7\u00e3o no lugar adequado para plantas de ra\u00edzes profundas.<\/p>\n<p style=\"text-align: justify\">Para come\u00e7ar, proponho plantar cem milh\u00f5es de hectares de florestas no sert\u00e3o e no cerrado, para substituir os desmatamentos e evitar a desertifica\u00e7\u00e3o, criar milh\u00f5es de empregos e apoiar a agricultura familiar, fornecer o carv\u00e3o para padarias, olarias, usinas termoel\u00e9tricas e sider\u00fargicas. Mais tarde, tais florestas poder\u00e3o abastecer o mundo de papel e de madeira, preservando as matas nativas e reservando as regi\u00f5es de clima melhor para produzir alimentos.<\/p>\n<p style=\"text-align: justify\">Para quem achar que isso \u00e9 fantasia de um sonho ut\u00f3pico, posso informar que j\u00e1 tenho um pequeno campo de demonstra\u00e7\u00e3o em Manoel Vitorino, com 15 hectares de \u00e1rvore Neem de dois anos em pleno vigor, numa regi\u00e3o onde pouco se planta e menos se colhe. Desde 2007 n\u00e3o corre \u00e1gua nem na temporada de chuva. Faz anos que nada se produz na redondeza. Nos meses de seca, o gado precisa fugir para lugares melhores.<\/p>\n<p style=\"text-align: justify\">\u00c9 hora de divulgar o projeto, que \u00e9 importante demais para depender apenas dos meus recursos limitados. Mais informa\u00e7\u00f5es no meu Blog: www.domcristiano.com.br, com link para um filminho no youtube para quem quer ver para crer.<\/p>\n<p style=\"text-align: justify\">Para um futuro mais distante, nenhuma solu\u00e7\u00e3o t\u00e9cnica poder\u00e1 dispensar a necessidade de mudan\u00e7as radicais na mentalidade e nas atitudes das pessoas. Diante dos limites dos recursos naturais, os que t\u00eam menos s\u00f3 poder\u00e3o ter mais, se os que t\u00eam mais se contentarem com menos. A necessidade de um padr\u00e3o de vida modesto para todos, ainda neste s\u00e9culo, \u00e9 quest\u00e3o de simples matem\u00e1tica. A n\u00e3o ser que o fim do mundo chegue antes. Um exemplo: A terra n\u00e3o vai suportar dois carros por fam\u00edlia e viagens intercontinentais de bilh\u00f5es de pessoas por ano.<\/p>\n<p style=\"text-align: justify\">Se continuar a mentalidade ego\u00edsta que diz, Farinha pouca, meu pir\u00e3o primeiro, os mais fortes v\u00e3o recorrer a novas guerras para defender seus privil\u00e9gios.<\/p>\n<p style=\"text-align: justify\">N\u00e3o podemos continuar a gastar por conta das gera\u00e7\u00f5es futuras. Precisamos preservar uma terra habit\u00e1vel para nossos netos e bisnetos.<\/p>\n<h4 style=\"text-align: right\">Dom Cristiano Jakob Krapf<\/h4>\n","protected":false},"excerpt":{"rendered":"<p>Como combater a emiss\u00e3o de gases poluentes no ar sem comprometer o crescimento?\u00a0 Como atender a crescente demanda por \u00e1gua, energia e alimentos, sem acelerar ainda mais o esgotamento dos recursos naturais e aumentar o efeito estufa que faz subir o aquecimento global e as \u00e1guas do mar?<\/p>\n","protected":false},"author":83,"featured_media":0,"comment_status":"open","ping_status":"open","sticky":false,"template":"","format":"standard","meta":{"site-sidebar-layout":"default","site-content-layout":"default","ast-global-header-display":"","ast-banner-title-visibility":"","ast-main-header-display":"","ast-hfb-above-header-display":"","ast-hfb-below-header-display":"","ast-hfb-mobile-header-display":"","site-post-title":"","ast-breadcrumbs-content":"","ast-featured-img":"","footer-sml-layout":"","theme-transparent-header-meta":"","adv-header-id-meta":"","stick-header-meta":"","header-above-stick-meta":"","header-main-stick-meta":"","header-below-stick-meta":""},"categories":[758],"tags":[],"acf":[],"_links":{"self":[{"href":"https:\/\/www.cnbb.org.br\/cnbb-app\/wp\/v2\/posts\/11711"}],"collection":[{"href":"https:\/\/www.cnbb.org.br\/cnbb-app\/wp\/v2\/posts"}],"about":[{"href":"https:\/\/www.cnbb.org.br\/cnbb-app\/wp\/v2\/types\/post"}],"author":[{"embeddable":true,"href":"https:\/\/www.cnbb.org.br\/cnbb-app\/wp\/v2\/users\/83"}],"replies":[{"embeddable":true,"href":"https:\/\/www.cnbb.org.br\/cnbb-app\/wp\/v2\/comments?post=11711"}],"version-history":[{"count":0,"href":"https:\/\/www.cnbb.org.br\/cnbb-app\/wp\/v2\/posts\/11711\/revisions"}],"wp:attachment":[{"href":"https:\/\/www.cnbb.org.br\/cnbb-app\/wp\/v2\/media?parent=11711"}],"wp:term":[{"taxonomy":"category","embeddable":true,"href":"https:\/\/www.cnbb.org.br\/cnbb-app\/wp\/v2\/categories?post=11711"},{"taxonomy":"post_tag","embeddable":true,"href":"https:\/\/www.cnbb.org.br\/cnbb-app\/wp\/v2\/tags?post=11711"}],"curies":[{"name":"wp","href":"https:\/\/api.w.org\/{rel}","templated":true}]}}