{"id":11714,"date":"2010-04-05T00:00:00","date_gmt":"2010-04-05T03:00:00","guid":{"rendered":"https:\/\/www.cnbb.org.br\/coragem-alegremo-nos-todos-no-senhor\/"},"modified":"2010-04-05T00:00:00","modified_gmt":"2010-04-05T03:00:00","slug":"coragem-alegremo-nos-todos-no-senhor","status":"publish","type":"post","link":"https:\/\/www.cnbb.org.br\/coragem-alegremo-nos-todos-no-senhor\/","title":{"rendered":"Coragem, alegremo-nos todos no Senhor!"},"content":{"rendered":"<p style=\"text-align: justify\">Durante a Semana Santa tivemos, nas comunidades espalhadas pela Arquidiocese, uma intensa participa\u00e7\u00e3o do povo em algumas. Na quinta-feira santa, a Missa do Crisma, na Catedral da S\u00e9, foi um momento marcante no Ano Sacerdotal, com a presen\u00e7a da maioria do clero. Tamb\u00e9m na sexta-feira santa o povo participou bem; menor, em geral, foi a participa\u00e7\u00e3o na vig\u00edlia pascal, que ainda n\u00e3o \u00e9 valorizada suficientemente.<\/p>\n<p>  <!--more-->  <\/p>\n<p style=\"text-align: justify\">Temos muito a fazer pois, no contexto s\u00f3cio-cultural atual, a Semana Santa, especialmente o tr\u00edduo pascal, \u00e9 vista como tempo de f\u00e9rias e de fuga da cidade para buscar ref\u00fagio no interior ou no litoral. Isso \u00e9 compreens\u00edvel para quem n\u00e3o tem nossa f\u00e9, mas n\u00e3o deveriam os crist\u00e3os cat\u00f3licos ser levados pela mesma mentalidade; nossas comunidades tamb\u00e9m se esvaziam, justamente no momento mais importante das celebra\u00e7\u00f5es lit\u00fargicas da Igreja, isto \u00e9, o sagrado tr\u00edduo pascal; perde-se, acima de tudo, uma grande ocasi\u00e3o para uma renova\u00e7\u00e3o espiritual, para uma catequese mais profunda e para deixar-se contagiar pelas \u201cmaravilhas de Deus\u201d, que a Igreja anuncia e celebra nesses dias.<\/p>\n<p style=\"text-align: justify\">Durante toda a Quaresma seguimos o apelo \u00e0 convers\u00e3o: \u201cconvertei-vos e crede no Evangelho\u201d. Todo o itiner\u00e1rio quaresmal levava ao reconhecimento dos nossos pecados, que s\u00e3o fatos da consci\u00eancia pessoal, mas tamb\u00e9m t\u00eam repercuss\u00e3o no conv\u00edvio social. Nesta Quaresma, para nossa dor, esc\u00e2ndalo de muitos e motivo de grande humildade para todos, pecados acabaram sendo mostrados ao grande p\u00fablico, tamb\u00e9m pecados de membros do clero pelo mundo afora. Pecados de corrup\u00e7\u00e3o, desonestidade, viol\u00eancia, adult\u00e9rio, estupros, injusti\u00e7as, explora\u00e7\u00e3o desonesta do pr\u00f3ximo e desrespeito, at\u00e9 cruel, pela vida de pessoas j\u00e1 s\u00e3o mostrados todos os dias e j\u00e1 nem mexem mais com as consci\u00eancias. Mas os pecados do clero chocaram, e com raz\u00e3o! Deles se espera vida digna, e santa! E s\u00e3o logo generalizados, fazendo sofrer a maioria absoluta do clero que nada tem a ver com os horr\u00edveis esc\u00e2ndalos mostrados e comentados \u00e0 saciedade.<\/p>\n<p style=\"text-align: justify\">Pensando em tudo isso, ap\u00f3s a P\u00e1scoa, muitos cat\u00f3licos talvez estejam com o cora\u00e7\u00e3o pesaroso e desanimado, at\u00e9 envergonhados. Penso nos ap\u00f3stolos e disc\u00edpulos de Jesus, ap\u00f3s a sua condena\u00e7\u00e3o \u00e0 morte na cruz. Pedro foi embora de Jerusal\u00e9m, voltou \u00e0 Galil\u00e9ia para retomar a vida de antes: \u201cvou pescar. Outros disseram: vamos tamb\u00e9m n\u00f3s contigo\u201d (cf Jo 21,3). Dois outros tamb\u00e9m iam embora de Jerusal\u00e9m e voltavam para Ema\u00fas, sua aldeia de origem, frustrados e desanimados: Tudo acabou! Parecia t\u00e3o bonito, n\u00f3s at\u00e9 esper\u00e1vamos que ele libertaria Israel, mas agora j\u00e1 se passaram tr\u00eas dias desde que mataram Jesus&#8230; Fomos enganados; as autoridades condenaram Jesus \u00e0 morte e deviam ter raz\u00e3o&#8230; (cf Lc 23,20-21). Aqueles disc\u00edpulos revelam o tamanho da frustra\u00e7\u00e3o e do des\u00e2nimo que tomou conta de quase todos os outros tamb\u00e9m. Poucos, como a M\u00e3e de Jesus, mantiveram a confian\u00e7a: \u201ceu sei que o meu Redentor vive\u201d!<\/p>\n<p style=\"text-align: justify\">Mas o reencontro com Cristo ressuscitado reaqueceu seus cora\u00e7\u00f5es e suas esperan\u00e7as: j\u00e1 n\u00e3o eram os sonhos de antes e compreenderam melhor quem era aquele homem que tinham seguido antes da P\u00e1scoa: \u201cDeus estava com ele!\u201d. As apari\u00e7\u00f5es, ou encontros pascais com Jesus ressuscitado s\u00e3o testemunhos fortes de uma experi\u00eancia origin\u00e1ria: \u201cvimos o Senhor!\u201d (Jo 20,25). Viram de forma nova e compreenderam melhor! Suas frustra\u00e7\u00f5es ainda eram devidas a compreens\u00f5es e expectativas inadequadas em rela\u00e7\u00e3o ao reino de Deus que Jesus anunciara&#8230; Quando o homem quer impor seus planos aos de Deus, seguindo caminhos pr\u00f3prios e desprezando os de Deus, a fragilidade do homem aparece e, ent\u00e3o, v\u00eam o pecado, a frustra\u00e7\u00e3o e o des\u00e2nimo.<\/p>\n<p style=\"text-align: justify\">Na P\u00e1scoa, Igreja proclama exultante: \u201cEste \u00e9 o Dia que o Senhor fez para n\u00f3s: Alegremo-nos e nele exultemos!\u201d Talvez, pela cabe\u00e7a do leitor passe agora este pensamento: temos n\u00f3s motivos para nos alegrar quando, nas palavras do salmista, \u201csomos apertados de todos os lados\u201d? Eu respondo: sim, temos muitos e grandes motivos, que nos v\u00eam de algo muito maior que n\u00f3s mesmos, e que o pr\u00f3prio Deus preparou para n\u00f3s! A P\u00e1scoa \u00e9 a proclama\u00e7\u00e3o do poder de Deus, da vit\u00f3ria da vida sobre a morte, da miseric\u00f3rdia e do perd\u00e3o sobre o \u00f3dio e o pecado! Alegremo-nos!<\/p>\n<p style=\"text-align: justify\">O des\u00e2nimo n\u00e3o deve tomar conta de ningu\u00e9m! A convers\u00e3o e a supera\u00e7\u00e3o dos pecados, a busca da vida santa devem receber novo impulso daquilo que o Senhor fez para n\u00f3s! \u201cSe ressuscitastes com Cristo, buscai as coisas do alto!\u201d (cf Cl 3,1). N\u00f3s n\u00e3o anunciamos a n\u00f3s mesmos e sabemos bem que somos vasos de barro; mas em nossas m\u00e3os foi colocado um tesouro, que n\u00e3o pode ficar escondido, nem ser desprezado porque os vasos s\u00e3o feios&#8230; \u201cA alegria do Senhor \u00e9 a nossa for\u00e7a!\u201d Coragem! Alegremo-nos todos no Senhor!<\/p>\n<h4 style=\"text-align: right\">Card. Odilo Pedro Scherer<\/h4>\n<p style=\"text-align: justify\">Arcebispo de S\u00e3o Paulo<br \/>05.04.2010<\/p>\n","protected":false},"excerpt":{"rendered":"<p>Durante a Semana Santa tivemos, nas comunidades espalhadas pela Arquidiocese, uma intensa participa\u00e7\u00e3o do povo em algumas. Na quinta-feira santa, a Missa do Crisma, na Catedral da S\u00e9, foi um momento marcante no Ano Sacerdotal, com a presen\u00e7a da maioria do clero. Tamb\u00e9m na sexta-feira santa o povo participou bem; menor, em geral, foi a &hellip;<\/p>\n<p class=\"read-more\"> <a class=\"\" href=\"https:\/\/www.cnbb.org.br\/coragem-alegremo-nos-todos-no-senhor\/\"> <span class=\"screen-reader-text\">Coragem, alegremo-nos todos no Senhor!<\/span> Leia mais &raquo;<\/a><\/p>\n","protected":false},"author":83,"featured_media":0,"comment_status":"open","ping_status":"open","sticky":false,"template":"","format":"standard","meta":{"site-sidebar-layout":"default","site-content-layout":"default","ast-global-header-display":"","ast-banner-title-visibility":"","ast-main-header-display":"","ast-hfb-above-header-display":"","ast-hfb-below-header-display":"","ast-hfb-mobile-header-display":"","site-post-title":"","ast-breadcrumbs-content":"","ast-featured-img":"","footer-sml-layout":"","theme-transparent-header-meta":"","adv-header-id-meta":"","stick-header-meta":"","header-above-stick-meta":"","header-main-stick-meta":"","header-below-stick-meta":""},"categories":[758],"tags":[],"acf":[],"_links":{"self":[{"href":"https:\/\/www.cnbb.org.br\/cnbb-app\/wp\/v2\/posts\/11714"}],"collection":[{"href":"https:\/\/www.cnbb.org.br\/cnbb-app\/wp\/v2\/posts"}],"about":[{"href":"https:\/\/www.cnbb.org.br\/cnbb-app\/wp\/v2\/types\/post"}],"author":[{"embeddable":true,"href":"https:\/\/www.cnbb.org.br\/cnbb-app\/wp\/v2\/users\/83"}],"replies":[{"embeddable":true,"href":"https:\/\/www.cnbb.org.br\/cnbb-app\/wp\/v2\/comments?post=11714"}],"version-history":[{"count":0,"href":"https:\/\/www.cnbb.org.br\/cnbb-app\/wp\/v2\/posts\/11714\/revisions"}],"wp:attachment":[{"href":"https:\/\/www.cnbb.org.br\/cnbb-app\/wp\/v2\/media?parent=11714"}],"wp:term":[{"taxonomy":"category","embeddable":true,"href":"https:\/\/www.cnbb.org.br\/cnbb-app\/wp\/v2\/categories?post=11714"},{"taxonomy":"post_tag","embeddable":true,"href":"https:\/\/www.cnbb.org.br\/cnbb-app\/wp\/v2\/tags?post=11714"}],"curies":[{"name":"wp","href":"https:\/\/api.w.org\/{rel}","templated":true}]}}