{"id":11750,"date":"2010-05-08T00:00:00","date_gmt":"2010-05-08T03:00:00","guid":{"rendered":"https:\/\/www.cnbb.org.br\/o-sentido-missionario-da-igreja-esta-nas-cebs-defende-dom-edson-damian\/"},"modified":"2010-05-08T00:00:00","modified_gmt":"2010-05-08T03:00:00","slug":"o-sentido-missionario-da-igreja-esta-nas-cebs-defende-dom-edson-damian","status":"publish","type":"post","link":"https:\/\/www.cnbb.org.br\/o-sentido-missionario-da-igreja-esta-nas-cebs-defende-dom-edson-damian\/","title":{"rendered":"O sentido mission\u00e1rio da Igreja est\u00e1 nas CEBs, defende dom Edson Damian"},"content":{"rendered":"<p style=\"text-align: justify\">Na quinta-feira, 6, os bispos reunidos na 48\u00aa Assembleia Geral da CNBB, que acontece em Bras\u00edlia (DF), discutiram as Comunidades Eclesiais de Base (CEBs)\u00a0 &#8211; tema priorit\u00e1rio do evento. O tema foi escolhido a pedido 56 bispos que participaram do 12\u00ba Intereclesial das Comunidades de Base, que ocorreu em Porto Velho (RO), em julho de 2009.<\/p>\n<p><!--more--><\/p>\n<p style=\"text-align: justify\">O bispo de S\u00e3o Gabriel da Cachoeira (AM), dom Edson Tasquetto Damian, destacou que as CEBs garantem a unidade na Igreja entre f\u00e9 e vida, ora\u00e7\u00e3o e compromisso pol\u00edtico. \u201cA dimens\u00e3o s\u00f3cio-transformadora \u00e9 parte essencial do Evangelho. Quando evangelizamos esquecendo a luta pela justi\u00e7a, a defesa da vida, a defesa dos direitos humanos, n\u00f3s estamos de certa forma mutilando o Evangelho. \u00c9 por isso que as CEBs conseguem na nossa Igreja ajudar na evangeliza\u00e7\u00e3o, que ajuda na liberta\u00e7\u00e3o integral de todos os homens\u201d, disse o bispo.<\/p>\n<p style=\"text-align: justify\">Para dom Edson, s\u00f3 existe miss\u00e3o quando se constroem comunidades. Ele explica que o sentido mission\u00e1rio \u00e9 um dos grandes objetivos da Igreja. \u201cN\u00e3o existe miss\u00e3o sem construir e envolver comunidades. \u00c9 na comunidade que est\u00e3o presentes os pais, os filhos e as pessoas que exercem os minist\u00e9rios. Toda verdadeira miss\u00e3o deve nascer na comunidade, fortalecer e vivificar nossas comunidades. Eis a\u00ed o sentido mission\u00e1rio da Igreja\u201d.<\/p>\n<p style=\"text-align: justify\">Durante as coloca\u00e7\u00f5es dos bispos sobre a tem\u00e1tica, o arcebispo de Porto Velho (RO), dom Moacyr Grechi, destacou a import\u00e2ncia \u201cindispens\u00e1vel\u201d das CEBs para a Igreja. Ele se emocionou ao afirmar que o 12\u00ba Intereclesial foi o encontro mais bonito de seus 40 anos de episcopado. \u201cSem d\u00favida, o 12\u00ba Intereclesial das CEBs, em Porto Velho, foi o momento mais marcante de toda a minha vida episcopal\u201d. Dom Moacyr ainda lembrou as dificuldades em realizar o evento por falta de recursos financeiros e ressaltou o valor do encontro. \u201cForam muitas as dificuldades para realizar o Intereclesial, no entanto, foi a maior b\u00ean\u00e7\u00e3o da minha vida\u201d, garantiu.<\/p>\n<p>&#8220;Na minha diocese essa op\u00e7\u00e3o pelas CEBs foi feita e \u00e9 irrenunci\u00e1vel, pois tem dado frutos extraordin\u00e1rios, n\u00e3o apenas em manter viva a f\u00e9 e a esperan\u00e7a do povo, mas onde existem as CEBs os evang\u00e9licos n\u00e3o entram e os cat\u00f3licos n\u00e3o saem da nossa Igreja\u201d. O bispo de S\u00e3o Gabriel da Cachoeira tamb\u00e9m lembrou que outros bispos comentaram que \u2018todas as lideran\u00e7as que saem para o movimento popular, para os sindicatos e para os partidos pol\u00edticos mais comprometidos, s\u00e3o pessoas que passaram pelas CEBs\u2019. \u201cPara mim, as comunidades de base s\u00e3o escolas que formam crist\u00e3os comprometidos com a sociedade, os direitos humanos\u201d, defendeu dom Edson Damian.<\/p>\n<p style=\"text-align: justify\">Questionado sobre os frutos das Comunidades Eclesiais de Base, o bispo enumerou alguns pontos, que fazem das CEBs indispens\u00e1veis ao trabalho junto \u00e0s bases. \u201cAs CEBs t\u00eam sido a sementeira de muitas voca\u00e7\u00f5es para os minist\u00e9rios, n\u00e3o apenas para o presbiteral, vida religiosa, mas tamb\u00e9m para os outros minist\u00e9rios exercidos pelos leigos e leigas hoje. Acredito que por esses motivos n\u00f3s temos raz\u00f5es de sobra para agradecer o fato de as CEBs terem entrado nessa Assembleia e incentivado os bispos que t\u00eam o p\u00e9 atr\u00e1s, a se engajarem nesse caminho\u201d.<\/p>\n<p style=\"text-align: justify\">Outro ponto importante destacado pelo bispo \u00e9 a import\u00e2ncia das CEBs em formar rede de comunidades. Ele comenta que esse pedido vem do pr\u00f3prio Documento de Aparecida (DAp). Para ele, o ponto \u2018cria\u00e7\u00e3o de comunidades\u2019 \u00e9 desprezado por outras pastorais e movimentos, que est\u00e3o nascendo agora na Igreja. \u201cAlguns movimentos acentuam apenas a dimens\u00e3o espiritualista, a vida sacramental que \u00e9 importante, mas, sem o engajamento numa comunidade e sem o compromisso com alguma pastoral, como as CEBs se preocuparam. A f\u00e9 se torna muito individualista, particularizada e subjetivista sem a presen\u00e7a da comunidade. O DAp, por exemplo, orienta esse modelo de movimento ou pastoral engajado nas comunidades\u201d.<\/p>\n<h4 style=\"text-align: justify\">Particularidades das CEBs<\/h4>\n<p style=\"text-align: justify\"><img decoding=\"async\" loading=\"lazy\" class=\" alignleft size-full wp-image-4096\" style=\"float: left\" src=\"https:\/\/www.cnbb.org.br\/wp-content\/uploads\/2020\/03\/48ag06cebsdomedson-rotated.jpg\" alt=\"48ag06cebsdomedson\" width=\"199\" height=\"300\" \/>O bispo de S\u00e3o Gabriel da Cachoeira tamb\u00e9m pontuou alguns diferenciais e particularidades que fazem das CEBs \u201cindispens\u00e1veis \u00e0 Igreja\u201d. \u201cPrimeiro elas s\u00e3o samaritanas: fazem o papel do bom samaritano que se inclina sobre os feridos, os exclu\u00eddos, aqueles que sofrem. Ela \u00e9 samaritana como Jesus que \u00e9 o bom samaritano. Em segundo lugar, as CEBs s\u00e3o prof\u00e9ticas porque elas se colocam em defesa e promo\u00e7\u00e3o da vida, da justi\u00e7a, e na dimens\u00e3o prof\u00e9tica da Igreja. Em terceiro lugar, as CEBs t\u00eam a dimens\u00e3o da fam\u00edlia, \u00e9 o rosto familiar da nossa Igreja\u201d. De acordo com dom Edson, \u201c\u00e9 nas comunidades de base que as pessoas se conhecem pelo nome e at\u00e9 pelo apelido\u201d. A dimens\u00e3o orante \u00e9 outro ponto importante nas comunidades, segundo o bispo. \u201cNas CEBs celebramos os sacramentos, as liturgias da Palavra, quando \u00e9 imposs\u00edvel a celebra\u00e7\u00e3o da eucaristia\u201d. Por fim, diz dom Edson, \u201celas t\u00eam a dimens\u00e3o mission\u00e1ria, t\u00e3o importante. As CEBs formam os disc\u00edpulos mission\u00e1rios, que s\u00e3o o novo jeito de ser crist\u00e3o na nossa Igreja no Brasil e na Am\u00e9rica Latina\u201d.<\/p>\n<p style=\"text-align: justify\">A CNBB vai publicar no fim da Assembleia um texto de sete ou oito p\u00e1ginas, sobre o tema priorit\u00e1rio, Comunidades Eclesiais de Base (CEBs), cujo objetivo \u00e9 chegar \u00e0s pr\u00f3prias comunidades de base.<\/p>\n<h4 style=\"text-align: justify\"><a href=\"http:\/\/www.flickr.com\/photos\/cnbbnacional\/collections\/72157623813423955\/\" target=\"_blank\" rel=\"noopener\">Veja fotos do evento no <span style=\"font-size: 18pt\"><strong><span style=\"color: #ff0000\">F<\/span><span style=\"color: #000080\">lickr<\/span><\/strong><\/span>.<\/a><\/h4>\n<p style=\"text-align: justify\"><em><strong>Fotos: Pe. Altevir, CSSp<\/strong><\/em><\/p>\n","protected":false},"excerpt":{"rendered":"<p>Na quinta-feira, 6, os bispos reunidos na 48\u00aa Assembleia Geral da CNBB, que acontece em Bras\u00edlia (DF), discutiram as Comunidades Eclesiais de Base (CEBs)\u00a0 &#8211; tema priorit\u00e1rio do evento. O tema foi escolhido a pedido 56 bispos que participaram do 12\u00ba Intereclesial das Comunidades de Base, que ocorreu em Porto Velho (RO), em julho de &hellip;<\/p>\n<p class=\"read-more\"> <a class=\"\" href=\"https:\/\/www.cnbb.org.br\/o-sentido-missionario-da-igreja-esta-nas-cebs-defende-dom-edson-damian\/\"> <span class=\"screen-reader-text\">O sentido mission\u00e1rio da Igreja est\u00e1 nas CEBs, defende dom Edson Damian<\/span> Leia mais &raquo;<\/a><\/p>\n","protected":false},"author":83,"featured_media":11751,"comment_status":"open","ping_status":"open","sticky":false,"template":"","format":"standard","meta":{"site-sidebar-layout":"default","site-content-layout":"default","ast-global-header-display":"","ast-banner-title-visibility":"","ast-main-header-display":"","ast-hfb-above-header-display":"","ast-hfb-below-header-display":"","ast-hfb-mobile-header-display":"","site-post-title":"","ast-breadcrumbs-content":"","ast-featured-img":"","footer-sml-layout":"","theme-transparent-header-meta":"","adv-header-id-meta":"","stick-header-meta":"","header-above-stick-meta":"","header-main-stick-meta":"","header-below-stick-meta":""},"categories":[758],"tags":[],"acf":[],"_links":{"self":[{"href":"https:\/\/www.cnbb.org.br\/cnbb-app\/wp\/v2\/posts\/11750"}],"collection":[{"href":"https:\/\/www.cnbb.org.br\/cnbb-app\/wp\/v2\/posts"}],"about":[{"href":"https:\/\/www.cnbb.org.br\/cnbb-app\/wp\/v2\/types\/post"}],"author":[{"embeddable":true,"href":"https:\/\/www.cnbb.org.br\/cnbb-app\/wp\/v2\/users\/83"}],"replies":[{"embeddable":true,"href":"https:\/\/www.cnbb.org.br\/cnbb-app\/wp\/v2\/comments?post=11750"}],"version-history":[{"count":0,"href":"https:\/\/www.cnbb.org.br\/cnbb-app\/wp\/v2\/posts\/11750\/revisions"}],"wp:featuredmedia":[{"embeddable":true,"href":"https:\/\/www.cnbb.org.br\/cnbb-app\/wp\/v2\/media\/11751"}],"wp:attachment":[{"href":"https:\/\/www.cnbb.org.br\/cnbb-app\/wp\/v2\/media?parent=11750"}],"wp:term":[{"taxonomy":"category","embeddable":true,"href":"https:\/\/www.cnbb.org.br\/cnbb-app\/wp\/v2\/categories?post=11750"},{"taxonomy":"post_tag","embeddable":true,"href":"https:\/\/www.cnbb.org.br\/cnbb-app\/wp\/v2\/tags?post=11750"}],"curies":[{"name":"wp","href":"https:\/\/api.w.org\/{rel}","templated":true}]}}