{"id":11756,"date":"2010-05-12T00:00:00","date_gmt":"2010-05-12T03:00:00","guid":{"rendered":"https:\/\/www.cnbb.org.br\/ficar-admirado\/"},"modified":"2010-05-12T00:00:00","modified_gmt":"2010-05-12T03:00:00","slug":"ficar-admirado","status":"publish","type":"post","link":"https:\/\/www.cnbb.org.br\/ficar-admirado\/","title":{"rendered":"Ficar admirado"},"content":{"rendered":"<p style=\"text-align: justify\">O sentido real da vida n\u00e3o \u00e9 consequ\u00eancia de atos apenas humanos e terrenos. \u00c9 por isto que somos dotados de transcend\u00eancia, de virtudes humanas, mas tamb\u00e9m divinas. Ficamos at\u00e9 admirados quando vemos pessoas com capacidade at\u00e9 de sacrificar a pr\u00f3pria vida por uma causa sobrenatural.<\/p>\n<p>  <!--more-->  <\/p>\n<p style=\"text-align: justify\">Celebrar a Ascens\u00e3o de Jesus Cristo \u00e9 sentir o encontro do humano com o divino, unindo c\u00e9u e terra, elevando todo o universo para um encontro definitivo com Deus. O caminho para isto passa pelos princ\u00edpios do Evangelho, principalmente aquele da unidade proclamado pelo XVI Congresso Eucar\u00edstico Nacional.<\/p>\n<p style=\"text-align: justify\">A dimens\u00e3o da vida vem da Palavra de Deus. Ela abre a nossa mente para uma tarefa no mundo, que deve atingir toda a humanidade. O projeto de Deus n\u00e3o \u00e9 para alguns privilegiados, mas para toda a cria\u00e7\u00e3o. \u00c9 um ato de vigil\u00e2ncia constante, porque o mal \u00e9 caracter\u00edstico da nova cultura e est\u00e1 sempre presente.<\/p>\n<p style=\"text-align: justify\">A vida terrena das pessoas termina com rapidez, como aconteceu com Jesus, finalizando a sua trajet\u00f3ria no acontecimento da Ascens\u00e3o. Somos os seguidores da sua miss\u00e3o na constru\u00e7\u00e3o de um mundo novo. Para isto temos que enfrentar os desgastes apresentados pela for\u00e7a das maldades de hoje.<\/p>\n<p style=\"text-align: justify\">N\u00e3o podemos ficar parados, insens\u00edveis e olhando para o alto. O tempo passa e corremos o perigo da infecundidade, de n\u00e3o nos tornarmos sujeitos da hist\u00f3ria e da constru\u00e7\u00e3o do Reino de Deus. \u00c0s vezes constru\u00edmos a vida na terra sem as dimens\u00f5es da eternidade, daquilo que realmente ocasiona felicidade.<\/p>\n<p style=\"text-align: justify\">Temos as cruzes da vida, que devem ser assumidas com alegria e nobreza, principalmente sabendo da presen\u00e7a de Deus atrav\u00e9s de seu Esp\u00edrito vivificador. Por isto todos n\u00f3s somos convocados para ser sinais vis\u00edveis de Cristo num mundo marcado pela condi\u00e7\u00e3o de secularidade.<\/p>\n<p style=\"text-align: justify\">Ficamos at\u00e9 admirados com muitas vozes prof\u00e9ticas que aparecem aqui e ali, denunciando corajosamente as a\u00e7\u00f5es injustas que v\u00e3o contra o projeto de vida e de eternidade. Isto significa a presen\u00e7a de uma for\u00e7a interior, que vem de Deus e chega \u00e0s pessoas bem intencionadas.<\/p>\n<h4 style=\"text-align: right\">Dom Paulo Mendes Peixoto<\/h4>\n","protected":false},"excerpt":{"rendered":"<p>O sentido real da vida n\u00e3o \u00e9 consequ\u00eancia de atos apenas humanos e terrenos. \u00c9 por isto que somos dotados de transcend\u00eancia, de virtudes humanas, mas tamb\u00e9m divinas. Ficamos at\u00e9 admirados quando vemos pessoas com capacidade at\u00e9 de sacrificar a pr\u00f3pria vida por uma causa sobrenatural.<\/p>\n","protected":false},"author":83,"featured_media":0,"comment_status":"open","ping_status":"open","sticky":false,"template":"","format":"standard","meta":{"site-sidebar-layout":"default","site-content-layout":"default","ast-global-header-display":"","ast-banner-title-visibility":"","ast-main-header-display":"","ast-hfb-above-header-display":"","ast-hfb-below-header-display":"","ast-hfb-mobile-header-display":"","site-post-title":"","ast-breadcrumbs-content":"","ast-featured-img":"","footer-sml-layout":"","theme-transparent-header-meta":"","adv-header-id-meta":"","stick-header-meta":"","header-above-stick-meta":"","header-main-stick-meta":"","header-below-stick-meta":""},"categories":[758],"tags":[],"acf":[],"_links":{"self":[{"href":"https:\/\/www.cnbb.org.br\/cnbb-app\/wp\/v2\/posts\/11756"}],"collection":[{"href":"https:\/\/www.cnbb.org.br\/cnbb-app\/wp\/v2\/posts"}],"about":[{"href":"https:\/\/www.cnbb.org.br\/cnbb-app\/wp\/v2\/types\/post"}],"author":[{"embeddable":true,"href":"https:\/\/www.cnbb.org.br\/cnbb-app\/wp\/v2\/users\/83"}],"replies":[{"embeddable":true,"href":"https:\/\/www.cnbb.org.br\/cnbb-app\/wp\/v2\/comments?post=11756"}],"version-history":[{"count":0,"href":"https:\/\/www.cnbb.org.br\/cnbb-app\/wp\/v2\/posts\/11756\/revisions"}],"wp:attachment":[{"href":"https:\/\/www.cnbb.org.br\/cnbb-app\/wp\/v2\/media?parent=11756"}],"wp:term":[{"taxonomy":"category","embeddable":true,"href":"https:\/\/www.cnbb.org.br\/cnbb-app\/wp\/v2\/categories?post=11756"},{"taxonomy":"post_tag","embeddable":true,"href":"https:\/\/www.cnbb.org.br\/cnbb-app\/wp\/v2\/tags?post=11756"}],"curies":[{"name":"wp","href":"https:\/\/api.w.org\/{rel}","templated":true}]}}