{"id":11766,"date":"2010-05-17T00:00:00","date_gmt":"2010-05-17T03:00:00","guid":{"rendered":"https:\/\/www.cnbb.org.br\/brasilia-capital-eucaristica\/"},"modified":"2010-05-17T00:00:00","modified_gmt":"2010-05-17T03:00:00","slug":"brasilia-capital-eucaristica","status":"publish","type":"post","link":"https:\/\/www.cnbb.org.br\/brasilia-capital-eucaristica\/","title":{"rendered":"Bras\u00edlia, Capital Eucar\u00edstica"},"content":{"rendered":"<p style=\"text-align: justify\">A realiza\u00e7\u00e3o de um Congresso Eucar\u00edstico \u00e9 sempre precedida de uma longa e cuidadosa prepara\u00e7\u00e3o que envolve indiv\u00edduos, fam\u00edlias, grupos, institui\u00e7\u00f5es privadas e poderes p\u00fablicos que t\u00eam diante de si o desafio de n\u00e3o cuidar apenas de aspectos log\u00edsticos, mas de criar condi\u00e7\u00f5es para que cres\u00e7am nos fi\u00e9is a f\u00e9 na Eucaristia e o amor \u00e0 Eucaristia. A complexidade da fase preparat\u00f3ria, por certo, \u00e9 enfrentada com um quadro de pessoas comprometidas e com a indispens\u00e1vel disponibilidade de recursos financeiros. Obviamente, a Diocese onde se realiza o Congresso tem a responsabilidade de articular todas as for\u00e7as envolvidas, em vista da necess\u00e1ria efici\u00eancia na realiza\u00e7\u00e3o de todas as frentes de atividade. Assim sendo, a Arquidiocese de Bras\u00edlia enfrentou o desafio de preparar o XVI Congresso Eucar\u00edstico, na comemora\u00e7\u00e3o de seu cinquenten\u00e1rio e da Capital do Pa\u00eds. No per\u00edodo de 13 a 16 de maio de 2010, Brasilia, Capital Federal, se torna Capital Eucar\u00edstica. Esse evento religioso ocorre pela segunda vez na cidade, fato que n\u00e3o soe acontecer comumente; o primeiro foi celebrado de 27 a 31 de maio de 1970, na comemora\u00e7\u00e3o dos 10 dez anos de inaugura\u00e7\u00e3o da Nova Capital e da instala\u00e7\u00e3o da Arquidiocese de Brasilia.<\/p>\n<p><!--more--><\/p>\n<p style=\"text-align: justify\">Para os cat\u00f3licos, o Congresso Eucar\u00edstico torna Bras\u00edlia capital da f\u00e9 eucar\u00edstica e essa \u00e9 a raz\u00e3o de sua realiza\u00e7\u00e3o. A f\u00e9 na Eucaristia \u00e9 fruto de uma ades\u00e3o sacramental, gra\u00e7as \u00e0 catequese recebida e \u00e0 evangeliza\u00e7\u00e3o acolhida na mente e no cora\u00e7\u00e3o. Somente iluminado pela f\u00e9, o crist\u00e3o se aproxima da Eucaristia, mist\u00e9rio que mais o aproxima de Jesus Cristo, conforme o ensinamento de S\u00e3o Cirilo de Jerusal\u00e9m: \u201cSob a esp\u00e9cie de p\u00e3o te \u00e9 dado o corpo e sob aquela do vinho o sangue, a fim que, sendo part\u00edcipe do corpo e do sangue de Cristo, tu te tornes concorp\u00f3reo e consangu\u00edneo com ele\u201d. A Eucaristia \u00e9 um grande mist\u00e9rio de amor do Senhor que gera a maior e mais plena comunh\u00e3o com os seus disc\u00edpulos, como ensina S\u00e3o Le\u00e3o Magno: \u201cA nossa participa\u00e7\u00e3o no corpo e sangue de Cristo age de tal modo que nos transformamos naquele que recebemos.\u201d Na \u00faltima ceia, opera-se aquele que Santo Tom\u00e1s de Aquino diz ser o maior milagre de Jesus \u2013 a transforma\u00e7\u00e3o do p\u00e3o no seu Corpo e do vinho no sangue. \u201cMist\u00e9rio da f\u00e9\u201d, proclama a assembleia, em cada celebra\u00e7\u00e3o da Santa Missa. Mist\u00e9rio que acontece em raz\u00e3o do poder que os Ap\u00f3stolos receberam de Jesus, quando lhes disse: \u201cFazei isso em mem\u00f3ria de mim\u201d. Mist\u00e9rio que \u00e9 atualizado em cada Celebra\u00e7\u00e3o Eucar\u00edstica, gra\u00e7as ao instituto da sucess\u00e3o apost\u00f3lica, um providencial e precioso dom de Jesus \u00e0 Igreja, mediante o qual o Sacramento da Ordem, no grau presbiteral, confere aos sacerdotes o poder de celebrar a Eucaristia.<\/p>\n<p style=\"text-align: justify\">\u201cEucaristia, P\u00e3o da Unidade dos Disc\u00edpulos Mission\u00e1rios\u201d: eis o tema do Congresso Eucar\u00edstico. Eucaristia, unidade, discipulado e miss\u00e3o s\u00e3o realidades muito pr\u00f3ximas e intimamente relacionadas. A Eucaristia \u00e9 o alimento que gera a unidade dos disc\u00edpulos de Jesus que, por Ela nutridos, assumem a miss\u00e3o de anunciar a Boa Nova. A unidade, por conseguinte, \u00e9 um ideal que deve ser objeto de permanente constru\u00e7\u00e3o, por parte dos disc\u00edpulos, tamb\u00e9m objeto de conquista no interior da comunidade crist\u00e3, sob pena de se tornar vazia a recep\u00e7\u00e3o da Eucaristia. O mandado \u201cIde e anunciai\u201d \u00e9 tipicamente eucar\u00edstico, j\u00e1 o dizia o \u201cIte, missa est\u201d na despedida dos fi\u00e9is, ao encerrar-se a celebra\u00e7\u00e3o da Missa. O Congresso Eucar\u00edstico acolhe disc\u00edpulos mission\u00e1rios da Arquidiocese de Bras\u00edlia e do Brasil e os envia em miss\u00e3o, com a responsabilidade de testemunharem sua f\u00e9 eucar\u00edstica e o amor fraterno. O lema do Congresso expressa o estado de esp\u00edrito dos disc\u00edpulos de Ema\u00fas, diante das descobertas que lhes trouxe a caminhada ao lado de Jesus, ent\u00e3o desconhecido, a ponto de lhe pedirem: \u201cFica conosco, Senhor!\u201d Na verdade, somente o reconheceram quando \u201ctomou o p\u00e3o, pronunciou a b\u00ean\u00e7\u00e3o, partiu-o e deu a eles.\u201d (Lc 24,30) A Igreja, que j\u00e1 reconhece Jesus Eucaristia, continua fazendo o pedido dos disc\u00edpulos de Ema\u00fas, em face dos desafios, das incertezas e dos contratempos da vida e da hist\u00f3ria.<\/p>\n<p style=\"text-align: justify\">Que a Eucaristia seja vida para as cinquenten\u00e1rias Arquidiocese e cidade de Bras\u00edlia, para que se mantenham em caminhada, visando a realiza\u00e7\u00e3o de sua voca\u00e7\u00e3o, respectivamente, eclesial e pol\u00edtica, sempre na perspectiva de servi\u00e7o ao seu povo.<\/p>\n<h4 style=\"text-align: right\">Dom Genival Saraiva<\/h4>\n","protected":false},"excerpt":{"rendered":"<p>A realiza\u00e7\u00e3o de um Congresso Eucar\u00edstico \u00e9 sempre precedida de uma longa e cuidadosa prepara\u00e7\u00e3o que envolve indiv\u00edduos, fam\u00edlias, grupos, institui\u00e7\u00f5es privadas e poderes p\u00fablicos que t\u00eam diante de si o desafio de n\u00e3o cuidar apenas de aspectos log\u00edsticos, mas de criar condi\u00e7\u00f5es para que cres\u00e7am nos fi\u00e9is a f\u00e9 na Eucaristia e o amor &hellip;<\/p>\n<p class=\"read-more\"> <a class=\"\" href=\"https:\/\/www.cnbb.org.br\/brasilia-capital-eucaristica\/\"> <span class=\"screen-reader-text\">Bras\u00edlia, Capital Eucar\u00edstica<\/span> Leia mais &raquo;<\/a><\/p>\n","protected":false},"author":83,"featured_media":0,"comment_status":"open","ping_status":"open","sticky":false,"template":"","format":"standard","meta":{"site-sidebar-layout":"default","site-content-layout":"default","ast-global-header-display":"","ast-banner-title-visibility":"","ast-main-header-display":"","ast-hfb-above-header-display":"","ast-hfb-below-header-display":"","ast-hfb-mobile-header-display":"","site-post-title":"","ast-breadcrumbs-content":"","ast-featured-img":"","footer-sml-layout":"","theme-transparent-header-meta":"","adv-header-id-meta":"","stick-header-meta":"","header-above-stick-meta":"","header-main-stick-meta":"","header-below-stick-meta":""},"categories":[758],"tags":[],"acf":[],"_links":{"self":[{"href":"https:\/\/www.cnbb.org.br\/cnbb-app\/wp\/v2\/posts\/11766"}],"collection":[{"href":"https:\/\/www.cnbb.org.br\/cnbb-app\/wp\/v2\/posts"}],"about":[{"href":"https:\/\/www.cnbb.org.br\/cnbb-app\/wp\/v2\/types\/post"}],"author":[{"embeddable":true,"href":"https:\/\/www.cnbb.org.br\/cnbb-app\/wp\/v2\/users\/83"}],"replies":[{"embeddable":true,"href":"https:\/\/www.cnbb.org.br\/cnbb-app\/wp\/v2\/comments?post=11766"}],"version-history":[{"count":0,"href":"https:\/\/www.cnbb.org.br\/cnbb-app\/wp\/v2\/posts\/11766\/revisions"}],"wp:attachment":[{"href":"https:\/\/www.cnbb.org.br\/cnbb-app\/wp\/v2\/media?parent=11766"}],"wp:term":[{"taxonomy":"category","embeddable":true,"href":"https:\/\/www.cnbb.org.br\/cnbb-app\/wp\/v2\/categories?post=11766"},{"taxonomy":"post_tag","embeddable":true,"href":"https:\/\/www.cnbb.org.br\/cnbb-app\/wp\/v2\/tags?post=11766"}],"curies":[{"name":"wp","href":"https:\/\/api.w.org\/{rel}","templated":true}]}}