{"id":11767,"date":"2010-05-17T00:00:00","date_gmt":"2010-05-17T03:00:00","guid":{"rendered":"https:\/\/www.cnbb.org.br\/ascencao-do-senhor\/"},"modified":"2010-05-17T00:00:00","modified_gmt":"2010-05-17T03:00:00","slug":"ascencao-do-senhor","status":"publish","type":"post","link":"https:\/\/www.cnbb.org.br\/ascencao-do-senhor\/","title":{"rendered":"Ascens\u00e3o do Senhor"},"content":{"rendered":"<p style=\"text-align: justify\">Ap\u00f3s a ressurrei\u00e7\u00e3o, Cristo manifestou-se diversas vezes aos disc\u00edpulos, at\u00e9 o dia em que, \u00e0 vista deles, elevou-se ao c\u00e9u. Estava terminada a obra de salva\u00e7\u00e3o, e ent\u00e3o, Ele podia partir deste mundo e se sentar \u00e0 direita do Pai. Sendo o Mediador entre Deus e os homens, sua ascens\u00e3o n\u00e3o significou deixar a humanidade entregue \u00e0 pr\u00f3pria sorte. Ele nos precede na p\u00e1tria celeste. Nele, nossa natureza humana j\u00e1 foi introduzida na gl\u00f3ria. A Ascens\u00e3o de Cristo \u00e9 nossa vit\u00f3ria. D\u00e1-nos esperan\u00e7a de que, junto com Ele, estaremos na mesma gl\u00f3ria. Como membros do seu Corpo, deveremos estar unidos l\u00e1 onde j\u00e1 est\u00e1 Aquele que \u00e9 nossa Cabe\u00e7a.<\/p>\n<p>  <!--more-->  <\/p>\n<p style=\"text-align: justify\">A solenidade da Ascens\u00e3o de Jesus faz parte das celebra\u00e7\u00f5es pascais que atualizam a vida de Jesus. N\u00e3o a celebramos simplesmente para demonstrar admira\u00e7\u00e3o ou espanto diante de um poss\u00edvel fato maravilhoso.<\/p>\n<p style=\"text-align: justify\">A Ascens\u00e3o concretiza a etapa final da revela\u00e7\u00e3o do plano de amor de Deus, em favor do homem. A um ato salv\u00edfica de Deus, que integra a P\u00e1scoa definitiva da humanidade em Cristo, iniciada com a anuncia\u00e7\u00e3o do anjo a Maria.<\/p>\n<p style=\"text-align: justify\">O destino de Jesus \u00e9 o retorno ao Pai, ao qual tamb\u00e9m n\u00f3s estamos destinados. Nossa caminhada na terra tem um objetivo definido e transcendente: viver entre a realidade vis\u00edvel como se v\u00edssemos o invis\u00edvel. A Ascens\u00e3o de Cristo \u00e9 a ascens\u00e3o de todo ser humano: \u00e9 a etapa definitiva da hist\u00f3ria de todos n\u00f3s.<\/p>\n<p style=\"text-align: justify\">O objetivo de toda a cria\u00e7\u00e3o e de todo o mist\u00e9rio da vida de Cristo \u00e9 o c\u00e9u onde Ele est\u00e1. O c\u00e9u, por\u00e9m, n\u00e3o \u00e9 um lugar, mas uma experi\u00eancia plena de amor, que \u00e9 o pr\u00f3prio Deus.<\/p>\n<p style=\"text-align: justify\">O c\u00e9u \u00e9 a vis\u00e3o de Deus, \u00e9 a felicidade eterna. \u00c9 o fim para o qual deve ser orientada nossa vida presente. Se nossa sorte est\u00e1 ligada a Cristo, com sua ascens\u00e3o \u00e0quele mundo feliz e a n\u00f3s desconhecido, o objetivo de nossa vida \u00e9 transferido desta terra para o c\u00e9u. \u201cA nossa p\u00e1tria est\u00e1 no c\u00e9u: n\u00e3o temos aqui cidade permanente, mas andamos em busca daquela futura\u201d. (Hb l13,14)<\/p>\n<p style=\"text-align: justify\">De que serviriam tantos sacrif\u00edcios que fazemos, se n\u00e3o fossem interpretados e vividos como a necess\u00e1ria fadiga para alcan\u00e7ar uma alegria eterna? \u00c9 a grande esperan\u00e7a que trazem no cora\u00e7\u00e3o tantos que nos est\u00e3o pr\u00f3ximos e dos quais aprendemos como se caminha na vida para o c\u00e9u.<\/p>\n<p style=\"text-align: justify\">Temos de olhar a vida temporal, este pequeno espa\u00e7o a n\u00f3s concedidos por Deus, n\u00e3o como uma aventura, mas como um valor que realmente nos remete \u00e0 raz\u00e3o pela qual Deus nos criou: aprender a estar sempre com Ele j\u00e1 aqui na terra, a fim de estarmos preparados para estar com Ele eternamente no c\u00e9u. \u00c9 esta a miss\u00e3o que Jesus deixou aos ap\u00f3stolos, saudando-os antes de subir ao c\u00e9u.<\/p>\n<p style=\"text-align: justify\">Por isso nestes dias em que se celebra em Bras\u00edlia, Distrito Federal, o XVI Congresso Eucar\u00edstico Nacional em que todos n\u00f3s somos chamados a estar em sintonia para termos a consci\u00eancia de que a Eucaristia \u00e9 o centro da vida crist\u00e3 e o alimento nosso de cada dia para vivermos melhor, aqui e agora, a presen\u00e7a de Nosso Salvador. Fica conosco Senhor!<\/p>\n<h4 style=\"text-align: right\">Dom Eurico dos Santos Veloso<\/h4>\n","protected":false},"excerpt":{"rendered":"<p>Ap\u00f3s a ressurrei\u00e7\u00e3o, Cristo manifestou-se diversas vezes aos disc\u00edpulos, at\u00e9 o dia em que, \u00e0 vista deles, elevou-se ao c\u00e9u. Estava terminada a obra de salva\u00e7\u00e3o, e ent\u00e3o, Ele podia partir deste mundo e se sentar \u00e0 direita do Pai. Sendo o Mediador entre Deus e os homens, sua ascens\u00e3o n\u00e3o significou deixar a humanidade &hellip;<\/p>\n<p class=\"read-more\"> <a class=\"\" href=\"https:\/\/www.cnbb.org.br\/ascencao-do-senhor\/\"> <span class=\"screen-reader-text\">Ascens\u00e3o do Senhor<\/span> Leia mais &raquo;<\/a><\/p>\n","protected":false},"author":83,"featured_media":0,"comment_status":"open","ping_status":"open","sticky":false,"template":"","format":"standard","meta":{"site-sidebar-layout":"default","site-content-layout":"default","ast-global-header-display":"","ast-banner-title-visibility":"","ast-main-header-display":"","ast-hfb-above-header-display":"","ast-hfb-below-header-display":"","ast-hfb-mobile-header-display":"","site-post-title":"","ast-breadcrumbs-content":"","ast-featured-img":"","footer-sml-layout":"","theme-transparent-header-meta":"","adv-header-id-meta":"","stick-header-meta":"","header-above-stick-meta":"","header-main-stick-meta":"","header-below-stick-meta":""},"categories":[758],"tags":[],"acf":[],"_links":{"self":[{"href":"https:\/\/www.cnbb.org.br\/cnbb-app\/wp\/v2\/posts\/11767"}],"collection":[{"href":"https:\/\/www.cnbb.org.br\/cnbb-app\/wp\/v2\/posts"}],"about":[{"href":"https:\/\/www.cnbb.org.br\/cnbb-app\/wp\/v2\/types\/post"}],"author":[{"embeddable":true,"href":"https:\/\/www.cnbb.org.br\/cnbb-app\/wp\/v2\/users\/83"}],"replies":[{"embeddable":true,"href":"https:\/\/www.cnbb.org.br\/cnbb-app\/wp\/v2\/comments?post=11767"}],"version-history":[{"count":0,"href":"https:\/\/www.cnbb.org.br\/cnbb-app\/wp\/v2\/posts\/11767\/revisions"}],"wp:attachment":[{"href":"https:\/\/www.cnbb.org.br\/cnbb-app\/wp\/v2\/media?parent=11767"}],"wp:term":[{"taxonomy":"category","embeddable":true,"href":"https:\/\/www.cnbb.org.br\/cnbb-app\/wp\/v2\/categories?post=11767"},{"taxonomy":"post_tag","embeddable":true,"href":"https:\/\/www.cnbb.org.br\/cnbb-app\/wp\/v2\/tags?post=11767"}],"curies":[{"name":"wp","href":"https:\/\/api.w.org\/{rel}","templated":true}]}}