{"id":11800,"date":"2009-01-05T00:00:00","date_gmt":"2009-01-05T02:00:00","guid":{"rendered":"https:\/\/www.cnbb.org.br\/combater-a-pobreza-construir-a-paz-i-apresentando-a-mensagem-de-bento-xvi\/"},"modified":"2009-01-05T00:00:00","modified_gmt":"2009-01-05T02:00:00","slug":"combater-a-pobreza-construir-a-paz-i-apresentando-a-mensagem-de-bento-xvi","status":"publish","type":"post","link":"https:\/\/www.cnbb.org.br\/combater-a-pobreza-construir-a-paz-i-apresentando-a-mensagem-de-bento-xvi\/","title":{"rendered":"Combater a pobreza, construir a paz (I) (apresentando a mensagem de Bento XVI)"},"content":{"rendered":"<p style=\"text-align: justify\">Esta \u00e9 a proposta da mensagem para a celebra\u00e7\u00e3o do dia mundial da paz, primeiro de janeiro, de Bento XVI .\u00a0 O papa faz uma r\u00e1pida an\u00e1lise da pobreza em nosso mundo e aponta caminhos para sua supera\u00e7\u00e3o. Salienta que, al\u00e9m da pobreza material, \u201cexistem fen\u00f4menos de marginaliza\u00e7\u00e3o, pobreza relacional, moral e espiritual: trata-se de pessoas desorientadas interiormente, que, apesar do bem-estar econ\u00f4mico, vivem diversas formas de transtorno\u201d.<\/p>\n<p><!--more--><\/p>\n<p style=\"text-align: justify\">Aborda aspectos morais relacionados com a situa\u00e7\u00e3o de pobreza em que vivem milh\u00f5es de pessoas. Constata que crescimento demogr\u00e1fico de si n\u00e3o \u00e9 causa de pobreza. Assim: \u201cA presun\u00e7\u00e3o de que o aumento populacional \u00e9 causa da pobreza \u00e9 desmentido historicamente: enquanto, em 1981, cerca de 40% da popula\u00e7\u00e3o mundial vivia abaixo da linha de pobreza absoluta, hoje tal percentagem aparece substancialmente reduzida \u00e0 metade, tendo sa\u00eddo da pobreza popula\u00e7\u00f5es caracterizadas precisamente por um incremento demogr\u00e1fico not\u00e1vel\u201d. Bento XVI conclui: \u201cPor outras palavras, a popula\u00e7\u00e3o confirma-se como uma riqueza e n\u00e3o como um fator de pobreza\u201d.\u00a0 E faz uma veemente condena\u00e7\u00e3o do aborto preconizado por alguns como meio de combater a pobreza. O \u201cexterm\u00ednio de milh\u00f5es de nascituros, em nome da luta \u00e0 pobreza, constitui na realidade a elimina\u00e7\u00e3o dos mais pobres dentre os seres humanos\u201d.\u00a0 E reprova \u201cquem condiciona a ajuda econ\u00f4mica \u00e0 atua\u00e7\u00e3o de pol\u00edticas contr\u00e1rias \u00e0 vida\u201d. E afirma: \u201csobretudo a AIDS, dram\u00e1tica causa de pobreza, \u00e9 dif\u00edcil combat\u00ea-la se n\u00e3o se enfrentarem as problem\u00e1ticas morais associadas com a difus\u00e3o do v\u00edrus\u201d. E insiste na necessidade de \u201cfomentar campanhas que eduquem, especialmente os jovens, para uma sexualidade plenamente respeitadora da dignidade da pessoa; iniciativas realizadas nesta linha j\u00e1 deram frutos significativos, fazendo diminuir a difus\u00e3o da AIDS\u201d.<\/p>\n<p style=\"text-align: justify\">Ao afirmar que \u201cquase metade dos que vivem em pobreza absoluta \u00e9 constitu\u00edda por crian\u00e7as\u201d o papa, ao mesmo tempo em que insiste na necessidade de cuidados m\u00e9dicos e de higiene, observa que \u201cquando a fam\u00edlia se debilita, os danos recaem inevitavelmente sobre as crian\u00e7as. Onde n\u00e3o \u00e9 tutelada a dignidade da mulher e da m\u00e3e, a ressentir-se do fato s\u00e3o de novo principalmente os filhos\u201d. Refere-se aos gastos com armamentos como desvio de recursos que deveriam ser empregados no combate \u00e0 pobreza e faz um apelo: \u201cos Estados s\u00e3o chamados a fazer uma s\u00e9ria reflex\u00e3o sobre as raz\u00f5es mais profundas dos conflitos, frequentemente ati\u00e7ados pela injusti\u00e7a, e a tomar provid\u00eancias com uma corajosa autocr\u00edtica\u201d. E acrescenta: \u201cos recursos poupados poder\u00e3o ser destinados para projetos de desenvolvimento das pessoas e dos povos mais pobres e necessitados\u201d.\u00a0 Faz em seguida uma breve refer\u00eancia \u00e0 crise de alimentos: \u201ctal crise \u00e9 caracterizada n\u00e3o tanto pela insufici\u00eancia de alimento, como principalmente pela dificuldade de acesso ao mesmo e por fen\u00f4menos especulativos\u201d. Sua conseq\u00fc\u00eancia \u00e9 \u201ca m\u00e1 nutri\u00e7\u00e3o que provoca graves danos psicof\u00edsicos nas popula\u00e7\u00f5es, privando muitas pessoas das energias de que necessitam para sair, sem especiais ajudas, da sua situa\u00e7\u00e3o de pobreza\u201d.\u00a0 Entre suas causas est\u00e1 a concentra\u00e7\u00e3o e desigualdade em mat\u00e9ria de tecnologia: \u201ca evolu\u00e7\u00e3o tecnol\u00f3gica, cujos benef\u00edcios se concentram na faixa superior da distribui\u00e7\u00e3o do rendimento, e por outro a din\u00e2mica dos pre\u00e7os dos produtos industriais, que crescem muito mais rapidamente do que os pre\u00e7os dos produtos agr\u00edcolas e das mat\u00e9rias primas na posse dos pa\u00edses mais pobres. Isto faz com que a maior parte da popula\u00e7\u00e3o dos pa\u00edses mais pobres sofra uma dupla marginaliza\u00e7\u00e3o, ou seja, em termos de rendimentos mais baixos e de pre\u00e7os mais altos\u201d.<\/p>\n<p style=\"text-align: justify\">O papa passa em seguida a algumas propostas para o combate \u00e0 pobreza como express\u00e3o de uma solidariedade global. Prop\u00f5e uma pequena lista de exig\u00eancias \u00e9ticas a serem implementadas como meio eficaz de combate a pobreza: globaliza\u00e7\u00e3o justa, com\u00e9rcio internacional justo, mercado financeiro justo, coopera\u00e7\u00e3o nos planos econ\u00f4mico e jur\u00eddico e, participa\u00e7\u00e3o da sociedade civil. Para cada um desses itens Bento XVI tece considera\u00e7\u00f5es muito pertinentes, sobre o que voltaremos no pr\u00f3ximo artigo. Encerra o Santo Padre sua an\u00e1lise tecendo uma breve reflex\u00e3o sobre a ambival\u00eancia da globaliza\u00e7\u00e3o: \u201ca globaliza\u00e7\u00e3o se apresenta com uma acentuada caracter\u00edstica de ambival\u00eancia\u201d. \u00c9 preciso \u201cter em conta primariamente as exig\u00eancias dos pobres da terra\u201d. Muitas \u201cmedidas det\u00eam-se frequentemente nas causas superficiais e instrumentais da pobreza, sem chegar \u00e0s que se abrigam no cora\u00e7\u00e3o humano, como a avidez e a estreiteza de horizontes\u201d. \u201cA luta contra a pobreza precisa de homens e mulheres que vivam profundamente a fraternidade e sejam capazes de acompanhar pessoas, fam\u00edlias e comunidades por percursos de aut\u00eantico progresso humano.\u201d<\/p>\n<h4 style=\"text-align: right\">Dom Eduardo Benes de Sales Rodrigues<\/h4>\n","protected":false},"excerpt":{"rendered":"<p>Esta \u00e9 a proposta da mensagem para a celebra\u00e7\u00e3o do dia mundial da paz, primeiro de janeiro, de Bento XVI .\u00a0 O papa faz uma r\u00e1pida an\u00e1lise da pobreza em nosso mundo e aponta caminhos para sua supera\u00e7\u00e3o. Salienta que, al\u00e9m da pobreza material, \u201cexistem fen\u00f4menos de marginaliza\u00e7\u00e3o, pobreza relacional, moral e espiritual: trata-se de &hellip;<\/p>\n<p class=\"read-more\"> <a class=\"\" href=\"https:\/\/www.cnbb.org.br\/combater-a-pobreza-construir-a-paz-i-apresentando-a-mensagem-de-bento-xvi\/\"> <span class=\"screen-reader-text\">Combater a pobreza, construir a paz (I) (apresentando a mensagem de Bento XVI)<\/span> Leia mais &raquo;<\/a><\/p>\n","protected":false},"author":83,"featured_media":0,"comment_status":"open","ping_status":"open","sticky":false,"template":"","format":"standard","meta":{"site-sidebar-layout":"default","site-content-layout":"default","ast-global-header-display":"","ast-banner-title-visibility":"","ast-main-header-display":"","ast-hfb-above-header-display":"","ast-hfb-below-header-display":"","ast-hfb-mobile-header-display":"","site-post-title":"","ast-breadcrumbs-content":"","ast-featured-img":"","footer-sml-layout":"","theme-transparent-header-meta":"","adv-header-id-meta":"","stick-header-meta":"","header-above-stick-meta":"","header-main-stick-meta":"","header-below-stick-meta":""},"categories":[758],"tags":[],"acf":[],"_links":{"self":[{"href":"https:\/\/www.cnbb.org.br\/cnbb-app\/wp\/v2\/posts\/11800"}],"collection":[{"href":"https:\/\/www.cnbb.org.br\/cnbb-app\/wp\/v2\/posts"}],"about":[{"href":"https:\/\/www.cnbb.org.br\/cnbb-app\/wp\/v2\/types\/post"}],"author":[{"embeddable":true,"href":"https:\/\/www.cnbb.org.br\/cnbb-app\/wp\/v2\/users\/83"}],"replies":[{"embeddable":true,"href":"https:\/\/www.cnbb.org.br\/cnbb-app\/wp\/v2\/comments?post=11800"}],"version-history":[{"count":0,"href":"https:\/\/www.cnbb.org.br\/cnbb-app\/wp\/v2\/posts\/11800\/revisions"}],"wp:attachment":[{"href":"https:\/\/www.cnbb.org.br\/cnbb-app\/wp\/v2\/media?parent=11800"}],"wp:term":[{"taxonomy":"category","embeddable":true,"href":"https:\/\/www.cnbb.org.br\/cnbb-app\/wp\/v2\/categories?post=11800"},{"taxonomy":"post_tag","embeddable":true,"href":"https:\/\/www.cnbb.org.br\/cnbb-app\/wp\/v2\/tags?post=11800"}],"curies":[{"name":"wp","href":"https:\/\/api.w.org\/{rel}","templated":true}]}}