{"id":11801,"date":"2009-01-05T00:00:00","date_gmt":"2009-01-05T02:00:00","guid":{"rendered":"https:\/\/www.cnbb.org.br\/a-mae-de-deus-e-nossa\/"},"modified":"2009-01-05T00:00:00","modified_gmt":"2009-01-05T02:00:00","slug":"a-mae-de-deus-e-nossa","status":"publish","type":"post","link":"https:\/\/www.cnbb.org.br\/a-mae-de-deus-e-nossa\/","title":{"rendered":"A M\u00e3e de Deus e Nossa"},"content":{"rendered":"<p style=\"text-align: justify\">Acabamos de celebrar no dia primeiro de janeiro o Dia Mundial da Paz. O Dia Mundial da Paz, inicialmente chamado simplesmente de Dia da Paz foi criado pelo Papa Paulo VI, com uma mensagem datada do dia 8 de dezembro de 1967, para que o fosse celebrado\u00a0 no primeiro dia do ano civil (1 de janeiro), a partir de 1968, coisa que acontece at\u00e9 hoje.<\/p>\n<p>  <!--more-->  <\/p>\n<p style=\"text-align: justify\">O Dia Mundial da Paz coincide com a Solenidade Lit\u00fargica da Maternidade Divina de Maria. Esta solenidade foi instituida por Pio XI em 1931 na comemora\u00e7\u00e3o dos 1500 anos do Conc\u00edlio de \u00c9feso, quando Maria foi proclamada Teotokos, ou seja, M\u00e3e de Deus. Pedindo sua intercess\u00e3o para que a paz aconte\u00e7a entre n\u00f3s, ofere\u00e7o ao leitor uma breve reflex\u00e3o sobre Maria, m\u00e3e de Deus e nossa M\u00e3e. A M\u00e3e de Deus, Maria, \u00e9 tamb\u00e9m nossa m\u00e3e. Deu-nos o Filho de Deus como Salvador. Esteve com Ele ao p\u00e9 da Cruz e participou assim at\u00e9 o extremo da obra redentora. Quando o cora\u00e7\u00e3o de Cristo foi trespassado pelo soldado, foi o seu cora\u00e7\u00e3o de m\u00e3e que se rasgou em lancinante dor, pois Cristo j\u00e1 havia expirado.<\/p>\n<p style=\"text-align: justify\">Nascemos, como Igreja, do cora\u00e7\u00e3o aberto de Cristo. A dor e o oferecimento, entretanto, foram de Maria. Desde aquele dia o disc\u00edpulo a teve em sua casa, onforme nos informa o evangelista s\u00e3o Jo\u00e3o: \u201ca partir dessa hora, o disc\u00edpulo a recebeu em sua casa\u201d(Jo 19, 27). \u00c9 claro que o disc\u00edpulo, assim o entendem os bons exegetas, concentra em si todos os seguidores de Jesus. Rainha da Paz, Maria, m\u00e3e de Deus e nossa, \u00e9 fonte inesgot\u00e1vel de paz para a Igreja, a comunidade dos disc\u00edpulos de Jesus. Somos, pois, felizes de termos Maria presente atrav\u00e9s de s\u00edmbolos e imagens em nossos templos e em nossas casas e nos julgamos agraciados por Deus de poder repetir sempre de novo as palavras do Anjo: \u201cAve cheia de gra\u00e7a, o Senhor \u00e9 contigo\u201d (Lc 1,28) acrescentando aquelas que o Esp\u00edrito Santo colocou no cora\u00e7\u00e3o e nos l\u00e1bios de Isabel : \u201cbendita \u00e9s tu entre as mulheres e bendito \u00e9 o fruto de teu ventre\u201d(Lc 1,42).<\/p>\n<p style=\"text-align: justify\">Alegramo-nos muit\u00edtissimo em repetir sempre: \u201c\u00f3 Bemaventurada Virgem Maria\u201d, cumprindo a profecia que ela mesma fez a respeito da honra a lhe ser dada at\u00e9 o fim do mundo: \u201cde agora em diante todas as gera\u00e7\u00f5es me proclamar\u00e3o bem-aventurada\u201d( Lc 1,48). E desde muito cedo a Igreja recorreu \u00e0 intercess\u00e3o de Maria, invocando-a como m\u00e3e de Deus: \u201cSanta Maria, M\u00e3e de Deus, rogai por n\u00f3s&#8230;\u201d Foi no ano de 431, no Conc\u00edlio de \u00c9feso que os bispos, reunidos, a proclamaram, contra as ideias de Nest\u00f3rio, \u201cM\u00e3e de Deus\u201d, em grego \u201cTeotokos\u201d. A paz , que vem do alto, veio atrav\u00e9s de Maria, pela for\u00e7a do Esp\u00edrito Santo. No hino que Maria cantou no encontro com Isabel ela enaltece seu Deus que age com a for\u00e7a de seu bra\u00e7o para elevar os humildes e saciar os famintos(cf. Lc 1,51-53). A paz n\u00e3o acontece sem a justi\u00e7a e a justi\u00e7a s\u00f3 se concretiza atrav\u00e9s de cora\u00e7\u00f5es convertidos para o amor. Quem n\u00e3o ama n\u00e3o pratica a justi\u00e7a.<\/p>\n<p style=\"text-align: justify\">No ano que come\u00e7a quero desejar a todos os leitores, que me acompanham atrav\u00e9s de meus artigos, um Ano Novo cheio de Paz. Em especial\u00a0 que a Igreja de Sorocaba continue seu caminho, fiel \u00e0s suas origens, sob a prote\u00e7\u00e0o e a inspira\u00e7\u00e3o de Maria, Nossa Senhora da Ponte, M\u00e3e de Deus e nossa. Passo ao leitor a ora\u00e7\u00e3o que\u00a0 fiz na Missa da passagem do ano na Catedral de Nossa Senhora da Ponte:<\/p>\n<p style=\"text-align: justify\">\u201cSenhora da Ponte, M\u00e3e de Deus e nossa, Sorocaba te pertence; nasceu em teus bra\u00e7os e cresceu \u00e0 sombra de tua prote\u00e7\u00e3o. Hoje, primeiro de janeiro de 2009, n\u00f3s te entregamos nosso destino. Ilumina nossos caminhos. Ensina a Igreja que somos a fazer sempre a santa vontade de Deus. Seja a c\u00e1tedra deste templo a tua c\u00e1tedra. Que, \u00e0 semelhan\u00e7a dos bispos que vieram antes de mim, seja eu fiel sucessor dos ap\u00f3stolos no ensino e no pastoreio do rebanho de teu Filho. Que a luz do Verbo, a quem destes a carne humana e entregaste \u00e0 humanidade como salva\u00e7\u00e3o, continue, a partir de teu cora\u00e7\u00e3o de m\u00e3e, a iluminar os caminhos desta cidade e desta Igreja! Que a luz de teu olhar ilumine de alegria o rosto de teus filhos como iluminou os pobres pastores que vieram correndo adorar o menino pobre enrolado em panos e deitado na manjedoura!<\/p>\n<p style=\"text-align: justify\">Que a Igreja de Sorocaba, sob tua prote\u00e7\u00e3o e inspirada em teu exemplo, seja uma Igreja verdadeiramente disc\u00edpula e mission\u00e1ria, uma Igreja unida, testemunha do amor do teu Deus e Senhor, e zelosa em ir at\u00e9 os que se perdem nos descaminhos desse mundo! Deste templo e desta comunidade espalhe-se sobre todas as par\u00f3quias e comunidades de nossa Igreja Particular o esp\u00edrito de renova\u00e7\u00e3o eclesial, que, em Aparecida, os bispos do CELAM, sob tua orienta\u00e7\u00e3o desejaram que transformassem o cora\u00e7\u00e3o das pessoas e as estruturas organizacionais da Igreja.<\/p>\n<p style=\"text-align: justify\">Por fim te pedimos: aben\u00e7oa nossos sacerdotes, especiais filhos de teu amor. D\u00e1-lhes a gra\u00e7a da caridade perfeita, do amor sincero e da comunh\u00e3o verdadeira para que sejam sinal eficaz do amor de Deus para teu povo.<\/p>\n<p style=\"text-align: justify\">Aben\u00e7oa as fam\u00edlias aqui presentes e acompanha seus passos no ano que come\u00e7a. Seja para todas, este ano, um ano de gra\u00e7a e de paz! Tendo no cora\u00e7\u00e3o esses santos desejos rezamos com as mesmas palavras com que, j\u00e1 no s\u00e9c. III, os crist\u00e3os costumavam invocar tua prote\u00e7\u00e3o: \u201cSob tua prote\u00e7\u00e3o n\u00f3s nos colocamos \u00f3 Santa M\u00e3e de Deus; em nossas necessidades n\u00e3o desprezes nossas s\u00faplicas, mas livra-nos sempre de todos os perigos, \u00f3 virgem gloriosa e bendita. Am\u00e9m\u201d.<\/p>\n<h4 style=\"text-align: right\">Dom Eduardo Benes de Sales Rodrigues<\/h4>\n","protected":false},"excerpt":{"rendered":"<p>Acabamos de celebrar no dia primeiro de janeiro o Dia Mundial da Paz. O Dia Mundial da Paz, inicialmente chamado simplesmente de Dia da Paz foi criado pelo Papa Paulo VI, com uma mensagem datada do dia 8 de dezembro de 1967, para que o fosse celebrado\u00a0 no primeiro dia do ano civil (1 de &hellip;<\/p>\n<p class=\"read-more\"> <a class=\"\" href=\"https:\/\/www.cnbb.org.br\/a-mae-de-deus-e-nossa\/\"> <span class=\"screen-reader-text\">A M\u00e3e de Deus e Nossa<\/span> Leia mais &raquo;<\/a><\/p>\n","protected":false},"author":83,"featured_media":0,"comment_status":"open","ping_status":"open","sticky":false,"template":"","format":"standard","meta":{"site-sidebar-layout":"default","site-content-layout":"default","ast-global-header-display":"","ast-banner-title-visibility":"","ast-main-header-display":"","ast-hfb-above-header-display":"","ast-hfb-below-header-display":"","ast-hfb-mobile-header-display":"","site-post-title":"","ast-breadcrumbs-content":"","ast-featured-img":"","footer-sml-layout":"","theme-transparent-header-meta":"","adv-header-id-meta":"","stick-header-meta":"","header-above-stick-meta":"","header-main-stick-meta":"","header-below-stick-meta":""},"categories":[758],"tags":[],"acf":[],"_links":{"self":[{"href":"https:\/\/www.cnbb.org.br\/cnbb-app\/wp\/v2\/posts\/11801"}],"collection":[{"href":"https:\/\/www.cnbb.org.br\/cnbb-app\/wp\/v2\/posts"}],"about":[{"href":"https:\/\/www.cnbb.org.br\/cnbb-app\/wp\/v2\/types\/post"}],"author":[{"embeddable":true,"href":"https:\/\/www.cnbb.org.br\/cnbb-app\/wp\/v2\/users\/83"}],"replies":[{"embeddable":true,"href":"https:\/\/www.cnbb.org.br\/cnbb-app\/wp\/v2\/comments?post=11801"}],"version-history":[{"count":0,"href":"https:\/\/www.cnbb.org.br\/cnbb-app\/wp\/v2\/posts\/11801\/revisions"}],"wp:attachment":[{"href":"https:\/\/www.cnbb.org.br\/cnbb-app\/wp\/v2\/media?parent=11801"}],"wp:term":[{"taxonomy":"category","embeddable":true,"href":"https:\/\/www.cnbb.org.br\/cnbb-app\/wp\/v2\/categories?post=11801"},{"taxonomy":"post_tag","embeddable":true,"href":"https:\/\/www.cnbb.org.br\/cnbb-app\/wp\/v2\/tags?post=11801"}],"curies":[{"name":"wp","href":"https:\/\/api.w.org\/{rel}","templated":true}]}}