{"id":11814,"date":"2010-05-17T00:00:00","date_gmt":"2010-05-17T03:00:00","guid":{"rendered":"https:\/\/www.cnbb.org.br\/dia-das-comunicacoes-sociais\/"},"modified":"2010-05-17T00:00:00","modified_gmt":"2010-05-17T03:00:00","slug":"dia-das-comunicacoes-sociais","status":"publish","type":"post","link":"https:\/\/www.cnbb.org.br\/dia-das-comunicacoes-sociais\/","title":{"rendered":"Dia das Comunica\u00e7\u00f5es Sociais"},"content":{"rendered":"<p style=\"text-align: justify\">\u201cOs meios modernos de comunica\u00e7\u00e3o fazem parte, h\u00e1 muito tempo, dos instrumentos ordin\u00e1rios por meio dos quais as comunidades eclesiais se exprimem, entrando em contato com o seu pr\u00f3prio territ\u00f3rio e estabelecendo, muito freq\u00fcentemente, f\u00f3rmulas de di\u00e1logos mais abrangentes. A sua recente e incisiva difus\u00e3o e a sua not\u00e1vel influ\u00eancia cada vez mais importante e \u00fatil merece aten\u00e7\u00e3o do seu uso no minist\u00e9rio sacerdotal\u201d (Mensagem do Papa Bento XVI para o Dia Mundial das Comunica\u00e7\u00f5es que ocorre neste domingo, 16 de maio de 2010).<\/p>\n<p>  <!--more-->  <\/p>\n<p style=\"text-align: justify\">Penso que n\u00e3o perderam seu lugar os folhetos que desde tempos imemori\u00e1veis fazem contato entre os p\u00e1rocos e os fieis de suas par\u00f3quias, al\u00e9m do uso dos folhetos lit\u00fargicos que ajudam a participa\u00e7\u00e3o nas celebra\u00e7\u00f5es dominicais. Na era moderna com o advento da eletricidade, os alto falantes aumentam o contato com os paroquianos. Adveio o r\u00e1dio para superar dist\u00e2ncias e, mais recentemente, a televis\u00e3o a tornar poss\u00edvel a vis\u00e3o de acontecimentos religiosos desde locais long\u00ednquos.<\/p>\n<p style=\"text-align: justify\">A difus\u00e3o da Palavra de Deus pode ser feita n\u00e3o somente dos p\u00falpitos dentro das igrejas, mas tamb\u00e9m atrav\u00e9s das ondas sonoras e da televis\u00e3o. Os meios de comunica\u00e7\u00e3o modernos tornam poss\u00edvel o encontro das pessoas, ainda que cres\u00e7a a falta de di\u00e1logo e o desencontro entre as mesmas pessoas, desde dentro das fam\u00edlias at\u00e9 os dissentimentos nas vias p\u00fablicas, causando intoler\u00e2ncia e viol\u00eancia verbal e f\u00edsica.<\/p>\n<p style=\"text-align: justify\">O Evangelho a ser comunicado \u00e9 Cristo. Ele \u00e9 o enviado do Pai celeste para comunicar a paz aos cora\u00e7\u00f5es que o recebem e a todos os homens de boa vontade. Na carta aos Romanos 10,11, Paulo pergunta: \u201cComo h\u00e3o de ouvir falar do Senhor se n\u00e3o houver quem lhes pregue? E como h\u00e3o de pregar, se n\u00e3o forem enviados?\u201d.<\/p>\n<p style=\"text-align: justify\">Hoje, para dar resposta a essas quest\u00f5es no \u00e2mbito das grandes mudan\u00e7as culturais, particularmente sentidas no mundo juvenil, tornaram-se um instrumento \u00fatil as vias de comunica\u00e7\u00e3o abertas pelas conquistas tecnol\u00f3gicas. De fato, pondo \u00e0 nossa disposi\u00e7\u00e3o meios que permitem uma capacidade de express\u00e3o praticamente ilimitada, o mundo digital abre perspectivas e concretiza\u00e7\u00f5es not\u00e1veis ao incitamento Paulino: \u201cAi de mim se n\u00e3o anunciar o Evangelho!\u201d (1Cor 9,16).\u00a0 Estamos no limiar de uma hist\u00f3ria nova. Pastoralmente somos chamados a ocupar-nos das novas tecnologias, multiplicando o nosso empenho em colocar as m\u00eddias a servi\u00e7o da Palavra.<\/p>\n<p style=\"text-align: justify\">Devemos estar presentes no mundo digital em constante fidelidade \u00e0 mensagem evang\u00e9lica para desempenharmos o pr\u00f3prio papel de animadores de comunidades, que hoje se exprimem cada vez mais freq\u00fcentemente atrav\u00e9s das muitas \u201cvozes\u201d que surgem do mundo digital, e anunciar o Evangelho recorrendo n\u00e3o s\u00f3 \u00e0s m\u00eddias tradicionais, mas tamb\u00e9m ao contributo da nova gera\u00e7\u00e3o de audiovisuais (fotografias, v\u00eddeos, anima\u00e7\u00f5es, blogues, p\u00e1ginas na Internet) que representam ocasi\u00f5es in\u00e9ditas de di\u00e1logo e meios \u00fateis inclusive para a evangeliza\u00e7\u00e3o e a catequese, lembra Bento XVI.<\/p>\n<p style=\"text-align: justify\">No mundo digital deve ficar patente que a amorosa aten\u00e7\u00e3o de Deus em Cristo por n\u00f3s n\u00e3o \u00e9 algo do passado, nem uma teoria erudita, mas uma realidade absolutamente concreta e atual. De fato, a pastoral no mundo digital h\u00e1 de conseguir mostrar, aos homens de nosso tempo e \u00e0 humanidade desorientada de hoje, que \u201cDeus est\u00e1 pr\u00f3ximo e, em Cristo, somos todos parte uns dos outros\u201d (Bento XVI \u00e0 C\u00faria Romana em 22\/12\/2009).<\/p>\n<p style=\"text-align: justify\">Nossa pastoral n\u00e3o pode continuar a ser dedicada \u00e0 manuten\u00e7\u00e3o dos fieis nas missas dominicais, mas deve procurar novos m\u00e9todos para lev\u00e1-los a aprofundar o conhecimento de Jesus Cristo a fim de\u00a0 imit\u00e1-lo e testemunh\u00e1-lo perante o mundo que quer conhecer a verdade, principalmente os jovens.<\/p>\n<p style=\"text-align: justify\">Em todos os processos de comunica\u00e7\u00e3o h\u00e1 de se promover uma cultura que respeite a dignidade e o valor da pessoa humana. A Igreja \u00e9 competente em humanidade, porque recebeu de seu fundador o exemplo a ser seguido: \u201cEu vim para que todos tenham vida e a tenham em abund\u00e2ncia.\u201d (Jo 10,10)<\/p>\n<p style=\"text-align: justify\">Com o Evangelho nas m\u00e3os e no cora\u00e7\u00e3o, \u00e9 preciso reafirmar que \u00e9 tempo tamb\u00e9m de continuar a preparar caminhos que conduzam \u00e0 Palavra de Deus.<\/p>\n<h4 style=\"text-align: right\">Cardeal Geraldo Majella Agnelo<\/h4>\n","protected":false},"excerpt":{"rendered":"<p>\u201cOs meios modernos de comunica\u00e7\u00e3o fazem parte, h\u00e1 muito tempo, dos instrumentos ordin\u00e1rios por meio dos quais as comunidades eclesiais se exprimem, entrando em contato com o seu pr\u00f3prio territ\u00f3rio e estabelecendo, muito freq\u00fcentemente, f\u00f3rmulas de di\u00e1logos mais abrangentes. A sua recente e incisiva difus\u00e3o e a sua not\u00e1vel influ\u00eancia cada vez mais importante e &hellip;<\/p>\n<p class=\"read-more\"> <a class=\"\" href=\"https:\/\/www.cnbb.org.br\/dia-das-comunicacoes-sociais\/\"> <span class=\"screen-reader-text\">Dia das Comunica\u00e7\u00f5es Sociais<\/span> Leia mais &raquo;<\/a><\/p>\n","protected":false},"author":83,"featured_media":0,"comment_status":"open","ping_status":"open","sticky":false,"template":"","format":"standard","meta":{"site-sidebar-layout":"default","site-content-layout":"default","ast-global-header-display":"","ast-banner-title-visibility":"","ast-main-header-display":"","ast-hfb-above-header-display":"","ast-hfb-below-header-display":"","ast-hfb-mobile-header-display":"","site-post-title":"","ast-breadcrumbs-content":"","ast-featured-img":"","footer-sml-layout":"","theme-transparent-header-meta":"","adv-header-id-meta":"","stick-header-meta":"","header-above-stick-meta":"","header-main-stick-meta":"","header-below-stick-meta":""},"categories":[758],"tags":[],"acf":[],"_links":{"self":[{"href":"https:\/\/www.cnbb.org.br\/cnbb-app\/wp\/v2\/posts\/11814"}],"collection":[{"href":"https:\/\/www.cnbb.org.br\/cnbb-app\/wp\/v2\/posts"}],"about":[{"href":"https:\/\/www.cnbb.org.br\/cnbb-app\/wp\/v2\/types\/post"}],"author":[{"embeddable":true,"href":"https:\/\/www.cnbb.org.br\/cnbb-app\/wp\/v2\/users\/83"}],"replies":[{"embeddable":true,"href":"https:\/\/www.cnbb.org.br\/cnbb-app\/wp\/v2\/comments?post=11814"}],"version-history":[{"count":0,"href":"https:\/\/www.cnbb.org.br\/cnbb-app\/wp\/v2\/posts\/11814\/revisions"}],"wp:attachment":[{"href":"https:\/\/www.cnbb.org.br\/cnbb-app\/wp\/v2\/media?parent=11814"}],"wp:term":[{"taxonomy":"category","embeddable":true,"href":"https:\/\/www.cnbb.org.br\/cnbb-app\/wp\/v2\/categories?post=11814"},{"taxonomy":"post_tag","embeddable":true,"href":"https:\/\/www.cnbb.org.br\/cnbb-app\/wp\/v2\/tags?post=11814"}],"curies":[{"name":"wp","href":"https:\/\/api.w.org\/{rel}","templated":true}]}}