{"id":11844,"date":"2010-05-28T00:00:00","date_gmt":"2010-05-28T03:00:00","guid":{"rendered":"https:\/\/www.cnbb.org.br\/norte-e-sul\/"},"modified":"2010-05-28T00:00:00","modified_gmt":"2010-05-28T03:00:00","slug":"norte-e-sul","status":"publish","type":"post","link":"https:\/\/www.cnbb.org.br\/norte-e-sul\/","title":{"rendered":"Norte e Sul"},"content":{"rendered":"<p style=\"text-align: justify\">As aten\u00e7\u00f5es do mundo se voltam novamente para a Cor\u00e9ia. Na verdade, para as Cor\u00e9ias. Pois\u00a0 aquela na\u00e7\u00e3o foi divida em dois estados, por motivos ideol\u00f3gicos, desde a \u201cguerra da Cor\u00e9ia\u201d em 1953. De tal modo que agora temos duas Cor\u00e9ias. E o pior de tudo, ambas sempre em p\u00e9 de guerra, valendo-se de todo tipo de pretexto para acusa\u00e7\u00f5es m\u00fatuas e amea\u00e7as constantes. Como de novo agora, beirando ao desatino da guerra aberta, exigindo a interven\u00e7\u00e3o das grandes pot\u00eancias para dissuadi-las de qualquer aventura militar.<\/p>\n<p>  <!--more-->  <\/p>\n<p style=\"text-align: justify\">A situa\u00e7\u00e3o da Cor\u00e9ia \u00e9 um atestado eloq\u00fcente de como o mundo ainda n\u00e3o encontrou as bases verdadeiras para o conv\u00edvio pac\u00edfico entre as na\u00e7\u00f5es.\u00a0 Ainda n\u00e3o estamos curados das divis\u00f5es causadas por ideologias que dividiram o mundo em dois blocos contrapostos, que n\u00e3o foram dissolvidos com a grande guerra mundial dos anos quarenta.<\/p>\n<p style=\"text-align: justify\">Desde ent\u00e3o, j\u00e1 se podem contabilizar centenas de guerras localizadas, das quais a do Iraque, e agora a do Afeganist\u00e3o, s\u00e3o os exemplos mais recentes.<\/p>\n<p style=\"text-align: justify\">A maneira de sinalizar a divis\u00e3o das duas Cor\u00e9ias \u00e9 sua posi\u00e7\u00e3o geogr\u00e1fica. Uma \u00e9 Cor\u00e9ia do Norte, outra \u00e9 Cor\u00e9ia do Sul.\u00a0 Mas d\u00e1 para perceber logo que o motivo da divis\u00e3o n\u00e3o tem nada a ver com a posi\u00e7\u00e3o geogr\u00e1fica. Nem o sul nem o norte tem culpa em cart\u00f3rio. Como nos tempos da guerra fria, em que havia Berlim Leste e Berlim Oeste. Se fosse\u00a0 transferir agora para a Cor\u00e9ia as diferen\u00e7as ideol\u00f3gicas que dividiam o mundo em dois blocos,\u00a0 uma seria a Cor\u00e9ia do Leste, outra seria a Cor\u00e9ia do Oeste!<\/p>\n<p style=\"text-align: justify\">Na verdade, o mundo est\u00e1 cansado dessas divis\u00f5es, impostas por motivos ideol\u00f3gicos. Elas oneram os povos,\u00a0 que acabam pagando o pre\u00e7o de disputas que n\u00e3o lhe dizem respeito.<\/p>\n<p style=\"text-align: justify\">O pior \u00e9 que quando as ideologias perdem for\u00e7a,\u00a0 os interesses econ\u00f4micos entram em a\u00e7\u00e3o. O exemplo mais evidente \u00e9 a China, que optou por continuar com um estado totalit\u00e1rio, mas abrigando um capitalismo econ\u00f4mico que conta com a prote\u00e7\u00e3o do estado para garantir a explora\u00e7\u00e3o barata do enorme estoque de m\u00e3o de obra proporcionada por milh\u00f5es de chineses \u00e0 espera de sua integra\u00e7\u00e3o na din\u00e2mica econ\u00f4mica.<\/p>\n<p style=\"text-align: justify\">At\u00e9 a Fifa acabou reconhecendo a divis\u00e3o das duas Cor\u00e9ias. De tal modo que ambas conseguiram se classificar para a copa do mundo que est\u00e1 por come\u00e7ar. Ali\u00e1s a primeira partida do Brasil ser\u00e1 exatamente contra a Cor\u00e9ia do Norte. Enquanto a Cor\u00e9ia do Sul ter\u00e1 que se haver com a Argentina.<\/p>\n<p style=\"text-align: justify\">Nisto, quem sabe, o esporte poder\u00e1 colaborar para superar os confrontos militares, substituindo-os por confrontos esportivos.\u00a0 Parece residir a\u00ed a for\u00e7a do esporte. Ele tem a fun\u00e7\u00e3o de humanizar a aparente inexorabilidade do instinto guerreiro que a humanidade assimilou e do qual n\u00e3o consegue se livrar.<\/p>\n<p style=\"text-align: justify\">Se a humanidade n\u00e3o \u00e9 capaz de prescindir das guerras, que estas ao menos sejam transformadas em batalhas esportivas. Assim sendo, vamos torcer para que as duas Cor\u00e9ias cheguem \u00e0 final\u00edssima na copa do mundo. Antes que declarem guerra entre si, que aguardem ao menos a conclus\u00e3o da\u00a0 copa. Contanto que o apito final do juiz n\u00e3o signifique o in\u00edcio da nova guerra que parecem estar ensaiando nestes dias.<\/p>\n<p style=\"text-align: justify\">Al\u00e9m de apostar no Brasil, vamos torcer para que as batalhas entre os pa\u00edses se limitem aos campos de futebol. A\u00ed todos podem ganhar, mesmo perdendo o campeonato.<\/p>\n<h4 style=\"text-align: right\">Dom Luiz Dem\u00e9trio Valentini<\/h4>\n","protected":false},"excerpt":{"rendered":"<p>As aten\u00e7\u00f5es do mundo se voltam novamente para a Cor\u00e9ia. Na verdade, para as Cor\u00e9ias. Pois\u00a0 aquela na\u00e7\u00e3o foi divida em dois estados, por motivos ideol\u00f3gicos, desde a \u201cguerra da Cor\u00e9ia\u201d em 1953. De tal modo que agora temos duas Cor\u00e9ias. E o pior de tudo, ambas sempre em p\u00e9 de guerra, valendo-se de todo &hellip;<\/p>\n<p class=\"read-more\"> <a class=\"\" href=\"https:\/\/www.cnbb.org.br\/norte-e-sul\/\"> <span class=\"screen-reader-text\">Norte e Sul<\/span> Leia mais &raquo;<\/a><\/p>\n","protected":false},"author":83,"featured_media":0,"comment_status":"open","ping_status":"open","sticky":false,"template":"","format":"standard","meta":{"site-sidebar-layout":"default","site-content-layout":"default","ast-global-header-display":"","ast-banner-title-visibility":"","ast-main-header-display":"","ast-hfb-above-header-display":"","ast-hfb-below-header-display":"","ast-hfb-mobile-header-display":"","site-post-title":"","ast-breadcrumbs-content":"","ast-featured-img":"","footer-sml-layout":"","theme-transparent-header-meta":"","adv-header-id-meta":"","stick-header-meta":"","header-above-stick-meta":"","header-main-stick-meta":"","header-below-stick-meta":""},"categories":[758],"tags":[],"acf":[],"_links":{"self":[{"href":"https:\/\/www.cnbb.org.br\/cnbb-app\/wp\/v2\/posts\/11844"}],"collection":[{"href":"https:\/\/www.cnbb.org.br\/cnbb-app\/wp\/v2\/posts"}],"about":[{"href":"https:\/\/www.cnbb.org.br\/cnbb-app\/wp\/v2\/types\/post"}],"author":[{"embeddable":true,"href":"https:\/\/www.cnbb.org.br\/cnbb-app\/wp\/v2\/users\/83"}],"replies":[{"embeddable":true,"href":"https:\/\/www.cnbb.org.br\/cnbb-app\/wp\/v2\/comments?post=11844"}],"version-history":[{"count":0,"href":"https:\/\/www.cnbb.org.br\/cnbb-app\/wp\/v2\/posts\/11844\/revisions"}],"wp:attachment":[{"href":"https:\/\/www.cnbb.org.br\/cnbb-app\/wp\/v2\/media?parent=11844"}],"wp:term":[{"taxonomy":"category","embeddable":true,"href":"https:\/\/www.cnbb.org.br\/cnbb-app\/wp\/v2\/categories?post=11844"},{"taxonomy":"post_tag","embeddable":true,"href":"https:\/\/www.cnbb.org.br\/cnbb-app\/wp\/v2\/tags?post=11844"}],"curies":[{"name":"wp","href":"https:\/\/api.w.org\/{rel}","templated":true}]}}