{"id":11845,"date":"2010-05-28T00:00:00","date_gmt":"2010-05-28T03:00:00","guid":{"rendered":"https:\/\/www.cnbb.org.br\/economia-de-comunhao-e-o-perfil-do-empresario\/"},"modified":"2010-05-28T00:00:00","modified_gmt":"2010-05-28T03:00:00","slug":"economia-de-comunhao-e-o-perfil-do-empresario","status":"publish","type":"post","link":"https:\/\/www.cnbb.org.br\/economia-de-comunhao-e-o-perfil-do-empresario\/","title":{"rendered":"Economia de Comunh\u00e3o e o perfil do empres\u00e1rio"},"content":{"rendered":"<p style=\"text-align: justify\">A Economia de Comunh\u00e3o, idealizada por Chiara Lubich, do Movimento dos Focolares, tem como prop\u00f3sito a distribui\u00e7\u00e3o do lucro, de modo a construir e apresentar uma sociedade que possa ser semelhante \u00e0 primeira comunidade de Jerusal\u00e9m, onde \u201centre eles n\u00e3o havia necessitados\u201d.<\/p>\n<p>  <!--more-->  <\/p>\n<p style=\"text-align: justify\">Para tanto, envolve empres\u00e1rios, trabalhadores, gestores, consumidores, cidad\u00e3os, estudiosos.<\/p>\n<p style=\"text-align: justify\">A espinha dorsal do projeto s\u00e3o as empresas que, livremente, decidem colocar em comunh\u00e3o seus lucros, segundo tr\u00eas finalidades de igual import\u00e2ncia, quais sejam:<\/p>\n<div style=\"text-align: justify\">\n<ol>\n<li>Ajudar as pessoas que est\u00e3o em dificuldade, criando novos postos de trabalho, e satisfazer as suas necessidades b\u00e1sicas por meio de a\u00e7\u00f5es de desenvolvimento, come\u00e7ando com aqueles que partilham o esp\u00edrito do projeto.<\/li>\n<li>Difundir a \u201ccultura do dar\u201d e da reciprocidade, sem a qual \u00e9 imposs\u00edvel realizar uma Economia de Comunh\u00e3o. 3 &#8211; Desenvolver a empresa, que deve permanecer eficiente e competitiva enquanto se abre \u00e0 gratuidade.<\/li>\n<\/ol>\n<\/div>\n<p style=\"text-align: justify\">Do ponto de vista da sociedade, ao longo do tempo, a palavra \u201cempres\u00e1rio\u201d concentra v\u00e1rios sentimentos. Ele \u00e9 observado de modos opostos: h\u00e1 quem o considere um benfeitor social, que cria empregos, riquezas e bens. Em palavras simples, se diria \u201cde direita\u201d, ou seja, v\u00ea qualquer forma de empreendedorismo como positiva, capaz de levar ao desenvolvimento e \u00e0 riqueza.<\/p>\n<p style=\"text-align: justify\">Por outro lado, h\u00e1 outra linha de pensamento que v\u00ea o empres\u00e1rio como o opressor que expropria a for\u00e7a de trabalho dos seus colaboradores e enriquece por meios il\u00edcitos.<\/p>\n<p style=\"text-align: justify\">\u00c9 no primeiro contexto que o empres\u00e1rio ganha import\u00e2ncia fundamental ao se tornar um agente econ\u00f4mico que, percebendo oportunidades de lucro, toma a iniciativa de reunir fatores de produ\u00e7\u00e3o numa empresa com o objetivo de sua continuidade e crescimento de suas atividades.<\/p>\n<p style=\"text-align: justify\">De um modo geral, podem-se reconhecer dois aspectos caracter\u00edsticos do empres\u00e1rio: primeiro, o de empreendedor, por conviver bem com o risco e com a incerteza, ou seja, \u00e9 uma pessoa que tem uma estrutura psicol\u00f3gica que o torna capaz de conviver com esses fatores e, segundo, o de especulador ou oportunista, ao visar lucros.<\/p>\n<p style=\"text-align: justify\">Para diferenciar esses aspectos, surge o empres\u00e1rio de EdC, do qual se podem citar quatro caracter\u00edsticas b\u00e1sicas: \u00e9 sempre membro de uma comunidade, ou dentro da empresa ou com outros empreendedores; tem como principal objetivo a fraternidade, mas n\u00e3o \u00e9 ele somente que vive essa fraternidade, e sim algu\u00e9m que a ativa ao seu redor, pois a EdC n\u00e3o \u00e9 um projeto apenas de empres\u00e1rios ou somente uma \u00e9tica que se prop\u00f5e a tornar melhores os empres\u00e1rios; s\u00f3 se d\u00e1 por satisfeito quando v\u00ea a sua comunidade empresarial se tornar um local de comunh\u00e3o, e, por \u00faltimo, tem por fim a fraternidade, ou seja \u00e9 um irm\u00e3o de todos.<\/p>\n<p style=\"text-align: justify\">Portanto, se algu\u00e9m leva a s\u00e9rio isso, desencadeia uma revolu\u00e7\u00e3o. Por qu\u00ea? Porque o modo normal de compreender o papel do empreendedor &#8211; seja ele de direita, de esquerda, de centro, liberal, democr\u00e1tico etc &#8211; \u00e9 consider\u00e1-lo como o gestor da empresa.<\/p>\n<p style=\"text-align: justify\">Cabe acrescentar que o prop\u00f3sito principal do empres\u00e1rio de EdC n\u00e3o \u00e9 \u201cfazer assist\u00eancia aos pobres\u201d, mas proporcionar meios que diminuam a desigualdade social.<\/p>\n<p style=\"text-align: justify\">Deve-se orientar no sentido de criar uma comunidade onde se diminua a exist\u00eancia de pobres no sentido econ\u00f4mico, porque todos s\u00e3o pobres no sentido crist\u00e3o e est\u00e3o trilhando um caminho de fraternidade.<\/p>\n<p style=\"text-align: justify\">Para que seja poss\u00edvel exercer tudo isso, quatro pontos fundamentais podem ser destacados no desempenho da fun\u00e7\u00e3o de empres\u00e1rio da EdC: primeiro, \u00e9 essencial tratar todos com estima, com escuta profunda.<\/p>\n<p style=\"text-align: justify\">Se as pessoas \u2013 trabalhadores, dependentes, executivos \u2013 n\u00e3o se sentirem estimados, mas simplesmente um n\u00famero na empresa, eles n\u00e3o respondem aos est\u00edmulos; segundo, a dignidade. Quem recolhe o lixo deve sentir-se t\u00e3o importante como o banqueiro.<\/p>\n<p style=\"text-align: justify\">Todos s\u00e3o tratados como verdadeiros irm\u00e3os. terceiro, a participa\u00e7\u00e3o, ou seja, n\u00e3o se pode dizer pela manh\u00e3 \u201cvamos viver a comunh\u00e3o\u201d e durante o dia n\u00e3o fazer existir nenhuma forma de participa\u00e7\u00e3o. N\u00e3o \u00e9 poss\u00edvel que a comunh\u00e3o n\u00e3o se traduza em pr\u00e1ticas participativas de todos os atores em algum n\u00edvel.<\/p>\n<p style=\"text-align: justify\">Por \u00faltimo, a decis\u00e3o da destina\u00e7\u00e3o da riqueza produzida pela empresa deve ser tomada em conjunto entre empres\u00e1rio e colaboradores. Dessa forma, espera-se que as rela\u00e7\u00f5es humanas nas empresas de EdC possam proporcionar eleva\u00e7\u00e3o de competitividade e, principalmente, harmonia entre propriet\u00e1rios e colaboradores, no sentido de que todos pratiquem a fraternidade como princ\u00edpio de reciprocidade.<\/p>\n<h4 style=\"text-align: right\">Dom Anuar Battisti<\/h4>\n","protected":false},"excerpt":{"rendered":"<p>A Economia de Comunh\u00e3o, idealizada por Chiara Lubich, do Movimento dos Focolares, tem como prop\u00f3sito a distribui\u00e7\u00e3o do lucro, de modo a construir e apresentar uma sociedade que possa ser semelhante \u00e0 primeira comunidade de Jerusal\u00e9m, onde \u201centre eles n\u00e3o havia necessitados\u201d.<\/p>\n","protected":false},"author":83,"featured_media":0,"comment_status":"open","ping_status":"open","sticky":false,"template":"","format":"standard","meta":{"site-sidebar-layout":"default","site-content-layout":"default","ast-global-header-display":"","ast-banner-title-visibility":"","ast-main-header-display":"","ast-hfb-above-header-display":"","ast-hfb-below-header-display":"","ast-hfb-mobile-header-display":"","site-post-title":"","ast-breadcrumbs-content":"","ast-featured-img":"","footer-sml-layout":"","theme-transparent-header-meta":"","adv-header-id-meta":"","stick-header-meta":"","header-above-stick-meta":"","header-main-stick-meta":"","header-below-stick-meta":""},"categories":[758],"tags":[],"acf":[],"_links":{"self":[{"href":"https:\/\/www.cnbb.org.br\/cnbb-app\/wp\/v2\/posts\/11845"}],"collection":[{"href":"https:\/\/www.cnbb.org.br\/cnbb-app\/wp\/v2\/posts"}],"about":[{"href":"https:\/\/www.cnbb.org.br\/cnbb-app\/wp\/v2\/types\/post"}],"author":[{"embeddable":true,"href":"https:\/\/www.cnbb.org.br\/cnbb-app\/wp\/v2\/users\/83"}],"replies":[{"embeddable":true,"href":"https:\/\/www.cnbb.org.br\/cnbb-app\/wp\/v2\/comments?post=11845"}],"version-history":[{"count":0,"href":"https:\/\/www.cnbb.org.br\/cnbb-app\/wp\/v2\/posts\/11845\/revisions"}],"wp:attachment":[{"href":"https:\/\/www.cnbb.org.br\/cnbb-app\/wp\/v2\/media?parent=11845"}],"wp:term":[{"taxonomy":"category","embeddable":true,"href":"https:\/\/www.cnbb.org.br\/cnbb-app\/wp\/v2\/categories?post=11845"},{"taxonomy":"post_tag","embeddable":true,"href":"https:\/\/www.cnbb.org.br\/cnbb-app\/wp\/v2\/tags?post=11845"}],"curies":[{"name":"wp","href":"https:\/\/api.w.org\/{rel}","templated":true}]}}