{"id":11849,"date":"2010-05-28T00:00:00","date_gmt":"2010-05-28T03:00:00","guid":{"rendered":"https:\/\/www.cnbb.org.br\/corpus-christi\/"},"modified":"2010-05-28T00:00:00","modified_gmt":"2010-05-28T03:00:00","slug":"corpus-christi","status":"publish","type":"post","link":"https:\/\/www.cnbb.org.br\/corpus-christi\/","title":{"rendered":"Corpus Christi"},"content":{"rendered":"<p style=\"text-align: justify\">Quando o povo da antiga alian\u00e7a atravessou o deserto, rumo \u00e0 terra prometida, Deus fez cair do c\u00e9u o man\u00e1, para que n\u00e3o morresse de fome. Com sua vida, morte e ressurrei\u00e7\u00e3o Jesus Cristo suscitou o Povo da nova alian\u00e7a.<\/p>\n<p>  <!--more-->  <\/p>\n<p style=\"text-align: justify\">\u00a0<\/p>\n<p style=\"text-align: justify\">Neste novo Povo Deus derrama o Esp\u00edrito Santo e o alimenta com o verdadeiro p\u00e3o do c\u00e9u: a Eucaristia.<\/p>\n<p style=\"text-align: justify\">Na festa do Corpo e do Sangue de Cristo, costuma-se prolongar a a\u00e7\u00e3o de gra\u00e7as da Celebra\u00e7\u00e3o Eucar\u00edstica em espa\u00e7o p\u00fablico, em forma de prociss\u00e3o. \u00c9 a manifesta\u00e7\u00e3o p\u00fablica da f\u00e9 na Eucaristia. \u00c9 o reconhecimento do que Jesus Cristo fez por n\u00f3s, doando a si mesmo ao Pai pela nossa salva\u00e7\u00e3o e entregando-se a n\u00f3s como ceia m\u00edstica: \u201cTomando um p\u00e3o, deu gra\u00e7as, o partiu e o deu dizendo: Isto \u00e9 o meu corpo, que \u00e9 entregue por v\u00f3s. Igualmente tomou a ta\u00e7a depois de cear e disse: Esta \u00e9 a ta\u00e7a da nova alian\u00e7a, selada com meu sangue, que \u00e9 derramado por v\u00f3s\u201d (Lc 22, 19-20).<\/p>\n<p style=\"text-align: justify\">A prociss\u00e3o \u00e9 um ato comunit\u00e1rio. \u00c9 a comunidade de f\u00e9 que se p\u00f5e a caminho, para louvar, bendizer e adorar a Cristo na Eucaristia. N\u00e3o \u00e9 uma caminhada de luto, silenciosa, mas um povo a caminho, exultante, que derrama seu cora\u00e7\u00e3o em p\u00fablico. \u00c9 tamb\u00e9m ocasi\u00e3o para s\u00faplicas e pedidos de perd\u00e3o, pois somos um povo fr\u00e1gil e carente.<\/p>\n<p style=\"text-align: justify\">Ao celebrar a doa\u00e7\u00e3o de Cristo, recordamos do que Ele disse: \u201cEu vos dei o exemplo, para que fa\u00e7ais o que eu fiz\u201d (Jo 13, 15). Por isso, a festa de \u201cCorpus Christi\u201d \u00e9 convite para gestos de amor, de busca da supera\u00e7\u00e3o de \u00f3dios e de conflitos de poder.<\/p>\n<p style=\"text-align: justify\">Ao natural, o povo alimentado pela Eucaristia anseia pela unidade em Cristo e pela solidariedade e a paz.<\/p>\n<p style=\"text-align: justify\">A prociss\u00e3o eucar\u00edstica \u00e9 como que a inser\u00e7\u00e3o da Missa na vida do povo. A Missa termina como fermento na sociedade, como compromisso dos adoradores de Cristo pela transforma\u00e7\u00e3o do mundo segundo o Evangelho: \u201cEu vos dou um novo mandamento: Amai-vos uns aos outros, como eu vos amei\u201d (Jo 13, 34).<\/p>\n<p style=\"text-align: justify\">A Eucaristia \u00e9 grande a\u00e7\u00e3o de gra\u00e7as. E a prociss\u00e3o, al\u00e9m de prolongamento da a\u00e7\u00e3o de gra\u00e7as, \u00e9 tamb\u00e9m compromisso de transforma\u00e7\u00e3o do mundo, segundo o Evangelho de Cristo.<\/p>\n<h4 style=\"text-align: right\">Dom Alo\u00edsio Sin\u00e9sio Bohn<\/h4>\n","protected":false},"excerpt":{"rendered":"<p>Quando o povo da antiga alian\u00e7a atravessou o deserto, rumo \u00e0 terra prometida, Deus fez cair do c\u00e9u o man\u00e1, para que n\u00e3o morresse de fome. Com sua vida, morte e ressurrei\u00e7\u00e3o Jesus Cristo suscitou o Povo da nova alian\u00e7a.<\/p>\n","protected":false},"author":83,"featured_media":0,"comment_status":"open","ping_status":"open","sticky":false,"template":"","format":"standard","meta":{"site-sidebar-layout":"default","site-content-layout":"default","ast-global-header-display":"","ast-banner-title-visibility":"","ast-main-header-display":"","ast-hfb-above-header-display":"","ast-hfb-below-header-display":"","ast-hfb-mobile-header-display":"","site-post-title":"","ast-breadcrumbs-content":"","ast-featured-img":"","footer-sml-layout":"","theme-transparent-header-meta":"","adv-header-id-meta":"","stick-header-meta":"","header-above-stick-meta":"","header-main-stick-meta":"","header-below-stick-meta":""},"categories":[758],"tags":[],"acf":[],"_links":{"self":[{"href":"https:\/\/www.cnbb.org.br\/cnbb-app\/wp\/v2\/posts\/11849"}],"collection":[{"href":"https:\/\/www.cnbb.org.br\/cnbb-app\/wp\/v2\/posts"}],"about":[{"href":"https:\/\/www.cnbb.org.br\/cnbb-app\/wp\/v2\/types\/post"}],"author":[{"embeddable":true,"href":"https:\/\/www.cnbb.org.br\/cnbb-app\/wp\/v2\/users\/83"}],"replies":[{"embeddable":true,"href":"https:\/\/www.cnbb.org.br\/cnbb-app\/wp\/v2\/comments?post=11849"}],"version-history":[{"count":0,"href":"https:\/\/www.cnbb.org.br\/cnbb-app\/wp\/v2\/posts\/11849\/revisions"}],"wp:attachment":[{"href":"https:\/\/www.cnbb.org.br\/cnbb-app\/wp\/v2\/media?parent=11849"}],"wp:term":[{"taxonomy":"category","embeddable":true,"href":"https:\/\/www.cnbb.org.br\/cnbb-app\/wp\/v2\/categories?post=11849"},{"taxonomy":"post_tag","embeddable":true,"href":"https:\/\/www.cnbb.org.br\/cnbb-app\/wp\/v2\/tags?post=11849"}],"curies":[{"name":"wp","href":"https:\/\/api.w.org\/{rel}","templated":true}]}}