{"id":11864,"date":"2010-06-07T00:00:00","date_gmt":"2010-06-07T03:00:00","guid":{"rendered":"https:\/\/www.cnbb.org.br\/vilas-favelas-dialogo\/"},"modified":"2010-06-07T00:00:00","modified_gmt":"2010-06-07T03:00:00","slug":"vilas-favelas-dialogo","status":"publish","type":"post","link":"https:\/\/www.cnbb.org.br\/vilas-favelas-dialogo\/","title":{"rendered":"Vilas, favelas, di\u00e1logo"},"content":{"rendered":"<p style=\"text-align: justify\">A Arquidiocese de Belo Horizonte assume, na sua tarefa mission\u00e1ria, e de modo priorit\u00e1rio, a reflex\u00e3o e a exig\u00eancia de comprometimentos efetivos com a realidade das vilas e favelas na regi\u00e3o metropolitana. Realizou, a prop\u00f3sito, no \u00faltimo 29 de maio, na PUCMinas Cora\u00e7\u00e3o Eucar\u00edstico, um Simp\u00f3sio: \u201cUrbaniza\u00e7\u00e3o, Moradia e Evangeliza\u00e7\u00e3o nas Vilas e Favelas\u201d. O Documento de Aparecida tem refer\u00eancias que tratam sobre esse empenho mission\u00e1rio com repercuss\u00f5es sociais e pol\u00edticas:\u201cnossa fidelidade ao Evangelho exige que proclamemos a verdade sobre o ser humano e a dignidade de toda pessoa humana, em todos os espa\u00e7os p\u00fablicos e privados do mundo de hoje e a partir de todas as inst\u00e2ncias da vida e da miss\u00e3o da Igreja\u201d. E acrescenta, recordando uma palavra prof\u00e9tica do Vener\u00e1vel Papa Jo\u00e3o Paulo II: \u201cconverter-se ao Evangelho, para o povo crist\u00e3o que vive na Am\u00e9rica, significa revisar todos os ambientes e dimens\u00f5es de sua vida, especialmente tudo o que pertence \u00e0 ordem social e \u00e0 obten\u00e7\u00e3o do bem comum\u201d (DAp 390.391).<\/p>\n<p>  <!--more-->  <\/p>\n<p style=\"text-align: justify\">Tamb\u00e9m significativa \u00e9 a indica\u00e7\u00e3o do Santo Padre Bento XVI , no seu discurso inaugural da 5\u00aa Confer\u00eancia do Episcopado Latino-americano e Caribenho, Aparecida, 2007, quando convocou a Igreja a ser \u201cadvogada da justi\u00e7a e defensora dos pobres\u201d, como voz prof\u00e9tica que reaviva no cora\u00e7\u00e3o dos crist\u00e3os a necessidade permanente de potencializar e ratificar a op\u00e7\u00e3o preferencial pelos pobres. E os bispos assumiram o compromisso de trabalhar para que a Igreja Cat\u00f3lica \u201ccontinue sendo, com maior afinco, companheira de caminho de nossos irm\u00e3os mais pobres, inclusive at\u00e9 o mart\u00edrio\u201d (DAp 396).\u00a0 Esse horizonte prof\u00e9tico foi o centro das abordagens e reflex\u00f5es do Simp\u00f3sio, iniciativa para se compreender melhor a constru\u00e7\u00e3o do espa\u00e7o metropolitano e a quest\u00e3o das vilas e favelas, na luta permanente por pol\u00edticas de habita\u00e7\u00e3o coerentes e respeitadoras da dignidade da pessoa humana, no desafio enorme que \u00e9 a supera\u00e7\u00e3o da exclus\u00e3o social.<\/p>\n<p style=\"text-align: justify\">A complexidade social, hist\u00f3rica, e da infraestrutura das vilas e favelas exigem,\u00a0 a abertura, a lucidez e paci\u00eancia de J\u00f3 para estabelecer, sem esgotar jamais, di\u00e1logos a respeito da quest\u00e3o. Envolve o governo e seus diversos setores, as organiza\u00e7\u00f5es n\u00e3o-governamentais (ONGs), Igrejas e outros segmentos que definem o tecido social e pol\u00edtico da sociedade. Qualquer polariza\u00e7\u00e3o ou fechamento das interfaces que os di\u00e1logos podem proporcionar \u00e9 um risco grande, afetando os mais pobres, com preju\u00edzos at\u00e9 sem retornos. Esses comprometimentos t\u00eam que ser evitados com di\u00e1logos permanentes e incans\u00e1veis. N\u00e3o \u00e9 f\u00e1cil ter a clarivid\u00eancia indispens\u00e1vel para dar os passos, enquanto contracenam a necessidade do desenvolvimento e os avan\u00e7os na estrutura\u00e7\u00e3o urbana com o direito de viver dignamente de todo cidad\u00e3o.<\/p>\n<p style=\"text-align: justify\">As responsabilidades governamentais, em todos os n\u00edveis, s\u00e3o muito grandes. N\u00e3o podem, obviamente, balizar-se apenas pelos fatores t\u00e9cnicos e pelo af\u00e3 do desenvolvimento &#8211; que deve ser entendido\u00a0 e praticado no seu sentido integral:o de situar bem e dignamente cada pessoa humana, especialmente, os mais pobres. Essa perspectiva corrige as Igrejas, as Prefeituras, outros \u00f3rg\u00e3os governamentais e segmentos variados da sociedade a evitar o risco de fazer algo para os pobres, mas continuar vivendo longe deles. \u00c9 f\u00e1cil fazer um discurso a favor dos pobres, \u00e0 moda da burguesia, como a manuten\u00e7\u00e3o de servi\u00e7os sociais e de infraestrutura. Isso alivia consci\u00eancias e mant\u00e9m os donos desses discursos na tranquilidade de seus ritimos pr\u00f3prios de vida, sem passar pelo caminho dos pobres. N\u00e3o tem outro caminho, sinalizou tamb\u00e9m o Simp\u00f3sio, sen\u00e3o o trabalho de tecer compreens\u00f5es adequadas por meio de di\u00e1logos permanentes e consequentes.<\/p>\n<p style=\"text-align: justify\">\u00c9 lament\u00e1vel qualquer rigidez de \u00f3rg\u00e3os, grupos ou pessoas, com fechamento ao di\u00e1logo. \u00c9 indispens\u00e1vel ouvir t\u00e9cnicos e te\u00f3ricos sobre a quest\u00e3o. E, permanentemente indispens\u00e1vel, ouvir os pobres, aqueles que vivem a afli\u00e7\u00e3o do\u00edda de despejos, de mudan\u00e7as e de condi\u00e7\u00f5es inadequadas para seu domic\u00edlio digno. A Igreja Cat\u00f3lica assume este desafio. E assume at\u00e9 com um mea culpa, a exig\u00eancia de ser, cada vez mais, presen\u00e7a capilar, com sua rede de comunidades e servi\u00e7os de promo\u00e7\u00e3o humana. E, por meio da sua a\u00e7\u00e3o evangelizadora anunciando Jesus Cristo, o Salvador, ser mais presen\u00e7a na vida e no dia a dia dos pobres. Os di\u00e1logos nascem e se fecundam por essa presen\u00e7a corajosa, n\u00e3o apenas burocr\u00e1tica e de servi\u00e7os prestados com pressa.<\/p>\n<p style=\"text-align: justify\">Os servidores s\u00e3o chamados a permanecer mais tempo, de forma afetuosa, nessa realidade onde o sofrimento \u00e9 maior, as afli\u00e7\u00f5es sufocam e as urg\u00eancias se multiplicam. Governos, Igrejas, todos n\u00f3s devemos dialogar mais com os pobres de modo que os recursos, intelig\u00eancias e estrat\u00e9gias, construam as cidades de todos e para todos.<\/p>\n<h4 style=\"text-align: right\">Dom Walmor Oliveira de Azevedo<\/h4>\n","protected":false},"excerpt":{"rendered":"<p>A Arquidiocese de Belo Horizonte assume, na sua tarefa mission\u00e1ria, e de modo priorit\u00e1rio, a reflex\u00e3o e a exig\u00eancia de comprometimentos efetivos com a realidade das vilas e favelas na regi\u00e3o metropolitana. Realizou, a prop\u00f3sito, no \u00faltimo 29 de maio, na PUCMinas Cora\u00e7\u00e3o Eucar\u00edstico, um Simp\u00f3sio: \u201cUrbaniza\u00e7\u00e3o, Moradia e Evangeliza\u00e7\u00e3o nas Vilas e Favelas\u201d. O &hellip;<\/p>\n<p class=\"read-more\"> <a class=\"\" href=\"https:\/\/www.cnbb.org.br\/vilas-favelas-dialogo\/\"> <span class=\"screen-reader-text\">Vilas, favelas, di\u00e1logo<\/span> Leia mais &raquo;<\/a><\/p>\n","protected":false},"author":83,"featured_media":0,"comment_status":"open","ping_status":"open","sticky":false,"template":"","format":"standard","meta":{"site-sidebar-layout":"default","site-content-layout":"default","ast-global-header-display":"","ast-banner-title-visibility":"","ast-main-header-display":"","ast-hfb-above-header-display":"","ast-hfb-below-header-display":"","ast-hfb-mobile-header-display":"","site-post-title":"","ast-breadcrumbs-content":"","ast-featured-img":"","footer-sml-layout":"","theme-transparent-header-meta":"","adv-header-id-meta":"","stick-header-meta":"","header-above-stick-meta":"","header-main-stick-meta":"","header-below-stick-meta":""},"categories":[758],"tags":[],"acf":[],"_links":{"self":[{"href":"https:\/\/www.cnbb.org.br\/cnbb-app\/wp\/v2\/posts\/11864"}],"collection":[{"href":"https:\/\/www.cnbb.org.br\/cnbb-app\/wp\/v2\/posts"}],"about":[{"href":"https:\/\/www.cnbb.org.br\/cnbb-app\/wp\/v2\/types\/post"}],"author":[{"embeddable":true,"href":"https:\/\/www.cnbb.org.br\/cnbb-app\/wp\/v2\/users\/83"}],"replies":[{"embeddable":true,"href":"https:\/\/www.cnbb.org.br\/cnbb-app\/wp\/v2\/comments?post=11864"}],"version-history":[{"count":0,"href":"https:\/\/www.cnbb.org.br\/cnbb-app\/wp\/v2\/posts\/11864\/revisions"}],"wp:attachment":[{"href":"https:\/\/www.cnbb.org.br\/cnbb-app\/wp\/v2\/media?parent=11864"}],"wp:term":[{"taxonomy":"category","embeddable":true,"href":"https:\/\/www.cnbb.org.br\/cnbb-app\/wp\/v2\/categories?post=11864"},{"taxonomy":"post_tag","embeddable":true,"href":"https:\/\/www.cnbb.org.br\/cnbb-app\/wp\/v2\/tags?post=11864"}],"curies":[{"name":"wp","href":"https:\/\/api.w.org\/{rel}","templated":true}]}}