{"id":11877,"date":"2010-06-08T00:00:00","date_gmt":"2010-06-08T03:00:00","guid":{"rendered":"https:\/\/www.cnbb.org.br\/junho-mes-do-amor-coracao-de-jesus-ano-sacerdotal-e-missao\/"},"modified":"2010-06-08T00:00:00","modified_gmt":"2010-06-08T03:00:00","slug":"junho-mes-do-amor-coracao-de-jesus-ano-sacerdotal-e-missao","status":"publish","type":"post","link":"https:\/\/www.cnbb.org.br\/junho-mes-do-amor-coracao-de-jesus-ano-sacerdotal-e-missao\/","title":{"rendered":"Junho: M\u00eas do amor, Cora\u00e7\u00e3o de Jesus, Ano Sacerdotal e Miss\u00e3o"},"content":{"rendered":"<p style=\"text-align: justify\">Iniciamos o m\u00eas das festas juninas. \u00c9 um m\u00eas significativo. Desperta muita emo\u00e7\u00e3o. E por que n\u00e3o dizer, f\u00e9 e devo\u00e7\u00e3o! \u00c9 significativo iniciarmos o m\u00eas com a solenidade de Corpus Christi \u2013 Presen\u00e7a real de Jesus na Eucaristia: no momento de sua entrega-doa\u00e7\u00e3o ao Pai e a todos n\u00f3s na Morte, Ressurrei\u00e7\u00e3o e Ascens\u00e3o, toma o p\u00e3o: \u201cIsto \u00e9 meu corpo, que ser\u00e1 entregue por v\u00f3s\u201d. Eleva o c\u00e1lice com vinho: \u201cEste \u00e9 o c\u00e1lice de meu sangue, o sangue da Nova e Eterna Alian\u00e7a, que ser\u00e1 derramado por v\u00f3s e por todos para remiss\u00e3o dos pecados.\u201d Este mist\u00e9rio da f\u00e9 \u00e9 realizado constantemente em Sua mem\u00f3ria! A celebra\u00e7\u00e3o da Eucaristia \u00e9 presen\u00e7a viva de Jesus que nos acompanha em nossa caminhada de F\u00e9, e na prociss\u00e3o de Corpus Christi.<\/p>\n<p>  <!--more-->  <\/p>\n<p style=\"text-align: justify\">O Sagrado Cora\u00e7\u00e3o de Jesus \u00e9 solenidade do amor salvador: \u201cVede! Eu mesmo vou procurar minhas ovelhas e tomar conta delas\u201d (Ez. 34,11). \u201cSe um de v\u00f3s tem cem ovelhas e perde uma, n\u00e3o deixa as noventa e nove no deserto e vai atr\u00e1s daquela que se perdeu at\u00e9 encontr\u00e1-la? Quando a encontra, coloca-a nos ombros com alegria e, chegando em casa, re\u00fane os amigos e vizinhos e diz: \u2018Alegrai-vos comigo! Encontrei a ovelha que estava perdida!\u2019 (Lc, 15, 4-6). No dia 11 de junho, nos reuniremos como Diocese, na Par\u00f3quia a Ele consagrada, para celebrarmos seu amor infinito, no esp\u00edrito do ano sacerdotal: \u201cFidelidade de Cristo, fidelidade do sacerdote!\u201d Por sinal, no dia 12 de junho, celebramos o Cora\u00e7\u00e3o imaculado de Maria, a M\u00e3e de Jesus e M\u00e3e dos sacerdotes.<\/p>\n<p style=\"text-align: justify\">Jesus \u00e9 presen\u00e7a viva nos sacerdotes: \u201cOs sacerdotes s\u00e3o ordenados, afirma Bento XVI, para exercerem seu minist\u00e9rio pastoral no encontro pessoal e constante com o Senhor, para conformar sua vontade com a vontade dEle, recordando que a docilidade dos fi\u00e9is aos pastores depende da docilidade dos sacerdotes a Cristo\u201d. Eles t\u00eam a miss\u00e3o de ensinar, de santificar e governar. Entendida \u00e0 luz da f\u00e9, esta autoridade, embora envolvendo o exerc\u00edcio do poder, permanece um servi\u00e7o \u00e0 constru\u00e7\u00e3o da Igreja na santidade, unidade e verdade. Para cumprir este prop\u00f3sito, o padre deve adquirir as suas for\u00e7as em Cristo: \u201cVerdadeiro modelo pelo seu humilde servi\u00e7o de amor no lava-p\u00e9s e na sua realeza que culmina na Cruz. Governar \u00e9 formar Cristo nos cora\u00e7\u00f5es dos fi\u00e9is, sem medo de conduzir a Deus as pessoas e comunidades a eles confiadas e serem modelos para todos (Catequese de Bento XVI)\u201d. O sacerd\u00f3cio \u00e9 o dom precioso do Sagrado Cora\u00e7\u00e3o de Jesus!<\/p>\n<p style=\"text-align: justify\">E o m\u00eas de junho, nos apresenta tamb\u00e9m a mem\u00f3ria preciosa de Santos que marcaram \u00e9poca na hist\u00f3ria da Igreja: Santo Ant\u00f4nio de P\u00e1dua, S\u00e3o Lu\u00eds Gonzaga, S\u00e3o Jo\u00e3o Batista, S\u00e3o Pedro e S\u00e3o Paulo, entre outros de quem fazemos mem\u00f3ria neste m\u00eas de junho.<\/p>\n<p style=\"text-align: justify\">Santo Ant\u00f4nio de P\u00e1dua, um nobre \u201cguerreiro\u201d, se fez pobre e mission\u00e1rio da paz, a exemplo de S\u00e3o Francisco de Assis e, doutor da Igreja, ensinou teologia e defendeu os pobres e necessitados da \u00e9poca. S\u00e3o Lu\u00eds Gonzaga, pr\u00edncipe herdeiro, preferiu a pequenez de Cristo, junto aos jesu\u00edtas. A natividade de S\u00e3o Jo\u00e3o Batista destaca a figura do precursor de Jesus, que teve um nascimento especial, marcado pela presen\u00e7a de Maria e do pr\u00f3prio Jesus, ainda no seio de sua M\u00e3e. Ele exultou de alegria pela chegada do Messias. Sua miss\u00e3o foi mostr\u00e1-lo presente no meio da humanidade: \u201cEu vi o Esp\u00edrito descer do c\u00e9u, como uma pomba, e pousar sobre Ele. Eu tamb\u00e9m n\u00e3o o conhecia. Aquele que me enviou a batizar com \u00e1gua, foi ele quem me disse: \u2018Aquele sobre quem voc\u00ea vir o Esp\u00edrito descer e pousar, esse \u00e9 quem batiza no Esp\u00edrito Santo. E eu vi, e dou testemunho de que este \u00e9 o Filho de Deus\u2019 (Jo 1, 32-34).<\/p>\n<p style=\"text-align: justify\">A mem\u00f3ria de S\u00e3o Pedro e S\u00e3o Paulo \u00e9 celebrada no mesmo dia (neste ano, 4 de julho). Com hist\u00f3rias diferentes, em Cristo marcaram o in\u00edcio da hist\u00f3ria da Igreja em Roma e no mundo: \u201cHoje nos concedeis a alegria de festejar os Ap\u00f3stolos S\u00e3o Pedro e S\u00e3o Paulo. Pedro, o primeiro a proclamar a f\u00e9, fundou a Igreja primitiva sobre a heran\u00e7a de Israel. Paulo, mestre e doutor das na\u00e7\u00f5es, anunciou-lhes o evangelho da salva\u00e7\u00e3o. Por diferentes meios, os dois congregaram a \u00fanica fam\u00edlia de Cristo\u201d (Pref\u00e1cio da Missa).<\/p>\n<p style=\"text-align: justify\">No dia 3 de julho, \u00e0s 9h, celebraremos na Catedral os 86 anos de cria\u00e7\u00e3o da Diocese de Santos. No mesmo dia, daremos in\u00edcio ao Ano Mission\u00e1rio em toda a Diocese, inclusive com um sinal sens\u00edvel: as imagens de Nossa Senhora do Ros\u00e1rio, Padroeira da Diocese, ser\u00e3o levadas pelos sacerdotes e fi\u00e9is em peregrina\u00e7\u00e3o \u00e0s nossas Regi\u00f5es episcopais e Par\u00f3quias. \u201cA Constru\u00e7\u00e3o da Comunh\u00e3o Eclesial \u00e9 a chave da Miss\u00e3o. Ela nasce do encontro com o Filho de Deus, Jesus Cristo, que no an\u00fancio da Igreja chega a todos e cria comunh\u00e3o com Ele mesmo, com o Pai e com o Esp\u00edrito Santo\u201d (Bento XVI). O Cristo estabelece nova rela\u00e7\u00e3o entre os homens e Deus: Deus \u00e9 Amor e nos ensina a amar.<\/p>\n<p style=\"text-align: justify\">A miss\u00e3o \u00e9 Amor!<\/p>\n<h4 style=\"text-align: right\">Dom Jacyr Francisco Braido<\/h4>\n","protected":false},"excerpt":{"rendered":"<p>Iniciamos o m\u00eas das festas juninas. \u00c9 um m\u00eas significativo. Desperta muita emo\u00e7\u00e3o. E por que n\u00e3o dizer, f\u00e9 e devo\u00e7\u00e3o! \u00c9 significativo iniciarmos o m\u00eas com a solenidade de Corpus Christi \u2013 Presen\u00e7a real de Jesus na Eucaristia: no momento de sua entrega-doa\u00e7\u00e3o ao Pai e a todos n\u00f3s na Morte, Ressurrei\u00e7\u00e3o e Ascens\u00e3o, &hellip;<\/p>\n<p class=\"read-more\"> <a class=\"\" href=\"https:\/\/www.cnbb.org.br\/junho-mes-do-amor-coracao-de-jesus-ano-sacerdotal-e-missao\/\"> <span class=\"screen-reader-text\">Junho: M\u00eas do amor, Cora\u00e7\u00e3o de Jesus, Ano Sacerdotal e Miss\u00e3o<\/span> Leia mais &raquo;<\/a><\/p>\n","protected":false},"author":83,"featured_media":0,"comment_status":"open","ping_status":"open","sticky":false,"template":"","format":"standard","meta":{"site-sidebar-layout":"default","site-content-layout":"default","ast-global-header-display":"","ast-banner-title-visibility":"","ast-main-header-display":"","ast-hfb-above-header-display":"","ast-hfb-below-header-display":"","ast-hfb-mobile-header-display":"","site-post-title":"","ast-breadcrumbs-content":"","ast-featured-img":"","footer-sml-layout":"","theme-transparent-header-meta":"","adv-header-id-meta":"","stick-header-meta":"","header-above-stick-meta":"","header-main-stick-meta":"","header-below-stick-meta":""},"categories":[758],"tags":[],"acf":[],"_links":{"self":[{"href":"https:\/\/www.cnbb.org.br\/cnbb-app\/wp\/v2\/posts\/11877"}],"collection":[{"href":"https:\/\/www.cnbb.org.br\/cnbb-app\/wp\/v2\/posts"}],"about":[{"href":"https:\/\/www.cnbb.org.br\/cnbb-app\/wp\/v2\/types\/post"}],"author":[{"embeddable":true,"href":"https:\/\/www.cnbb.org.br\/cnbb-app\/wp\/v2\/users\/83"}],"replies":[{"embeddable":true,"href":"https:\/\/www.cnbb.org.br\/cnbb-app\/wp\/v2\/comments?post=11877"}],"version-history":[{"count":0,"href":"https:\/\/www.cnbb.org.br\/cnbb-app\/wp\/v2\/posts\/11877\/revisions"}],"wp:attachment":[{"href":"https:\/\/www.cnbb.org.br\/cnbb-app\/wp\/v2\/media?parent=11877"}],"wp:term":[{"taxonomy":"category","embeddable":true,"href":"https:\/\/www.cnbb.org.br\/cnbb-app\/wp\/v2\/categories?post=11877"},{"taxonomy":"post_tag","embeddable":true,"href":"https:\/\/www.cnbb.org.br\/cnbb-app\/wp\/v2\/tags?post=11877"}],"curies":[{"name":"wp","href":"https:\/\/api.w.org\/{rel}","templated":true}]}}