{"id":11884,"date":"2009-12-14T00:00:00","date_gmt":"2009-12-14T02:00:00","guid":{"rendered":"https:\/\/www.cnbb.org.br\/reconciliacao\/"},"modified":"2009-12-14T00:00:00","modified_gmt":"2009-12-14T02:00:00","slug":"reconciliacao","status":"publish","type":"post","link":"https:\/\/www.cnbb.org.br\/reconciliacao\/","title":{"rendered":"Reconcilia\u00e7\u00e3o"},"content":{"rendered":"<p style=\"text-align: justify\">O tempo do advento, que na liturgia da Igreja, indica o tempo de prepara\u00e7\u00e3o para a recorda\u00e7\u00e3o do nascimento de Jesus Cristo, \u00e9 o momento prop\u00edcio para uma completa revis\u00e3o de nossa vida, confrontando-a com a mensagem do Evangelho.<\/p>\n<p>  <!--more-->  <\/p>\n<p style=\"text-align: justify\">O Natal, assim, n\u00e3o pode ser, apenas, uma festa capitalista do consumo, pois, a singeleza do pres\u00e9pio fala muito mais de pobreza, doa\u00e7\u00e3o, renuncia e compromisso com tudo o que a pessoa de Jesus Cristo significa.<\/p>\n<p style=\"text-align: justify\">Ent\u00e3o, assim pensando, o Natal \u00e9 tempo de reconcilia\u00e7\u00e3o, consigo mesmo, frente aos valores evang\u00e9licos, acaso esquecidos e com os irm\u00e3os, tempo de perd\u00e3o, paz, fraternidade, solidariedade.<\/p>\n<p style=\"text-align: justify\">Perdoar n\u00e3o \u00e9 f\u00e1cil, mas, contudo, \u00e9 necess\u00e1rio, pois o perd\u00e3o beneficia a quem perdoa. O perdoado, muitas vezes est\u00e1 dan\u00e7ando e cantando na vida e sequer lembra-se daquele que dele guarda rancor e m\u00e1goa.<\/p>\n<p style=\"text-align: justify\">Lembremo-nos que Jesus Cristo no supl\u00edcio da cruz, a mais cruel e dolorosa das penas capitais, perdoou carinhosamente aqueles que nela o pregaram e amar aqueles que n\u00e3o nos s\u00e3o agrad\u00e1veis, \u00e9 um mandamento do Senhor: amai vossos inimigos, rezai por aqueles que vos perseguem.<\/p>\n<p style=\"text-align: justify\">N\u00e3o se pense, todavia, que essa reconcilia\u00e7\u00e3o deva existir, apenas na \u00e9poca do Natal, mas deve ser marco inicial de uma caminhada, pois importante \u00e9 dar os primeiros passos e, para isso, a \u00e9poca \u00e9 muito prop\u00edcia.<\/p>\n<p style=\"text-align: justify\">No tempo de Natal, a figura de Jo\u00e3o Batista assume uma proemin\u00eancia\u00a0 muito grande, porque ele \u00e9 o profeta que, no tempo prop\u00edcio, veio preparar a vinda pr\u00f3xima do Salvador.<\/p>\n<p style=\"text-align: justify\">Jo\u00e3o Batista \u00e9 uma pessoa austera que pregou a convers\u00e3o do cora\u00e7\u00e3o como meio mais adequado para a vinda pr\u00f3xima do Senhor.<\/p>\n<p style=\"text-align: justify\">O precursor, Jo\u00e3o Batista apresenta sua prega\u00e7\u00e3o com imagens simb\u00f3licas, com lastro no profeta Isaias: preparai os caminhos do Senhor, endireitai as veredas para ele. Todo vale ser\u00e1 aterrado, toda montanha e colina ser\u00e3o rebaixadas, as passagens tortuosas ser\u00e3o endireitadas e os caminhos esburacados, aplainados e todos ver\u00e3o a salva\u00e7\u00e3o que vem de Deus.<\/p>\n<p style=\"text-align: justify\">Essa simbologia traz uma verdade bem mais profunda: devemos preparar os caminhos de nosso cora\u00e7\u00e3o para o Senhor que v\u00eam na pessoa do menino Jesus, abandonando toda forma de ego\u00edsmo e tornando nosso cora\u00e7\u00e3o manso e humilde. Produzi frutos que mostrem a vossa convers\u00e3o, diz Jo\u00e3o Batista, e n\u00e3o come\u00e7ais a dizer a v\u00f3s mesmos, continua ele: Nosso Pai \u00e9 Abra\u00e3o&#8230; Toda \u00e1rvore que n\u00e3o der bom fruto ser\u00e1 cortada.<\/p>\n<p style=\"text-align: justify\">Jo\u00e3o Batista prega a convers\u00e3o do cora\u00e7\u00e3o, atrav\u00e9s da mudan\u00e7a dos crit\u00e9rios usuais: aquele que tem duas t\u00fanicas d\u00ea uma ao que n\u00e3o tem; os cobradores de impostos, tidos na \u00e9poca como pecadores, pois estavam a servi\u00e7o do poder romano, que cobrem, apenas, o que for justo; os soldados, que n\u00e3o exijam dinheiro a for\u00e7a dos cidad\u00e3os, nem fa\u00e7am acusa\u00e7\u00f5es mentirosas.<\/p>\n<p style=\"text-align: justify\">N\u00f3s, crist\u00e3os, precisamos, urgentemente, restaurar o sentido evang\u00e9lico do Natal, o qual n\u00e3o pode converter-se, t\u00e3o somente, na festa capitalista das compras desenfreadas, pois, o menino Jesus nasceu pobre, sem um local apropriado para nascer e sua presen\u00e7a entre n\u00f3s \u00e9 motivo de alegria, mas, principalmente, de tomada de consci\u00eancia para adotarmos novos crit\u00e9rios de vida.<\/p>\n<p style=\"text-align: justify\">Desejo que os meus leitores possam comungar com o Beato Charles de Foucauld no apelo que faz para que sermos \u201c Pobre com Jesus\u201d e desta forma buscar no Natal uma nova fonte de crit\u00e9rios de vida: \u201cDesde o seu nascimento, ele continua a nos instruir por seu exemplo e a nos pregar a pobreza, a extrema humildade, o sofrimento (&#8230;) como apareceu como o \u00faltimo oper\u00e1rio (&#8230;) (eu devo) ser t\u00e3o pequeno quanto meu Mestre, para estar com ele, para caminhar atr\u00e1s dele, passo a passo, como dom\u00e9stico fiel, disc\u00edpulo fiel&#8230; irm\u00e3o fiel.\u201d\u201cTenhamos como Jesus essa pobreza que consiste em viver como os pobres, em n\u00e3o ter como habita\u00e7\u00e3o, alimento, vestimenta e bens materiais de todo tipo mais do que o necess\u00e1rio, como t\u00eam os pobres. Tenhamos uma pobreza que n\u00e3o seja convencional, mas a pobreza dos pobres.\u201d (Confira 15 dias de Ora\u00e7\u00e3o com Charles de Foucauld \u2013 Michel Lafon \u2013 Paulinas \u2013 Pag.35 e 37).<\/p>\n<p style=\"text-align: justify\">Bem, o que propomos n\u00e3o \u00e9 f\u00e1cil, mas ele, Jesus Cristo, disse: \u201cAprendei de mim, que sou manso e humilde de cora\u00e7\u00e3o.\u201d \u201cFelizes os pobres, porque deles \u00e9 o reino dos c\u00e9us.\u201d<\/p>\n<p style=\"text-align: justify\">Por isso nesse tempo forte do Advento procuremos o sacramento da penit\u00eancia, com reta inten\u00e7\u00e3o de n\u00e3o mais pecar, procurando a reconcilia\u00e7\u00e3o com Deus, com a comunidade eclesial e com os irm\u00e3os e irm\u00e3os. Assim estaremos prontos para Alegrarmos com a chegada do Salvador, que ser\u00e1 Natal para cada um de n\u00f3s!<\/p>\n<h4 style=\"text-align: right\">Dom Eurico dos Santos Veloso<\/h4>\n","protected":false},"excerpt":{"rendered":"<p>O tempo do advento, que na liturgia da Igreja, indica o tempo de prepara\u00e7\u00e3o para a recorda\u00e7\u00e3o do nascimento de Jesus Cristo, \u00e9 o momento prop\u00edcio para uma completa revis\u00e3o de nossa vida, confrontando-a com a mensagem do Evangelho.<\/p>\n","protected":false},"author":83,"featured_media":0,"comment_status":"open","ping_status":"open","sticky":false,"template":"","format":"standard","meta":{"site-sidebar-layout":"default","site-content-layout":"default","ast-global-header-display":"","ast-banner-title-visibility":"","ast-main-header-display":"","ast-hfb-above-header-display":"","ast-hfb-below-header-display":"","ast-hfb-mobile-header-display":"","site-post-title":"","ast-breadcrumbs-content":"","ast-featured-img":"","footer-sml-layout":"","theme-transparent-header-meta":"","adv-header-id-meta":"","stick-header-meta":"","header-above-stick-meta":"","header-main-stick-meta":"","header-below-stick-meta":""},"categories":[758],"tags":[],"acf":[],"_links":{"self":[{"href":"https:\/\/www.cnbb.org.br\/cnbb-app\/wp\/v2\/posts\/11884"}],"collection":[{"href":"https:\/\/www.cnbb.org.br\/cnbb-app\/wp\/v2\/posts"}],"about":[{"href":"https:\/\/www.cnbb.org.br\/cnbb-app\/wp\/v2\/types\/post"}],"author":[{"embeddable":true,"href":"https:\/\/www.cnbb.org.br\/cnbb-app\/wp\/v2\/users\/83"}],"replies":[{"embeddable":true,"href":"https:\/\/www.cnbb.org.br\/cnbb-app\/wp\/v2\/comments?post=11884"}],"version-history":[{"count":0,"href":"https:\/\/www.cnbb.org.br\/cnbb-app\/wp\/v2\/posts\/11884\/revisions"}],"wp:attachment":[{"href":"https:\/\/www.cnbb.org.br\/cnbb-app\/wp\/v2\/media?parent=11884"}],"wp:term":[{"taxonomy":"category","embeddable":true,"href":"https:\/\/www.cnbb.org.br\/cnbb-app\/wp\/v2\/categories?post=11884"},{"taxonomy":"post_tag","embeddable":true,"href":"https:\/\/www.cnbb.org.br\/cnbb-app\/wp\/v2\/tags?post=11884"}],"curies":[{"name":"wp","href":"https:\/\/api.w.org\/{rel}","templated":true}]}}