{"id":11886,"date":"2009-11-19T00:00:00","date_gmt":"2009-11-19T02:00:00","guid":{"rendered":"https:\/\/www.cnbb.org.br\/o-dia-de-oracao-pelas-monjas\/"},"modified":"2009-11-19T00:00:00","modified_gmt":"2009-11-19T02:00:00","slug":"o-dia-de-oracao-pelas-monjas","status":"publish","type":"post","link":"https:\/\/www.cnbb.org.br\/o-dia-de-oracao-pelas-monjas\/","title":{"rendered":"O dia de ora\u00e7\u00e3o pelas monjas"},"content":{"rendered":"<div style=\"text-align: justify\"><\/div>\n<p style=\"text-align: justify\">Ainda como Diocese, nossa Arquidiocese recebeu a 13 de junho de 1960 a comunidade fundadora das Monjas Beneditinas do Mosteiro da Santa Cruz; elas provinham, a Convite de Dom Geraldo de Morais Penido, meu ilustre antecessor \u2013 de quem tive a honra de ter sido seminarista e por ele ordenado presb\u00edtero, da Abadia de Santa Maria, em S\u00e3o Paulo, que foi o primeiro Mosteiro de Monjas Beneditinas de toda a Am\u00e9rica.<\/p>\n<p>  <!--more-->  <\/p>\n<p style=\"text-align: justify\">Esse mosteiro tem se mantido como um farol, de cont\u00ednua luminosidade, a irradiar a espiritualidade beneditina do ORA, LABORA ET LEGE em nossa terra.<\/p>\n<p style=\"text-align: justify\">As monjas est\u00e3o bem unidas, por meio da ora\u00e7\u00e3o, ao projeto evangelizador que sempre foi proposto para o an\u00fancio de Jesus Cristo, vivendo, de modo especial, tamb\u00e9m a voca\u00e7\u00e3o de serem disc\u00edpulas mission\u00e1rias, oferecendo suas vidas como h\u00f3stias vivas e agrad\u00e1veis ao Senhor, afastadas do mundo, na clausura, mas profundamente preocupadas para que esse mundo descubra os inenarr\u00e1veis valores das coisas do alto.<\/p>\n<p style=\"text-align: justify\">Em concomit\u00e2ncia com a mem\u00f3ria da Apresenta\u00e7\u00e3o de Nossa Senhora ao Templo de Jerusal\u00e9m, que celebramos no dia 21 de novembro, a Igreja realiza a jornada mundial pro orantibus. Desde 1959, portanto h\u00e1 cinquenta anos, o Papa Beato Jo\u00e3o XXIII instituiu esse dia como dia de ora\u00e7\u00e3o e de coleta, de toda a Igreja, por aquelas que n\u00e3o cessam de rezar, intecedendo por todos e cada um de n\u00f3s.<\/p>\n<p style=\"text-align: justify\">\u00c9 para n\u00f3s um grande gra\u00e7a ter um Mosteiro entre n\u00f3s, por isso mesmo \u00e9 necess\u00e1rio que o conhe\u00e7amos para que valorizemos essa presen\u00e7a orante, mas n\u00e3o nos esque\u00e7amos de rezar por elas nesse dia, pedindo que o Senhor suscite sempre novas voca\u00e7\u00f5es e para que cres\u00e7am cada dia mais no conhecimento do amor de Deus, refletindo a alegria de servir ao Tudo, na comunidade, reflexo testemunhal da pr\u00f3pria Trindade Santa, perfeita comunidade.<\/p>\n<p style=\"text-align: justify\">Por fim, ao convidar a todos os meus leitores a rezarem pelas Monjas do Mosteiro da Santa Cruz de Juiz de Fora, lan\u00e7o um apelo para que voc\u00ea que ainda n\u00e3o conhece o Mosteiro da Santa Cruz que o visite, que adquira os trabalhos manuais feitos, com esmero e ora\u00e7\u00e3o, pelas Monjas e que seja voc\u00ea, tamb\u00e9m, um assinante das publica\u00e7\u00f5es da Editora Subiaco. Vale a pena entrar no mist\u00e9rio destas mulheres orantes que nos levam a Deus. O endere\u00e7o do Mosteiro da Santa Cruz \u00e9 na Rua Professor Coelho e Souza, 95, em Juiz de Fora. Visite as irm\u00e3s e reze com elas pela Igreja de Juiz de Fora e que peregrina no\u00a0 mundo.<\/p>\n<h4 style=\"text-align: right\">Dom Eurico dos Santos Veloso<\/h4>\n","protected":false},"excerpt":{"rendered":"<p>Ainda como Diocese, nossa Arquidiocese recebeu a 13 de junho de 1960 a comunidade fundadora das Monjas Beneditinas do Mosteiro da Santa Cruz; elas provinham, a Convite de Dom Geraldo de Morais Penido, meu ilustre antecessor \u2013 de quem tive a honra de ter sido seminarista e por ele ordenado presb\u00edtero, da Abadia de Santa &hellip;<\/p>\n<p class=\"read-more\"> <a class=\"\" href=\"https:\/\/www.cnbb.org.br\/o-dia-de-oracao-pelas-monjas\/\"> <span class=\"screen-reader-text\">O dia de ora\u00e7\u00e3o pelas monjas<\/span> Leia mais &raquo;<\/a><\/p>\n","protected":false},"author":83,"featured_media":0,"comment_status":"open","ping_status":"open","sticky":false,"template":"","format":"standard","meta":{"site-sidebar-layout":"default","site-content-layout":"default","ast-global-header-display":"","ast-banner-title-visibility":"","ast-main-header-display":"","ast-hfb-above-header-display":"","ast-hfb-below-header-display":"","ast-hfb-mobile-header-display":"","site-post-title":"","ast-breadcrumbs-content":"","ast-featured-img":"","footer-sml-layout":"","theme-transparent-header-meta":"","adv-header-id-meta":"","stick-header-meta":"","header-above-stick-meta":"","header-main-stick-meta":"","header-below-stick-meta":""},"categories":[758],"tags":[],"acf":[],"_links":{"self":[{"href":"https:\/\/www.cnbb.org.br\/cnbb-app\/wp\/v2\/posts\/11886"}],"collection":[{"href":"https:\/\/www.cnbb.org.br\/cnbb-app\/wp\/v2\/posts"}],"about":[{"href":"https:\/\/www.cnbb.org.br\/cnbb-app\/wp\/v2\/types\/post"}],"author":[{"embeddable":true,"href":"https:\/\/www.cnbb.org.br\/cnbb-app\/wp\/v2\/users\/83"}],"replies":[{"embeddable":true,"href":"https:\/\/www.cnbb.org.br\/cnbb-app\/wp\/v2\/comments?post=11886"}],"version-history":[{"count":0,"href":"https:\/\/www.cnbb.org.br\/cnbb-app\/wp\/v2\/posts\/11886\/revisions"}],"wp:attachment":[{"href":"https:\/\/www.cnbb.org.br\/cnbb-app\/wp\/v2\/media?parent=11886"}],"wp:term":[{"taxonomy":"category","embeddable":true,"href":"https:\/\/www.cnbb.org.br\/cnbb-app\/wp\/v2\/categories?post=11886"},{"taxonomy":"post_tag","embeddable":true,"href":"https:\/\/www.cnbb.org.br\/cnbb-app\/wp\/v2\/tags?post=11886"}],"curies":[{"name":"wp","href":"https:\/\/api.w.org\/{rel}","templated":true}]}}