{"id":11889,"date":"2009-10-14T00:00:00","date_gmt":"2009-10-14T03:00:00","guid":{"rendered":"https:\/\/www.cnbb.org.br\/santa-teresa-de-avila\/"},"modified":"2009-10-14T00:00:00","modified_gmt":"2009-10-14T03:00:00","slug":"santa-teresa-de-avila","status":"publish","type":"post","link":"https:\/\/www.cnbb.org.br\/santa-teresa-de-avila\/","title":{"rendered":"Santa Teresa de \u00c1vila"},"content":{"rendered":"<p style=\"text-align: justify\">Teresa Sanchez Cepeda Davila y Ahumada nasceu em \u00c1vila, Castela, em 28 de mar\u00e7o de 1515. Era a terceira do casal Alonso Sanchez Cepeda e Beatriz Davila y Ahumada. Ela faleceu a 4 de outubro de 1542, mas por causa das reformas no calend\u00e1rio lit\u00fargico, considera-se a data de sua morte 15 de outubro. Foi beatificada em 1614 pelo Papa Paulo V e canonizada em 1622 por Greg\u00f3rio XV, com comemora\u00e7\u00e3o em 15 de outubro. Em 27 de setembro de 1970, foi proclamada Doutora da Igreja pelo Papa Paulo VI.<\/p>\n<p>  <!--more-->  <\/p>\n<p style=\"text-align: justify\">Bem, o grande legado \u00e0 Igreja dessa Santa m\u00edstica foi a reforma do Carmelo e sua contribui\u00e7\u00e3o para a experi\u00eancia met\u00f3dica da ora\u00e7\u00e3o pessoal na busca de uma intimidade maior com Deus.<\/p>\n<p style=\"text-align: justify\">Santa Teresa parte da ora\u00e7\u00e3o vocal, que havia praticado com as irm\u00e3s agostinianas, mas tece-lhe cr\u00edticas, pois no seu entendimento deve-se pensar no que se diz e n\u00e3o recitar muitas f\u00f3rmulas e mexer com os l\u00e1bios.<\/p>\n<p style=\"text-align: justify\">Segundo ela, o esp\u00edrito deve esvaziar-se, a imagina\u00e7\u00e3o e o entendimento calar-se. \u00c9 a ora\u00e7\u00e3o de recolhimento, na qual a alma deve aprender a amar.<\/p>\n<p style=\"text-align: justify\">Ela se fixa nos mist\u00e9rios da humanidade de Cristo, no seu sofrimento e pouco a pouco abandona o ser e o esp\u00edrito, desinteressando-se de si mesmo. A alma vive e v\u00ea, numa palavra, contempla. \u00c9 uma ora\u00e7\u00e3o ativa, laboriosa, volunt\u00e1ria e perseverante.<\/p>\n<p style=\"text-align: justify\">Falando as irm\u00e3s do Carmelo diz: \u201cN\u00e3o sabeis o que \u00e9 ora\u00e7\u00e3o mental. Nem como se faz a vocal. Nem o que \u00e9 contempla\u00e7\u00e3o&#8230; Comecemos por nos perguntar a quem vamos falar, e quem somos. N\u00e3o podemos dirigir a um pr\u00edncipe de modo t\u00e3o informal quanto a um trabalhador ou a pobres criaturas como n\u00f3s, a que se pode falar de qualquer jeito, e sempre est\u00e1 muito bem!\u201d \u201cDirige a Deus cada um dos teus atos, oferece-os e pede-lhe que seja com grande fervor e desejo de Deus. Em todas as coisas, observa a provid\u00eancia de Deus e sua sabedoria. Em tudo, envia-lhe o teu louvor. Em tempo de tristeza e de inquieta\u00e7\u00e3o, n\u00e3o abandones nem as boas obras de ora\u00e7\u00e3o, nem a penitencia a que est\u00e1s habituada. Antes as intensifica. E ver\u00e1s com que \u201cprontid\u00e3o o Senhor te sustenta.\u201d \u201cQue teu desejo seja ver Deus. Teu temor, perd\u00ea-lo. Tua dor, n\u00e3o te comprazeres na sua presen\u00e7a. Tua satisfa\u00e7\u00e3o, o que pode conduzir-te a ele. E viver\u00e1s numa grande paz.\u201d \u201cQuem verdadeiramente ama a Deus, ama tudo o que \u00e9 bom, quer tudo o que \u00e9 bom, favorece tudo o que \u00e9 bom; louva todo o bem, com os bons se junta sempre, para apoi\u00e1-los e defend\u00ea-los. Em uma palavra, s\u00f3 ama a verdade e o que \u00e9 digno de ser amado.\u201d \u201cQuando recito o pai-nosso, ser\u00e1 um sinal de amor lembrar quem \u00e9 esse Pai e tamb\u00e9m quem \u00e9 o Mestre que nos ensinou essa ora\u00e7\u00e3o. \u201c\u00d2 meu Senhor, como vos mostrais Pai de tal Filho, e como vosso Filho revela que veio de tal Pai. Bendito seja para sempre. Pai nosso, que estais no c\u00e9u&#8230; Com quanta raz\u00e3o a alma estaria em si; poderia ent\u00e3o elevar-se acima de si mesma e escutar o que lhe ensinaria o Filho bendito sobre o lugar em que \u2013 afirma ela \u2013 est\u00e1 o Pai. \u201cDeixemos a terra, minhas filhas; n\u00e3o \u00e9 justo que apreciemos t\u00e3o mal um favor como esse, e que, depois de ter compreendido sua grandeza, continuemos sobre a terra.\u201d (cf. Ora\u00e7\u00f5es e recomenda\u00e7\u00f5es de Santa Teresa, extra\u00eddas do livro: \u201cOrar com Santa Teresa de \u00c1vila \u2013 Edi\u00e7\u00f5es Loyola \u2013 1987.)<\/p>\n<p style=\"text-align: justify\">Assim, orar com os m\u00e9todos de Santa Teresa de \u00c1vila, nos leva ao encontro pessoal com nosso Deus e Pai, uma vez que a ora\u00e7\u00e3o segundo nos ensina essa grande m\u00edstica \u00e9 um trato de amizade entre a alma e Deus. A ora\u00e7\u00e3o vem as ser, assim, um caminho que nos leva \u00e0 fonte de todo bem, Deus, e com a ora\u00e7\u00e3o aprendemos a rela\u00e7\u00e3o de depend\u00eancia que nos faz viver as entranhas maternais desse Deus que vela por todos n\u00f3s. Termino com a consagrada prece de entrega a Deus de nossas preocupa\u00e7\u00f5es e inquietudes, pois, para quem encontra Deus nada lhe falta. S\u00f3 Deus \u00e9 que preenche todo o nosso ser:<\/p>\n<div style=\"text-align: center\">\u201cNada te inquiete, nada te amedronte,<br \/> Tudo passa,<br \/> Deus n\u00e3o muda,<br \/> A paci\u00eancia tudo alcan\u00e7a;<br \/> A quem tem Deus, nada falta,<br \/> S\u00d3 DEUS BASTA.\u201d<br \/> Santa Tereza de \u00c1vila rogai por n\u00f3s.<\/div>\n<h4 style=\"text-align: right\">Dom Eurico dos Santos Veloso<\/h4>\n","protected":false},"excerpt":{"rendered":"<p>Teresa Sanchez Cepeda Davila y Ahumada nasceu em \u00c1vila, Castela, em 28 de mar\u00e7o de 1515. Era a terceira do casal Alonso Sanchez Cepeda e Beatriz Davila y Ahumada. Ela faleceu a 4 de outubro de 1542, mas por causa das reformas no calend\u00e1rio lit\u00fargico, considera-se a data de sua morte 15 de outubro. Foi &hellip;<\/p>\n<p class=\"read-more\"> <a class=\"\" href=\"https:\/\/www.cnbb.org.br\/santa-teresa-de-avila\/\"> <span class=\"screen-reader-text\">Santa Teresa de \u00c1vila<\/span> Leia mais &raquo;<\/a><\/p>\n","protected":false},"author":83,"featured_media":0,"comment_status":"open","ping_status":"open","sticky":false,"template":"","format":"standard","meta":{"site-sidebar-layout":"default","site-content-layout":"default","ast-global-header-display":"","ast-banner-title-visibility":"","ast-main-header-display":"","ast-hfb-above-header-display":"","ast-hfb-below-header-display":"","ast-hfb-mobile-header-display":"","site-post-title":"","ast-breadcrumbs-content":"","ast-featured-img":"","footer-sml-layout":"","theme-transparent-header-meta":"","adv-header-id-meta":"","stick-header-meta":"","header-above-stick-meta":"","header-main-stick-meta":"","header-below-stick-meta":""},"categories":[758],"tags":[],"acf":[],"_links":{"self":[{"href":"https:\/\/www.cnbb.org.br\/cnbb-app\/wp\/v2\/posts\/11889"}],"collection":[{"href":"https:\/\/www.cnbb.org.br\/cnbb-app\/wp\/v2\/posts"}],"about":[{"href":"https:\/\/www.cnbb.org.br\/cnbb-app\/wp\/v2\/types\/post"}],"author":[{"embeddable":true,"href":"https:\/\/www.cnbb.org.br\/cnbb-app\/wp\/v2\/users\/83"}],"replies":[{"embeddable":true,"href":"https:\/\/www.cnbb.org.br\/cnbb-app\/wp\/v2\/comments?post=11889"}],"version-history":[{"count":0,"href":"https:\/\/www.cnbb.org.br\/cnbb-app\/wp\/v2\/posts\/11889\/revisions"}],"wp:attachment":[{"href":"https:\/\/www.cnbb.org.br\/cnbb-app\/wp\/v2\/media?parent=11889"}],"wp:term":[{"taxonomy":"category","embeddable":true,"href":"https:\/\/www.cnbb.org.br\/cnbb-app\/wp\/v2\/categories?post=11889"},{"taxonomy":"post_tag","embeddable":true,"href":"https:\/\/www.cnbb.org.br\/cnbb-app\/wp\/v2\/tags?post=11889"}],"curies":[{"name":"wp","href":"https:\/\/api.w.org\/{rel}","templated":true}]}}