{"id":11896,"date":"2009-09-01T00:00:00","date_gmt":"2009-09-01T03:00:00","guid":{"rendered":"https:\/\/www.cnbb.org.br\/expectativas-quanto-ao-acordo\/"},"modified":"2009-09-01T00:00:00","modified_gmt":"2009-09-01T03:00:00","slug":"expectativas-quanto-ao-acordo","status":"publish","type":"post","link":"https:\/\/www.cnbb.org.br\/expectativas-quanto-ao-acordo\/","title":{"rendered":"Expectativas quanto ao acordo"},"content":{"rendered":"<p style=\"text-align: justify\">Ap\u00f3s a vota\u00e7\u00e3o, na \u00faltima semana, do Acordo entre o Brasil e Santa S\u00e9, na C\u00e2mara dos Deputados, aguardamos agora, ansiosos, ao desfecho no Senado da Rep\u00fablica. \u00c9 ineg\u00e1vel que a sensibilidade que os senhores deputados federais tiveram em compreender a utilidade desse documento tenha sido fruto de uma capacidade peculiar de entendimento, uma vez cr\u00edticas, umas sem fundamento, outras maliciosas, tentavam desarticular o trabalho realizado pelo relator do projeto no Congresso. A aprova\u00e7\u00e3o do Acordo na C\u00e2mara, sem d\u00favida, foi tamb\u00e9m uma aten\u00e7\u00e3o para com os cat\u00f3licos, que constituem a maioria da popula\u00e7\u00e3o brasileira.<\/p>\n<p>  <!--more-->  <\/p>\n<p style=\"text-align: justify\">Desde que o documento assinado no Vaticano, em novembro de 2008, durante a visita do Presidente Lula ao Papa Bento XVI, n\u00e3o poucas cr\u00edticas tem sido lan\u00e7adas, em detrimento do \u00eaxito desse acordo internacional que, em nada, fere a Constitui\u00e7\u00e3o do Brasil. \u00c0 falta de informa\u00e7\u00e3o da popula\u00e7\u00e3o, infelizmente muitas vezes, em grande parte, alheia aos assuntos relevantes discutidos naquela casa, a n\u00e3o ser quando movida pelos \u00f3rg\u00e3os formadores de opini\u00e3o, uma recente pesquisa realizada por um instituto credenciado, preocupou-nos pelo tom tendencioso com que se dirigiu aos entrevistados.<\/p>\n<p style=\"text-align: justify\">Com rela\u00e7\u00e3o ao teor do Acordo, os bispos, padres, estudiosos, juristas, muitos artigos j\u00e1 foram escritos para explicar aos brasileiros, cat\u00f3licos e n\u00e3o cat\u00f3licos, sobre sua legitimidade. Muito mais, buscou-se esclarecer, e torno a insistir, que n\u00e3o se trata de privil\u00e9gio exclusivo \u00e0 Igreja Cat\u00f3lica. O Documento \u00e9 um Acordo diplom\u00e1tico, muito comum entre os pa\u00edses, mesmo de maioria n\u00e3o cat\u00f3lica, como os isl\u00e2micos. Mas no Brasil, infelizmente, n\u00e3o sabemos quem ao certo, est\u00e1 se promovendo uma odiosa campanha contra a Igreja Cat\u00f3lica.<\/p>\n<p style=\"text-align: justify\">Ora, antes de tudo deve-se observar que o Acordo n\u00e3o \u00e9 com a Igreja Cat\u00f3lica, enquanto religi\u00e3o, mas com a Santa S\u00e9, enquanto Estado. No entanto, a referida pesquisa parece ter buscado induzir ardilosamente as pessoas ouvidas com essa equivocada premissa: \u201cAtualmente existe no Congresso Nacional uma proposta de acordo entre o Brasil e a Igreja Cat\u00f3lica, que dar\u00e1 mais direitos \u00e0 Igreja Cat\u00f3lica em territ\u00f3rio nacional\u201d. N\u00e3o se trata da metodologia utilizada, nem mesmo da realiza\u00e7\u00e3o de uma pesquisa de opini\u00e3o p\u00fablica. No entanto, a forma como se procedeu \u00e0 consulta leva-nos a questionar: quem contratou essa pesquisa? Qual o interesse de se obt\u00ea-la? E por que ainda n\u00e3o foi divulgada, se se realizou em meados do m\u00eas de julho?<\/p>\n<p style=\"text-align: justify\">Pela forma como foi encomendada, certamente seja de interesse de grupos contr\u00e1rios \u00e0 aprova\u00e7\u00e3o do Acordo, que dever\u00e1 ser levado a vota\u00e7\u00e3o em plen\u00e1rio nos pr\u00f3ximos dias. O interesse, obviamente, e como atesta o resultado, \u00e9 desarticular o seu processo no Congresso, o que parece desejarem fazer \u00e0s v\u00e9speras da vota\u00e7\u00e3o, em resposta \u00e0 \u00faltima quest\u00e3o proposta acima, para confundir mais ainda os brasileiros e desorientar os parlamentares. Ademais, o n\u00famero de entrevistados \u00e9 \u00ednfimo diante da popula\u00e7\u00e3o do pa\u00eds.<\/p>\n<p style=\"text-align: justify\">Um dos graves problemas que sempre afetou nosso povo \u00e9 a falta de informa\u00e7\u00e3o clara, sem nenhuma manipula\u00e7\u00e3o. A indu\u00e7\u00e3o atrapalha o tr\u00e2mite dos trabalhos que, antes de tudo, beneficia a popula\u00e7\u00e3o. E agora estamos vendo, mais uma vez, o exemplo disso. Um verdadeiro bombardeio est\u00e1 sendo lan\u00e7ados a partir das reda\u00e7\u00f5es de grandes jornais do pa\u00eds contra o Acordo. Por qu\u00ea? Interesses alheios ao bem comum, obviamente, com o intento de denegrir, ainda, a imagem da Igreja, como oportunista. Enfim, informa\u00e7\u00f5es falsas lan\u00e7adas a mancheias \u00e0 opini\u00e3o p\u00fablica.<\/p>\n<p style=\"text-align: justify\">Reiterando o que disse em recente artigo, essa comunh\u00e3o que se promove \u00e9 uma capacidade que o Estado democr\u00e1tico laico \u00e9 capaz de proporcionar: o respeito entre as partes, desde que solidificados sobre os fundamentos \u00e9ticos e morais, com o intento de promover o crescimento e o bem-estar comum dos cidad\u00e3os, sem descartar a possibilidade de outras cren\u00e7as se beneficiarem desse Acordo.<\/p>\n<p style=\"text-align: justify\">Como exemplo, podemos citar a It\u00e1lia, que regularizou suas rela\u00e7\u00f5es com a Assembl\u00e9ia de Deus, com os Metodistas, os Adventistas do S\u00e9timo Dia, bem como luteranos, batistas e judeus. E n\u00e3o \u00e9 somente a It\u00e1lia, mas a Alemanha, Fran\u00e7a, diversos pa\u00edses da Am\u00e9rica Latina j\u00e1 realizaram esse Acordo e com a Santa S\u00e9.<\/p>\n<p style=\"text-align: justify\">Agora, a mesma solicita\u00e7\u00e3o que fizemos aos senhores deputados federais h\u00e1 algumas semanas, dirigimo-la aos senhores senadores da Rep\u00fablica. Esse acordo diplom\u00e1tico n\u00e3o privilegia apenas uma parte, mas ambas se beneficiam com ele. Reafirmamos que, com a aprova\u00e7\u00e3o do acordo no Senado Federal, prestigia-se o estado de direito, a norma jur\u00eddica, a tecnicidade e torna ainda mais f\u00e1cil continuar praticando os muitos servi\u00e7os que a Igreja Cat\u00f3lica presta no campo social, educacional, da sa\u00fade, da assist\u00eancia ao idoso, enfim, de uma maneira ampla ao povo brasileiro. Repito: n\u00e3o se trata de um benef\u00edcio \u00e0 Igreja apenas, mas a toda a popula\u00e7\u00e3o.<\/p>\n<h4 style=\"text-align: right\">Dom Eurico dos Santos Veloso<\/h4>\n","protected":false},"excerpt":{"rendered":"<p>Ap\u00f3s a vota\u00e7\u00e3o, na \u00faltima semana, do Acordo entre o Brasil e Santa S\u00e9, na C\u00e2mara dos Deputados, aguardamos agora, ansiosos, ao desfecho no Senado da Rep\u00fablica. \u00c9 ineg\u00e1vel que a sensibilidade que os senhores deputados federais tiveram em compreender a utilidade desse documento tenha sido fruto de uma capacidade peculiar de entendimento, uma vez &hellip;<\/p>\n<p class=\"read-more\"> <a class=\"\" href=\"https:\/\/www.cnbb.org.br\/expectativas-quanto-ao-acordo\/\"> <span class=\"screen-reader-text\">Expectativas quanto ao acordo<\/span> Leia mais &raquo;<\/a><\/p>\n","protected":false},"author":83,"featured_media":0,"comment_status":"open","ping_status":"open","sticky":false,"template":"","format":"standard","meta":{"site-sidebar-layout":"default","site-content-layout":"default","ast-global-header-display":"","ast-banner-title-visibility":"","ast-main-header-display":"","ast-hfb-above-header-display":"","ast-hfb-below-header-display":"","ast-hfb-mobile-header-display":"","site-post-title":"","ast-breadcrumbs-content":"","ast-featured-img":"","footer-sml-layout":"","theme-transparent-header-meta":"","adv-header-id-meta":"","stick-header-meta":"","header-above-stick-meta":"","header-main-stick-meta":"","header-below-stick-meta":""},"categories":[758],"tags":[],"acf":[],"_links":{"self":[{"href":"https:\/\/www.cnbb.org.br\/cnbb-app\/wp\/v2\/posts\/11896"}],"collection":[{"href":"https:\/\/www.cnbb.org.br\/cnbb-app\/wp\/v2\/posts"}],"about":[{"href":"https:\/\/www.cnbb.org.br\/cnbb-app\/wp\/v2\/types\/post"}],"author":[{"embeddable":true,"href":"https:\/\/www.cnbb.org.br\/cnbb-app\/wp\/v2\/users\/83"}],"replies":[{"embeddable":true,"href":"https:\/\/www.cnbb.org.br\/cnbb-app\/wp\/v2\/comments?post=11896"}],"version-history":[{"count":0,"href":"https:\/\/www.cnbb.org.br\/cnbb-app\/wp\/v2\/posts\/11896\/revisions"}],"wp:attachment":[{"href":"https:\/\/www.cnbb.org.br\/cnbb-app\/wp\/v2\/media?parent=11896"}],"wp:term":[{"taxonomy":"category","embeddable":true,"href":"https:\/\/www.cnbb.org.br\/cnbb-app\/wp\/v2\/categories?post=11896"},{"taxonomy":"post_tag","embeddable":true,"href":"https:\/\/www.cnbb.org.br\/cnbb-app\/wp\/v2\/tags?post=11896"}],"curies":[{"name":"wp","href":"https:\/\/api.w.org\/{rel}","templated":true}]}}