{"id":11900,"date":"2009-07-21T00:00:00","date_gmt":"2009-07-21T03:00:00","guid":{"rendered":"https:\/\/www.cnbb.org.br\/nas-pegadas-do-redentor\/"},"modified":"2009-07-21T00:00:00","modified_gmt":"2009-07-21T03:00:00","slug":"nas-pegadas-do-redentor","status":"publish","type":"post","link":"https:\/\/www.cnbb.org.br\/nas-pegadas-do-redentor\/","title":{"rendered":"Nas pegadas do redentor"},"content":{"rendered":"<p>H\u00e1, entre os hinos religiosos que hoje entoamos inclusive na liturgia da missa, um que muito nos fala sobre a miss\u00e3o:\u201dVejam, eu andei pelas vilas\/ apontei as feridas, como o Pai me pediu.\/ Portas, eu cheguei para abri-las,eu curei as feridas\/como nunca se viu.\u201d   <!--more-->  <\/p>\n<p style=\"text-align: justify\">Repletos do Esp\u00edrito Santo, j\u00e1 naquela manh\u00e3 de Pentecostes, depois que Pedro proclamou para toda a Casa de Israel que Aquele a quem eles crucificaram e que ressuscitara dos mortos fora constitu\u00eddo por Deus como o Cristo e Senhor, os ap\u00f3stolos anunciaram o caminho da convers\u00e3o e da f\u00e9.(At.cap.2)<\/p>\n<p style=\"text-align: justify\">Durante sua vida p\u00fablica, Jesus ao enviar os disc\u00edpulos para a miss\u00e3o,instruiu-os a levar a paz a todos os que os recebessem, curando os enfermos e anunciando o novo Reino.(Luc. 10, 1-16). E no discurso apost\u00f3lico, narrado por Mateus (cap 10), n\u00e3o \u00e9 diferente a ordem: o an\u00fancio da Boa Nova do amor e da plena entrega a Deus.<\/p>\n<p style=\"text-align: justify\">Nada se fala de uma doutrina\u00e7\u00e3o, de apresenta\u00e7\u00e3o de um conjunto de regras a serem cumpridas. A miss\u00e3o \u00e9 clara. \u00c9 chegado o novo tempo predito por Isaias:\u201dO Esp\u00edrito do Senhor est\u00e1 sobre mim, eis porque Ele me ungiu e enviou a anunciar a Boa Nova aos pobres, curar os cora\u00e7\u00f5es contritos&#8230;(Is. 61)<\/p>\n<p style=\"text-align: justify\">O grande an\u00fancio mission\u00e1rio a que fomos chamados a levar a todos n\u00e3o \u00e9 um conjunto de doutrinas que enfeixam e amarram a Boa Nova. No mesmo cap\u00edtulo de Lucas, um legista, que vivia prisioneiro de tantas prescri\u00e7\u00f5es faris\u00e1icas, queria experimentar Jesus e perguntou-lhe o que deveria fazer para ganhar a vida eterna. O divino Mestre n\u00e3o lhe d\u00e1 um manual doutrin\u00e1rio, mas aponta o fundamento \u00fanico do Reino: o amor.<\/p>\n<p style=\"text-align: justify\">Muitas vezes nas nossas lides apost\u00f3licas preocupam-nos muito mais que o anuncio da liberta\u00e7\u00e3o pela f\u00e9 e o amor, as prescri\u00e7\u00f5es doutrin\u00e1rias. E aqueles que est\u00e3o ansiosos pela vida n\u00e3o a v\u00eaem na riqueza evang\u00e9lica diante das exig\u00eancias negativas, dos fardos pesados, como o dos fariseus, que deles exigimos como absolutos, e n\u00e3o como que nascendo espont\u00e2neos da f\u00e9.<\/p>\n<p style=\"text-align: justify\">N\u00e3o que a doutrina n\u00e3o seja necess\u00e1ria para o crescimento da vida crist\u00e3, especialmente numa comunidade. Mas \u00e9 fato seq\u00fcencial decorrente de uma vida nova de liberta\u00e7\u00e3o.<\/p>\n<p style=\"text-align: justify\">A convers\u00e3o se d\u00e1 em primeiro lugar pela aceita\u00e7\u00e3o do Cristo e do mist\u00e9rio da reden\u00e7\u00e3o, que nos concita a deixar uma vida de pecado para vivermos a vida da gra\u00e7a. \u201cConvertei-vos e crede no evangelho\u201d diz-nos a Igreja ao impor sobre nossas cabe\u00e7as as cinzas penitenciais na quaresma.<\/p>\n<p style=\"text-align: justify\">N\u00e3o vamos substituir as cadeias em que vivem os que est\u00e3o nas trevas do pecado, por pesadas correntes de preceitos, sen\u00e3o mostrar-lhes a liberdade dos filhos de Deus. Nossa miss\u00e3o \u00e9 abrir-lhes os cora\u00e7\u00f5es, para que se deixem conduzir pelo Esp\u00edrito de Deus e se reconhe\u00e7am filhos do Pai Celeste. E este esp\u00edrito n\u00e3o \u00e9 o esp\u00edrito de escravid\u00e3o, para recair no temor, mas o que nos faz livres para clamarmos com confian\u00e7a, Pai, meu Pai ( Rm. 8,14-17).<\/p>\n<p style=\"text-align: justify\">Naquele mesmo hino a que nos referimos no come\u00e7o deste artigo, h\u00e1 outra estrofe que reflete o pensamento que vimos desenvolvendo: \u201cVeja, eu quebrei as algemas,\/ levantei os ca\u00eddos,\/ de meu Pai fui as m\u00e3os.\/ La\u00e7os , recusei os esquemas, eu n\u00e3o quero oprimidos\/ quero um povo de irm\u00e3os\u201d.<\/p>\n<p style=\"text-align: justify\">\u00c0 imita\u00e7\u00e3o de Cristo, deve ser nosso apostolado. Alegre e livre para que todos vejam esperan\u00e7a que nossa prega\u00e7\u00e3o possa trazer a todo um povo sofrido. \u2018\u2019Significa isto\u201d, diz-nos o S.Padre, na sua Carta Enc\u00edclica Spe salvi, \u201cque o Evangelho n\u00e3o \u00e9 apenas uma comunica\u00e7\u00e3o de realidades que se podem saber, mas uma comunica\u00e7\u00e3o que gera fatos e muda a vida. A porta tenebrosa do tempo, do futuro, foi aberta de par em par. Quem tem esperan\u00e7a, vive diversamente; foi-lhe dada uma vida nova\u201d.<\/p>\n<p style=\"text-align: justify\">Que por onde andarmos, pela nossa vida e nossa prega\u00e7\u00e3o possamos irradiar a Luz de Cristo que dissipa as trevas e conduz-nos \u00e0 certeza da Vida.<\/p>\n<h4 style=\"text-align: right\">Dom Eurico dos Santos Veloso<\/h4>\n","protected":false},"excerpt":{"rendered":"<p>H\u00e1, entre os hinos religiosos que hoje entoamos inclusive na liturgia da missa, um que muito nos fala sobre a miss\u00e3o:\u201dVejam, eu andei pelas vilas\/ apontei as feridas, como o Pai me pediu.\/ Portas, eu cheguei para abri-las,eu curei as feridas\/como nunca se viu.\u201d<\/p>\n","protected":false},"author":83,"featured_media":0,"comment_status":"open","ping_status":"open","sticky":false,"template":"","format":"standard","meta":{"site-sidebar-layout":"default","site-content-layout":"default","ast-global-header-display":"","ast-banner-title-visibility":"","ast-main-header-display":"","ast-hfb-above-header-display":"","ast-hfb-below-header-display":"","ast-hfb-mobile-header-display":"","site-post-title":"","ast-breadcrumbs-content":"","ast-featured-img":"","footer-sml-layout":"","theme-transparent-header-meta":"","adv-header-id-meta":"","stick-header-meta":"","header-above-stick-meta":"","header-main-stick-meta":"","header-below-stick-meta":""},"categories":[758],"tags":[],"acf":[],"_links":{"self":[{"href":"https:\/\/www.cnbb.org.br\/cnbb-app\/wp\/v2\/posts\/11900"}],"collection":[{"href":"https:\/\/www.cnbb.org.br\/cnbb-app\/wp\/v2\/posts"}],"about":[{"href":"https:\/\/www.cnbb.org.br\/cnbb-app\/wp\/v2\/types\/post"}],"author":[{"embeddable":true,"href":"https:\/\/www.cnbb.org.br\/cnbb-app\/wp\/v2\/users\/83"}],"replies":[{"embeddable":true,"href":"https:\/\/www.cnbb.org.br\/cnbb-app\/wp\/v2\/comments?post=11900"}],"version-history":[{"count":0,"href":"https:\/\/www.cnbb.org.br\/cnbb-app\/wp\/v2\/posts\/11900\/revisions"}],"wp:attachment":[{"href":"https:\/\/www.cnbb.org.br\/cnbb-app\/wp\/v2\/media?parent=11900"}],"wp:term":[{"taxonomy":"category","embeddable":true,"href":"https:\/\/www.cnbb.org.br\/cnbb-app\/wp\/v2\/categories?post=11900"},{"taxonomy":"post_tag","embeddable":true,"href":"https:\/\/www.cnbb.org.br\/cnbb-app\/wp\/v2\/tags?post=11900"}],"curies":[{"name":"wp","href":"https:\/\/api.w.org\/{rel}","templated":true}]}}