{"id":11901,"date":"2009-07-15T00:00:00","date_gmt":"2009-07-15T03:00:00","guid":{"rendered":"https:\/\/www.cnbb.org.br\/nossa-senhora-do-carmo-1\/"},"modified":"2009-07-15T00:00:00","modified_gmt":"2009-07-15T03:00:00","slug":"nossa-senhora-do-carmo-1","status":"publish","type":"post","link":"https:\/\/www.cnbb.org.br\/nossa-senhora-do-carmo-1\/","title":{"rendered":"Nossa Senhora do Carmo"},"content":{"rendered":"<div style=\"text-align: justify\">No pr\u00f3ximo dia 16 de julho, iremos comemorar a festa de Nossa Senhora do Carmo, padroeira da Ordem Carmelitana. Essa festa remonta aos anos de 1376 e 1386, quando adveio o pio costume de celebrar uma festa especial em honra de Nossa Senhora, em a\u00e7\u00e3o de gra\u00e7as pela aprova\u00e7\u00e3o pontif\u00edcia da Regra Carmelitana, pelo Papa Hon\u00f3rio III, em 1226.<\/div>\n<p>  <!--more-->  <\/p>\n<p style=\"text-align: justify\">A data fixada de 16 de julho coincide, segundo a tradi\u00e7\u00e3o carmelitana, com a data em que Nossa Senhora apareceu a S\u00e3o Sim\u00e3o Stock e lhe entregou o escapul\u00e1rio. Com o passar do tempo, no in\u00edcio do s\u00e9culo XVII a data de dezesseis de julho se transformou em data oficial da \u201cfesta do escapul\u00e1rio\u201d e, imediatamente, come\u00e7ou a ser celebrada tamb\u00e9m fora da Ordem Carmelitana. Em 1726, esta data solidificou-se como a festa da Virgem do Carmo por toda a Igreja do Ocidente, pela a\u00e7\u00e3o do Papa Bento XIII. No pr\u00f3prio da missa do dia n\u00e3o se faz men\u00e7\u00e3o ao escapul\u00e1rio ou \u00e0 vis\u00e3o que teve S\u00e3o Sim\u00e3o; por\u00e9m, ambos os fatos s\u00e3o mencionados nas leituras do segundo noturno das Matinas no antigo Brevi\u00e1rio e o escapul\u00e1rio no pref\u00e1cio especial usado pelos carmelitas.<\/p>\n<p style=\"text-align: justify\">A Ordem dos Carmelitas, uma das mais antigas na hist\u00f3ria da Igreja, embora considere o profeta Elias como o seu patriarca modelo, n\u00e3o tem um verdadeiro fundador, mas um grande amor: o culto a Maria, honrada como a Bem-aventurada Virgem do Carmo. \u201cO Carmo &#8211; disse o cardeal Piazza, carmelita &#8211; existe para Maria e Maria \u00e9 tudo para o Carmelo, na sua origem e na sua hist\u00f3ria, na sua vida de lutas e de triunfos, na sua vida interior e espiritual\u201d.<\/p>\n<p style=\"text-align: justify\">Elias e Maria est\u00e3o unidos numa narra\u00e7\u00e3o que tem sabor de lenda. Refere o Livro das Institui\u00e7\u00f5es dos primeiros monges: \u201cEm lembran\u00e7a da vis\u00e3o que mostrou ao profeta a vinda desta Virgem sob a figura de uma pequena nuvem que sa\u00eda da terra e se dirigia para o Carmelo (1Rs 18,20-45), os monges, no ano 93 da Encarna\u00e7\u00e3o do Filho de Deus, destru\u00edram sua antiga casa e constru\u00edram uma capela sobre o monte Carmelo, na Palestina, perto da fonte de Elias em honra desta primeira Virgem voltada a Deus. Expulsos pelos sarracenos no s\u00e9culo XIII, os monges que haviam entretanto recebido do patriarca de Jerusal\u00e9m, Santo Alberto, uma regra aprovada em 1226 pelo papa Hon\u00f3rio III, voltaram ao Ocidente e na Europa fundaram v\u00e1rios mosteiros, superando v\u00e1rias dificuldades, nas quais, por\u00e9m, puderam experimentar a prote\u00e7\u00e3o da Virgem. Um epis\u00f3dio em particular sensibilizou os devotos: os irm\u00e3os suplicavam humildemente a Maria que os livrasse das ins\u00eddias infernais. A um deles, Sim\u00e3o Stock, enquanto assim rezava, a M\u00e3e de Deus apareceu acompanhada de uma multid\u00e3o de anjos, segurando nas m\u00e3os o escapul\u00e1rio da ordem e lhe disse: \u2018Eis o privil\u00e9gio que dou a ti e a todos os filhos do Carmelo: todo o que for revestido deste h\u00e1bito ser\u00e1 salvo\u2019\u201d.<\/p>\n<p style=\"text-align: justify\">Numa bula de 11 de fevereiro de 1950, o Papa Pio XII convidava a \u201ccolocar em primeiro lugar, entre as devo\u00e7\u00f5es marianas, o escapul\u00e1rio que est\u00e1 ao alcance de todos\u201d. Entendido como veste mariana, esse \u00e9 de fato um \u00f3timo s\u00edmbolo da prote\u00e7\u00e3o da M\u00e3e celeste, enquanto sacramental extrai o seu valor das ora\u00e7\u00f5es da Igreja e da confian\u00e7a e amor daqueles que o usam. Nossa Senhora \u00e9 a nossa M\u00e3e, colocada como insigne modelo de correspond\u00eancia \u00e0 gra\u00e7a e, ao contemplarmos a sua vida, o Senhor dar-nos-\u00e1 luz para que saibamos divinizar a nossa exist\u00eancia vulgar.<\/p>\n<p style=\"text-align: justify\">Durante o ano, quando celebramos as festas marianas, e cada dia em v\u00e1rias ocasi\u00f5es, n\u00f3s, os crist\u00e3os, pensamos muitas vezes na Virgem Maria. Se aproveitamos, na festa que se avizinha, esses instantes, imaginando como se comportaria a nossa M\u00e3e nas tarefas que temos de realizar, iremos aprendendo a pouco e pouco, at\u00e9 que acabaremos por nos parecermos com Ela, como os filhos se parecem com a sua m\u00e3e. Por isso somos chamados, como disc\u00edpulos-mission\u00e1rios de Jesus, a imitar, em primeiro lugar, o seu amor. A caridade n\u00e3o se limita a sentimentos: h\u00e1-de estar presente nas palavras e, sobretudo, nas obras. A Virgem n\u00e3o s\u00f3 disse fiat, mas tamb\u00e9m cumpriu essa decis\u00e3o firme e irrevog\u00e1vel a todo o momento. Assim, tamb\u00e9m n\u00f3s, quando o amor de Deus nos ferir e soubermos o que Ele quer, devemos comprometer-nos a ser fi\u00e9is, leais, mas a s\u00ea-lo efetivamente, porque \u201cnem todo o que me diz: Senhor, Senhor, entrar\u00e1 no reino dos c\u00e9us; mas o que faz a vontade de meu Pai, que est\u00e1 nos C\u00e9us, esse entrar\u00e1 no reino dos C\u00e9us\u201d.<\/p>\n<p style=\"text-align: justify\">Assim, unidos a todos as ordens Carmelitas, prim\u00e1rios, secund\u00e1rios e terci\u00e1rios, particularmente os membros da Irmandade do Carmo da S\u00e9 Catedral de Juiz de Fora, queremos exortar a todos os fi\u00e9is que, seguindo a Maria, encontrem a Jesus, o verdadeiro sentido para que o amor de Deus recaia sobre cada um de n\u00f3s. E que os sacramentais, sinais vis\u00edveis da gra\u00e7a de Deus, produzam seus frutos necess\u00e1rios de vida, de santidade, de disponibilidade total para um SIM permanente a convite de Jesus, para que sejamos mission\u00e1rios dentro da realidade em que estamos inseridos.<\/p>\n<p style=\"text-align: justify\">Virgem do Carmo, Rogai por n\u00f3s!<\/p>\n<h4 style=\"text-align: right\">Dom Eurico dos Santos Veloso<\/h4>\n","protected":false},"excerpt":{"rendered":"<p>No pr\u00f3ximo dia 16 de julho, iremos comemorar a festa de Nossa Senhora do Carmo, padroeira da Ordem Carmelitana. Essa festa remonta aos anos de 1376 e 1386, quando adveio o pio costume de celebrar uma festa especial em honra de Nossa Senhora, em a\u00e7\u00e3o de gra\u00e7as pela aprova\u00e7\u00e3o pontif\u00edcia da Regra Carmelitana, pelo Papa &hellip;<\/p>\n<p class=\"read-more\"> <a class=\"\" href=\"https:\/\/www.cnbb.org.br\/nossa-senhora-do-carmo-1\/\"> <span class=\"screen-reader-text\">Nossa Senhora do Carmo<\/span> Leia mais &raquo;<\/a><\/p>\n","protected":false},"author":83,"featured_media":0,"comment_status":"open","ping_status":"open","sticky":false,"template":"","format":"standard","meta":{"site-sidebar-layout":"default","site-content-layout":"default","ast-global-header-display":"","ast-banner-title-visibility":"","ast-main-header-display":"","ast-hfb-above-header-display":"","ast-hfb-below-header-display":"","ast-hfb-mobile-header-display":"","site-post-title":"","ast-breadcrumbs-content":"","ast-featured-img":"","footer-sml-layout":"","theme-transparent-header-meta":"","adv-header-id-meta":"","stick-header-meta":"","header-above-stick-meta":"","header-main-stick-meta":"","header-below-stick-meta":""},"categories":[758],"tags":[],"acf":[],"_links":{"self":[{"href":"https:\/\/www.cnbb.org.br\/cnbb-app\/wp\/v2\/posts\/11901"}],"collection":[{"href":"https:\/\/www.cnbb.org.br\/cnbb-app\/wp\/v2\/posts"}],"about":[{"href":"https:\/\/www.cnbb.org.br\/cnbb-app\/wp\/v2\/types\/post"}],"author":[{"embeddable":true,"href":"https:\/\/www.cnbb.org.br\/cnbb-app\/wp\/v2\/users\/83"}],"replies":[{"embeddable":true,"href":"https:\/\/www.cnbb.org.br\/cnbb-app\/wp\/v2\/comments?post=11901"}],"version-history":[{"count":0,"href":"https:\/\/www.cnbb.org.br\/cnbb-app\/wp\/v2\/posts\/11901\/revisions"}],"wp:attachment":[{"href":"https:\/\/www.cnbb.org.br\/cnbb-app\/wp\/v2\/media?parent=11901"}],"wp:term":[{"taxonomy":"category","embeddable":true,"href":"https:\/\/www.cnbb.org.br\/cnbb-app\/wp\/v2\/categories?post=11901"},{"taxonomy":"post_tag","embeddable":true,"href":"https:\/\/www.cnbb.org.br\/cnbb-app\/wp\/v2\/tags?post=11901"}],"curies":[{"name":"wp","href":"https:\/\/api.w.org\/{rel}","templated":true}]}}