{"id":11902,"date":"2009-07-03T00:00:00","date_gmt":"2009-07-03T03:00:00","guid":{"rendered":"https:\/\/www.cnbb.org.br\/qcaridade-na-verdadeq\/"},"modified":"2009-07-03T00:00:00","modified_gmt":"2009-07-03T03:00:00","slug":"qcaridade-na-verdadeq","status":"publish","type":"post","link":"https:\/\/www.cnbb.org.br\/qcaridade-na-verdadeq\/","title":{"rendered":"&#8220;Caridade na verdade&#8221;"},"content":{"rendered":"<p style=\"text-align: justify\">Aguardamos, ansiosos, por mais uma enc\u00edclica do Papa Bento XVI, que dever\u00e1 ser apresentada no pr\u00f3ximo dia 7. Digo ansiosos pois as duas primeiras com que nos brindou o Santo Padre, abordando as virtudes teologais com uma profunda espiritualidade e conhecimento dogm\u00e1tico, leva-nos a pressupor a maestria com que se envereda em suas letras desta vez: a quest\u00e3o social. &#8220;Caritas in veritate&#8221; (Caridade na verdade) h\u00e1 de ser, certamente, um tratado preciosos, levando-nos a compreender melhor, \u00e0 luz do Magist\u00e9rio, a realidade de quest\u00f5es que t\u00eam assolado o mundo, como a usura dos grandes e o naufr\u00e1gio dos pobres, em detrimento da dignidade humana, por causa de um desejo incontrol\u00e1vel de ter para ser.<\/p>\n<p>  <!--more-->  <\/p>\n<p style=\"text-align: justify\">Nos \u00faltimos dias, na celebra\u00e7\u00e3o dos ap\u00f3stolos S\u00e3o e S\u00e3o Paulo, diversas vezes o Papa adiantou pontos a serem abordadas em sua enc\u00edclica, que sai com data de 29 de junho. Mais uma vez, ele conclama o orbe \u00e0 pr\u00e1tica da caridade, m\u00e3e de todas as virtudes, para, assim, compreender e saber agir com os desvios que nos sugerem as sedutoras promessas, ora de uma vida mais f\u00e1cil, ora de se tirar proveito de alguma circunst\u00e2ncia, incitando-nos a nos alistarem com aqueles que se disp\u00f5em \u00e0 maratona da frialdade, que leva ao nada, ao vazio interior, \u00e0 solid\u00e3o na dist\u00e2ncia de uma conviv\u00eancia fraterna, ao desest\u00edmulo, \u00e0 car\u00eancia na aus\u00eancia de Deus.<\/p>\n<p style=\"text-align: justify\">Como os meios de comunica\u00e7\u00e3o especializados no dia-a-dia da Igreja j\u00e1 nos adiantam, Bento XVI nos trar\u00e1 \u00e0 mente algumas diretrizes que j\u00e1 nos indicara o Papa Paulo VI, de santa mem\u00f3ria, h\u00e1 pouco mais de 40 anos, com a sua magn\u00edfica &#8220;Populorum Progressio&#8221;. E como Le\u00e3o XIII, pai da Doutrina Social da Igreja, e seus predecessores, inclusive Jo\u00e3o Paulo II, o Sumo Pont\u00edfice pretende incitar a humanidade, &#8220;no seu compromisso por um desenvolvimento sustent\u00e1vel, no pleno respeito pela dignidade humana e pelas reais exig\u00eancias de todos&#8221;, como aludiu numa de suas alocu\u00e7\u00f5es.<\/p>\n<p style=\"text-align: justify\">&#8220;Caridade na verdade&#8221; ser\u00e1 uma explana\u00e7\u00e3o sobre o mundo hodierno do trabalho, do progresso em todos os sentidos e das pol\u00eamicas e inst\u00e1veis quest\u00f5es financeiras, principais causas de uma desorienta\u00e7\u00e3o do mundo, apelando para iniciativas que distanciam o homem e suas a\u00e7\u00f5es dos princ\u00edpios morais e \u00e9ticos, numa busca insaci\u00e1vel de uma auto-satisfa\u00e7\u00e3o plena, sem se preocupar com a pr\u00e1tica da solidariedade. Novamente, ele retoma a decad\u00eancia das institui\u00e7\u00f5es que se fundamentam exclusivamente do interesse monet\u00e1rio, levando &#8220;a um colpaso das leis do mercado&#8221;, como j\u00e1 previra h\u00e1 mais de vinte anos, numa confer\u00eancia proferida na Cidade Eterna.<\/p>\n<p style=\"text-align: justify\">Na oportunidade em que condena o consumismo exacerbado que tem escravizado a tantos que cedem ao desejo simplesmente, submetendo-se ao flagelo da economia e do mercado, ele adverte sobre o risco de sua aplica\u00e7\u00e3o sem limites e injustos, como se deduz na an\u00e1lise do atual quadro mundial, em crise. E lan\u00e7a: &#8220;A falta de \u00e9tica nas estruturas econ\u00f4micas teria levado, por isso, \u00e0 atual situa\u00e7\u00e3o de crise&#8221;.<\/p>\n<p style=\"text-align: justify\">A dignidade humana, ao lado de outros temas principais, como o terrorismo, ataques ao meio ambiente, globaliza\u00e7\u00e3o, adiantam-nos que o Santo Padre ir\u00e1 abord\u00e1-los, mostrando-se, como sempre, sens\u00edvel e profundamente atento ao desenvolvimento deles. E como m\u00e9todo para supera\u00e7\u00e3o de todos os problemas e solidifica\u00e7\u00e3o das iniciativas benem\u00e9ritas, com base no cristianismo, apontar-nos-\u00e1, certamente, Bento XVI, a Palavra e a Eucaristia, fontes imarcesc\u00edveis da vida na gra\u00e7a de Deus Nosso Senhor.<\/p>\n<p style=\"text-align: justify\">Aguardemos!<\/p>\n<h4 style=\"text-align: right\">Dom Eurico dos Santos Veloso<\/h4>\n","protected":false},"excerpt":{"rendered":"<p>Aguardamos, ansiosos, por mais uma enc\u00edclica do Papa Bento XVI, que dever\u00e1 ser apresentada no pr\u00f3ximo dia 7. Digo ansiosos pois as duas primeiras com que nos brindou o Santo Padre, abordando as virtudes teologais com uma profunda espiritualidade e conhecimento dogm\u00e1tico, leva-nos a pressupor a maestria com que se envereda em suas letras desta &hellip;<\/p>\n<p class=\"read-more\"> <a class=\"\" href=\"https:\/\/www.cnbb.org.br\/qcaridade-na-verdadeq\/\"> <span class=\"screen-reader-text\">&#8220;Caridade na verdade&#8221;<\/span> Leia mais &raquo;<\/a><\/p>\n","protected":false},"author":83,"featured_media":0,"comment_status":"open","ping_status":"open","sticky":false,"template":"","format":"standard","meta":{"site-sidebar-layout":"default","site-content-layout":"default","ast-global-header-display":"","ast-banner-title-visibility":"","ast-main-header-display":"","ast-hfb-above-header-display":"","ast-hfb-below-header-display":"","ast-hfb-mobile-header-display":"","site-post-title":"","ast-breadcrumbs-content":"","ast-featured-img":"","footer-sml-layout":"","theme-transparent-header-meta":"","adv-header-id-meta":"","stick-header-meta":"","header-above-stick-meta":"","header-main-stick-meta":"","header-below-stick-meta":""},"categories":[758],"tags":[],"acf":[],"_links":{"self":[{"href":"https:\/\/www.cnbb.org.br\/cnbb-app\/wp\/v2\/posts\/11902"}],"collection":[{"href":"https:\/\/www.cnbb.org.br\/cnbb-app\/wp\/v2\/posts"}],"about":[{"href":"https:\/\/www.cnbb.org.br\/cnbb-app\/wp\/v2\/types\/post"}],"author":[{"embeddable":true,"href":"https:\/\/www.cnbb.org.br\/cnbb-app\/wp\/v2\/users\/83"}],"replies":[{"embeddable":true,"href":"https:\/\/www.cnbb.org.br\/cnbb-app\/wp\/v2\/comments?post=11902"}],"version-history":[{"count":0,"href":"https:\/\/www.cnbb.org.br\/cnbb-app\/wp\/v2\/posts\/11902\/revisions"}],"wp:attachment":[{"href":"https:\/\/www.cnbb.org.br\/cnbb-app\/wp\/v2\/media?parent=11902"}],"wp:term":[{"taxonomy":"category","embeddable":true,"href":"https:\/\/www.cnbb.org.br\/cnbb-app\/wp\/v2\/categories?post=11902"},{"taxonomy":"post_tag","embeddable":true,"href":"https:\/\/www.cnbb.org.br\/cnbb-app\/wp\/v2\/tags?post=11902"}],"curies":[{"name":"wp","href":"https:\/\/api.w.org\/{rel}","templated":true}]}}