{"id":11919,"date":"2009-01-05T00:00:00","date_gmt":"2009-01-05T02:00:00","guid":{"rendered":"https:\/\/www.cnbb.org.br\/a-grandiosidade-do-natal\/"},"modified":"2009-01-05T00:00:00","modified_gmt":"2009-01-05T02:00:00","slug":"a-grandiosidade-do-natal","status":"publish","type":"post","link":"https:\/\/www.cnbb.org.br\/a-grandiosidade-do-natal\/","title":{"rendered":"A grandiosidade do Natal"},"content":{"rendered":"<div style=\"text-align: justify\">\u00c9 chegada a comemora\u00e7\u00e3o da data magna da cristandade: o Natal de Nosso Senhor Jesus Cristo. \u00c9 o momento em que se inicia efetivamente o Mist\u00e9rio da Reden\u00e7\u00e3o, o resgate do homem cativo, privado da gra\u00e7a, desde pecado dos primeiros pais. E tal \u00e9 a grandiosidade desse acontecimento que Deus foi preparando a humanidade desde o dia em que os expulsou do Para\u00edso. A partir daquele instante, em que os port\u00f5es se fecharam, ou seja, em que rompeu-se a estreita liga\u00e7\u00e3o que tinha a criatura com o Criador, iniciou-se o processo para resgat\u00e1-lo daquela priva\u00e7\u00e3o, para desagravar aquela ofensa cometida contra Deus.<\/div>\n<p>  <!--more-->  <\/p>\n<p style=\"text-align: justify\">E por s\u00e9culos Ele preparou o seu povo, primeiro elegendo aquela casa que iria resgatar a dignidade humana, depois por meio dos ritos, sacrif\u00edcios, figuras, s\u00edmbolos, at\u00e9 que vieram os profetas, anunciando a maravilha que estava por vir; \u201cmuitas vezes e de diversos modos outrora falou Deus aos nossos pais pelos profetas\u201d (Heb 1,1).<\/p>\n<p style=\"text-align: justify\">Mas \u00e9 chegada a hora em que o pr\u00f3prio Deus encarnado \u00e9 quem vem nos mostrar o caminho e, pelo seu holocausto, resgatar-nos da culpa original. \u201cUltimamente nos falou por seu Filho, que constituiu herdeiro universal, pelo qual criou todas as coisas\u201d (Heb 1,2). E veio ao mundo o Cristo Jesus, que \u201cpor n\u00f3s e pela nossa salva\u00e7\u00e3o desceu do c\u00e9u\u201d, conforme professamos nos artigos de nossa f\u00e9. \u201cLuz para iluminar as na\u00e7\u00f5es e para a gl\u00f3ria de vosso povo de Israel\u201d, como canta a Liturgia deste tempo, aludindo \u00e0 universalidade do senhorio de Cristo que se instaura a partir daquele momento, para todos os povos e tamb\u00e9m para os hebreus, que aguardavam o Messias prometido.<\/p>\n<p style=\"text-align: justify\">No momento em que a Santa Igreja comemora o Natal de Jesus, devemos todos concorrer para a propaga\u00e7\u00e3o desta solenidade por todo o orbe. \u00c9 o renascimento da esperan\u00e7a da eternidade em nossos cora\u00e7\u00f5es. Renovam-se os anseios de fraternidade, as aspira\u00e7\u00f5es de paz, os votos de prosperidade, no entanto esquecem-se que nada disso prov\u00e9m do homem em si, se n\u00e3o buscar a inspira\u00e7\u00e3o naquele que tudo pode e que conduz-nos pelo \u00fanico caminho da salva\u00e7\u00e3o, que \u00e9 a f\u00e9 cat\u00f3lica.<\/p>\n<p style=\"text-align: justify\">\u00c9, pois, no pres\u00e9pio de Bel\u00e9m que encontraremos as disposi\u00e7\u00f5es necess\u00e1rias ara a constru\u00e7\u00e3o de uma civiliza\u00e7\u00e3o crist\u00e3 que sobreviver\u00e1 a todos os governos, que enfrentar\u00e1 convicta todos os sistemas, que subjugar\u00e1 os tiranos e atrair\u00e1 os mansos de cora\u00e7\u00e3o, para que todos alcancemos a plenitude da gra\u00e7a na convic\u00e7\u00e3o de que tudo deve se convergir ao trono donde impera o \u201cPr\u00edncipe da Paz\u201d, o \u201cPai dos s\u00e9culos futuros\u201d, o \u201cSol da Justi\u00e7a\u201d.<\/p>\n<p style=\"text-align: justify\">No pres\u00e9pio de Bel\u00e9m busquemos os exemplos que nos assegurar\u00e3o as virtudes crist\u00e3s que nos asseguram a salva\u00e7\u00e3o. O est\u00e1bulo, pobre, infestado por um fedor \u00e0s vezes repugnante; mas foi ele o \u201cpal\u00e1cio\u201d onde nasceu o Deus feito homem. Quantas vezes nosso \u00edntimo \u00e9 mais f\u00e9tido ainda pela corrup\u00e7\u00e3o da gra\u00e7a que nos causa o pecado, pelos ressentimentos, pela ingratid\u00e3o, pela omiss\u00e3o, pelo respeito humano&#8230; Ainda assim, Jesus quer vir renascer em nosso cora\u00e7\u00e3o. Deixemo-lo, pois, pedindo a sua miseric\u00f3rdia.<\/p>\n<p style=\"text-align: justify\">Os pastores acorreram ao local, aos lhes terem sido anunciado pela coorte ang\u00e9lica: \u201cHoje vos nasceu na Cidade de Davi um Salvador, que \u00e9 o Cristo Senhor\u201d (Lc 2,11). E na sua humildade creram no que ouviram, constataram e sa\u00edram anunciando a maravilha que viram: Jos\u00e9, Maria e o Rec\u00e9m-nascido. Mas, que maravilha? A grandeza da obra de Deus, pois naquele local, por certo, a santidade que dali se exalava era mais intensa e inebriante do que a apar\u00eancia paup\u00e9rrima daquele cen\u00e1rio; cousas que s\u00f3 um cora\u00e7\u00e3o puro pode assimilar. \u2013 E quantas vezes nos distanciamos dos Sacramentos, principalmente da Sagrada Eucaristia, e n\u00e3o damos ouvido ao chamado que nos vem do Santo Tabern\u00e1culo: \u201cVinde a mim, v\u00f3s todos que estais aflitos sob o fardo, e eu vos aliviarei\u201d (Mt 11,28). N\u00e3o ouvimos porque o mundo nos atrai, porque as ci\u00eancias s\u00e3o mais convincentes, enquanto o abstrato, o espiritual n\u00e3o s\u00e3o capazes de \u201csustentar\u201d a v\u00e3 curiosidade.<\/p>\n<p style=\"text-align: justify\">Do Oriente acorrem os Reis, magos que receberam o an\u00fancio por uma estrela. Toda a Terra e o Universo inteiro se manifestaram para anunciar a chegada do Pr\u00edncipe da Paz. Na figura daqueles tr\u00eas reis est\u00e3o as ra\u00e7as que se prostravam diante do Pai dos S\u00e9culos Futuros: o branco, o negro e o amarelo prestavam vassalagem ao Divino Infante, que se manifesta a toda a humanidade. Essa manifesta\u00e7\u00e3o \u00e9 t\u00e3o importante que, nos primeiros s\u00e9culos da Igreja, este epis\u00f3dio tinha maior destaque que o Natal, a considerada Festa das Teofanias, ou seja, das manifesta\u00e7\u00f5es divinas. \u2013 N\u00e3o poucas vezes, Nosso Senhor se nos manifesta com a inspira\u00e7\u00e3o de sua gra\u00e7a, com seu amor que no-lo d\u00e1 pela Eucaristia, mesmo sem reconhecermos o seu poder e divindade.<\/p>\n<p style=\"text-align: justify\">E ajoelhados diante da manjedoura, o trono que o mundo d\u00e1 ao Deus Menino, S\u00e3o Jos\u00e9 e Maria Sant\u00edssima, os primeiros adoradores que contemplam aquela criancinha, olhos cerrados, adormecida, igual a tantas criancinhas rec\u00e9m-nascidas. Por\u00e9m, Aquele Menino \u201c\u00e9 aquele que \u00e9 eterno e cuja natureza divina n\u00e3o conhece mudan\u00e7a\u201d, como canta o Of\u00edcio Divino. \u00c9 o Deus que toma a natureza humana, pelo mist\u00e9rio da encarna\u00e7\u00e3o do Esp\u00edrito Santo no seio de Maria Sant\u00edssima, gerado da mais pura subst\u00e2ncia do sangue da Virgem, tornando-se semelhante a n\u00f3s. \u201cNasceu-nos hoje o Cristo, vinde adoremos\u201d, ainda ecoa o canto da Igreja. \u2013 Sejamos, a exemplo de Jos\u00e9 e Maria, perseverantes adoradores e fi\u00e9is amantes de Nosso Senhor Sacramentado, consolando aquele Sagrado Cora\u00e7\u00e3o trespassado pelas inj\u00farias dos homens e do nosso tempo.<\/p>\n<p style=\"text-align: justify\">Eis, pois, o magno mist\u00e9rio, em que o Deus se fez homem e, na assimila\u00e7\u00e3o de duas naturezas \u2013 humana e divina \u2013 inicia-se o processo da reden\u00e7\u00e3o que culminar\u00e1 com sua morte e ressurrei\u00e7\u00e3o. Preparemo-nos para bem celebrar o Santo Natal de Jesus, essa comemora\u00e7\u00e3o pela \u201cadmir\u00e1vel com\u00e9rcio\u201d que fez Deus com os homens, concedendo-nos uma participa\u00e7\u00e3o real e \u00edntima de Sua natureza, tornando-nos seus filhos pela gra\u00e7a.<\/p>\n<p style=\"text-align: justify\">A todos, recomendamos uma conveniente prepara\u00e7\u00e3o para melhor participarem do Santo Natal, granjeando todos os benef\u00edcios a Santa Igreja nos concede nesta celebra\u00e7\u00e3o, ao mesmo tempo em que desejamos aben\u00e7oados e venturosos dias no ano vindouro.<\/p>\n<p style=\"text-align: justify\">Feliz Natal!<\/p>\n<h4 style=\"text-align: right\">Dom Eurico dos Santos Veloso<\/h4>\n","protected":false},"excerpt":{"rendered":"<p>\u00c9 chegada a comemora\u00e7\u00e3o da data magna da cristandade: o Natal de Nosso Senhor Jesus Cristo. \u00c9 o momento em que se inicia efetivamente o Mist\u00e9rio da Reden\u00e7\u00e3o, o resgate do homem cativo, privado da gra\u00e7a, desde pecado dos primeiros pais. E tal \u00e9 a grandiosidade desse acontecimento que Deus foi preparando a humanidade desde &hellip;<\/p>\n<p class=\"read-more\"> <a class=\"\" href=\"https:\/\/www.cnbb.org.br\/a-grandiosidade-do-natal\/\"> <span class=\"screen-reader-text\">A grandiosidade do Natal<\/span> Leia mais &raquo;<\/a><\/p>\n","protected":false},"author":83,"featured_media":0,"comment_status":"open","ping_status":"open","sticky":false,"template":"","format":"standard","meta":{"site-sidebar-layout":"default","site-content-layout":"default","ast-global-header-display":"","ast-banner-title-visibility":"","ast-main-header-display":"","ast-hfb-above-header-display":"","ast-hfb-below-header-display":"","ast-hfb-mobile-header-display":"","site-post-title":"","ast-breadcrumbs-content":"","ast-featured-img":"","footer-sml-layout":"","theme-transparent-header-meta":"","adv-header-id-meta":"","stick-header-meta":"","header-above-stick-meta":"","header-main-stick-meta":"","header-below-stick-meta":""},"categories":[758],"tags":[],"acf":[],"_links":{"self":[{"href":"https:\/\/www.cnbb.org.br\/cnbb-app\/wp\/v2\/posts\/11919"}],"collection":[{"href":"https:\/\/www.cnbb.org.br\/cnbb-app\/wp\/v2\/posts"}],"about":[{"href":"https:\/\/www.cnbb.org.br\/cnbb-app\/wp\/v2\/types\/post"}],"author":[{"embeddable":true,"href":"https:\/\/www.cnbb.org.br\/cnbb-app\/wp\/v2\/users\/83"}],"replies":[{"embeddable":true,"href":"https:\/\/www.cnbb.org.br\/cnbb-app\/wp\/v2\/comments?post=11919"}],"version-history":[{"count":0,"href":"https:\/\/www.cnbb.org.br\/cnbb-app\/wp\/v2\/posts\/11919\/revisions"}],"wp:attachment":[{"href":"https:\/\/www.cnbb.org.br\/cnbb-app\/wp\/v2\/media?parent=11919"}],"wp:term":[{"taxonomy":"category","embeddable":true,"href":"https:\/\/www.cnbb.org.br\/cnbb-app\/wp\/v2\/categories?post=11919"},{"taxonomy":"post_tag","embeddable":true,"href":"https:\/\/www.cnbb.org.br\/cnbb-app\/wp\/v2\/tags?post=11919"}],"curies":[{"name":"wp","href":"https:\/\/api.w.org\/{rel}","templated":true}]}}