{"id":11920,"date":"2008-12-29T00:00:00","date_gmt":"2008-12-29T02:00:00","guid":{"rendered":"https:\/\/www.cnbb.org.br\/tempo-de-esperanca\/"},"modified":"2008-12-29T00:00:00","modified_gmt":"2008-12-29T02:00:00","slug":"tempo-de-esperanca","status":"publish","type":"post","link":"https:\/\/www.cnbb.org.br\/tempo-de-esperanca\/","title":{"rendered":"Tempo de Esperan\u00e7a"},"content":{"rendered":"<p style=\"text-align: justify\">Tempo do Natal, tempo de esperan\u00e7a. \u00c0 celebra\u00e7\u00e3o da data magna da cristandade sucedem-se outras celebra\u00e7\u00f5es marcantes e oportunas para nossa reflex\u00e3o. Este momento do calend\u00e1rio lit\u00fargico nos apresenta, em poucos dias, o plano de salva\u00e7\u00e3o de Deus para conosco, Sua revela\u00e7\u00e3o, o mist\u00e9rio da encarna\u00e7\u00e3o, a manifesta\u00e7\u00e3o divina entre os homens e o exemplo daqueles que nos precederam na f\u00e9, fortalecendo-nos a esperan\u00e7a em Cristo.<\/p>\n<p>  <!--more-->  <\/p>\n<p style=\"text-align: justify\">Quando se vislumbra um novo ano, essas esperan\u00e7as s\u00e3o renovadas. Dias melhores, sa\u00fade, paz, prosperidade, realiza\u00e7\u00f5es dos sonhos s\u00e3o os aug\u00farios mais comuns nas visitas, nos cart\u00f5es nas diversas formas de expressar o bem-estar daqueles que nos s\u00e3o caros. Todavia, observa-se que, talvez pela deturpa\u00e7\u00e3o do real sentido do Natal, falta um sentido crist\u00e3o em todos esses votos, que devem ser fundamentados no recolhimento, na humildade e na santidade do pres\u00e9pio de Bel\u00e9m.<\/p>\n<p style=\"text-align: justify\">Quando a Igreja determinou a celebra\u00e7\u00e3o do nascimento de Nosso Senhor Jesus Cristo na comemora\u00e7\u00e3o do solst\u00edcio de inverno, no hemisf\u00e9rio norte, esclarecia aos pag\u00e3os quem era o verdadeiro sol que veio iluminar as na\u00e7\u00f5es, aquecer os cora\u00e7\u00f5es enrijecidos e gui\u00e1-los, sob o signo da cruz, \u00e0 plenitude da vida. Era o apontar do porvir na f\u00e9.<\/p>\n<p style=\"text-align: justify\">Ainda hoje, a celebra\u00e7\u00e3o da Natividade nos aponta o caminho a seguir nos dias que se suceder\u00e3o a partir do in\u00edcio de um novo ano, conforme o calend\u00e1rio gregoriano. \u00c9 como que um novo tempo onde se deve trabalhar pela implanta\u00e7\u00e3o do reinado de Cristo na terra. Para melhor assimila\u00e7\u00e3o dessa proposta, ainda, a Igreja celebra por estes dias o proto-m\u00e1rtir, aquele que primeiro se entregou ao Evangelho at\u00e9 \u00e0 morte, Santo Estev\u00e3o, sinal de dedica\u00e7\u00e3o ao minist\u00e9rio que lhes foi confiado. Depois a festa do disc\u00edpulo amado, S\u00e3o Jo\u00e3o Evangelista, prot\u00f3tipo de devotado amigo de Jesus. A comemora\u00e7\u00e3o dos Santos Inocentes \u00e9-nos um paradigma inconteste de tudo suportar para \u201ctestemunhar com a nossa vida o que os nossos l\u00e1bios professam\u201d, conforme rezamos no Of\u00edcio das Horas.<\/p>\n<p style=\"text-align: justify\">Outras comemora\u00e7\u00f5es tamb\u00e9m nos preparam para que, com o esp\u00edrito alimentado na doutrina e na f\u00e9, possamos iniciar o novo ano com disposi\u00e7\u00e3o para a constru\u00e7\u00e3o de um mundo mais fraterno, crist\u00e3o. Com a solenidade da Sagrada Fam\u00edlia, buscamos inspira\u00e7\u00e3o na casinha de Nazar\u00e9, onde numa contempla\u00e7\u00e3o constante vivem Jos\u00e9 e Maria, sem se descuidar de suas obriga\u00e7\u00f5es. Eles nos mostram a possibilidade de, na viv\u00eancia com os entes queridos, no trabalho, no lazer, poder ir se oferecendo continuamente ao Pai, na certeza de estar fazendo a Sua vontade.<\/p>\n<p style=\"text-align: justify\">Depois vem a grande solenidade da Santa M\u00e3e de Deus. Sob a prote\u00e7\u00e3o de Maria Sant\u00edssima, iniciamos um novo ano. \u00c9 ela, em nosso tempo, a prefigura\u00e7\u00e3o da estrela que guiou os Magos at\u00e9 Bel\u00e9m, indicando-nos Jesus. Quando surge nos contextos hist\u00f3rico e lit\u00fargico a figura de Maria, \u00e9 como o raiar de uma luz intensa que tanto clareia, quanto aquece, ilumina, envolve todo o orbe crist\u00e3o sob seu cer\u00faleo manto. \u00c9 a estrela que nos guiar\u00e1, com certeza, pelos dias que se suceder\u00e3o ao longo do novo ano, numa caminhada alegre, buscando fazer em tudo e sempre a vontade do Pai, assim como Ela o fez.<\/p>\n<p style=\"text-align: justify\">\u00c9, ainda, a comemora\u00e7\u00e3o do Dia Internacional da Paz. Na oitava do Natal de Nosso Senhor Jesus Cristo celebra-se aquele sentimento puro de tranq\u00fcilidade, de confian\u00e7a, de inspira\u00e7\u00e3o em Deus: a paz. \u201cDeixo-vos a paz, a minha paz vos dou; n\u00e3o vo-la dou como o mundo d\u00e1. N\u00e3o se perturbe nem se intimide vosso cora\u00e7\u00e3o\u201d (Jo 14,27). E essas palavras do Divino Redentor, ao final de sua passagem por este mundo, devem ser mais observadas nesta \u00e9poca em que se compreende a paz de muitas maneiras, mas poucas, ou nenhuma, da forma como Ele quer que a vivamos, na inspira\u00e7\u00e3o do Esp\u00edrito Santo. \u00c9 a certeza do amor de Deus e a vida em conformidade com a Sua vontade.<\/p>\n<p style=\"text-align: justify\">O m\u00edstico S\u00e3o Gabriel de Santa Maria Madalena afirma que a paz de Jesus se baseia nas boas rela\u00e7\u00f5es com Deus, na observ\u00e2ncia de sua palavra, na comunh\u00e3o \u00edntima com ele. \u201c\u00c9 a paz de quem se deixa guiar pelo Esp\u00edrito Santo e age segundo sua luz. Paz que nesta vida n\u00e3o dispensa o sofrimento, mas infunde coragem para enfrentar sem medo at\u00e9 a luta, quando necess\u00e1ria, para conservar a f\u00e9 em Deus. Paz que ser\u00e1 absoluta, sem sombra de perturba\u00e7\u00e3o, na Jerusal\u00e9m celeste onde Cristo, \u2018o Cordeiro\u2019, ser\u00e1 a \u2018l\u00e2mpada\u2019 que iluminar\u00e1 (Ap 21,23) e a felicidade que alegrar\u00e1 para sempre os eleitos\u201d (in \u201cIntimidade Divina\u201d, 132).<\/p>\n<p style=\"text-align: justify\">Em sua mensagem para o Dia Mundial da Paz de 2009, o Santo Padre Bento XVI alerta para os problemas no mundo, principalmente a pobreza. \u201cCombater a pobreza, construir a paz\u201d \u00e9 o tema de sua mensagem, cujo corol\u00e1rio \u00e9 o convite \u00e0 partilha em todos os sentidos, como crist\u00e3os, em favor dos pobres, \u201cnos quais v\u00ea Cristo, sentindo ressoar constantemente em seu cora\u00e7\u00e3o o mandato do Pr\u00edncipe da paz aos Ap\u00f3stolos: \u2018Vos date illis manducare\u2019 \u2013 \u2018Dai-lhes v\u00f3s mesmos de comer\u2019 (Lc 9, 13)\u201d.<\/p>\n<p style=\"text-align: justify\">\u00c9 a voz de Pedro que nos exorta \u00e0 caridade fraterna, nos \u201cimpulsos de solidariedade criativa, tendentes n\u00e3o s\u00f3 a partilhar o sup\u00e9rfluo, mas sobretudo a alterar \u2018os estilos de vida, os modelos de produ\u00e7\u00e3o e de consumo, as estruturas consolidadas de poder que hoje regem as sociedades\u2019 (Jo\u00e3o Paulo II in \u201cCentesimus annus\u201d)\u201d. \u00c9 o Papa quem nos acena, indicando-nos o caminho que nos conduzir\u00e1 \u00e0 verdadeira Paz, na viv\u00eancia do amor, na unidade da Santa Igreja, na gra\u00e7a do Esp\u00edrito Santo.<\/p>\n<p style=\"text-align: justify\">Esta \u00e9, pois, a paz que desejamos a todos os nossos caros padres, religiosos e fi\u00e9is cat\u00f3licos de nossa querida Arquidiocese de Juiz de Fora. Que, em 2009, reencontrem-se em sua fam\u00edlia, em sua comunidade, a partir de onde sair\u00e3o a exalar a viv\u00eancia dessa paz, que \u00e9 a experi\u00eancia da viv\u00eancia em Cristo Senhor, na esperan\u00e7a da vida eterna.<\/p>\n<p style=\"text-align: justify\">Feliz Ano Novo!<\/p>\n<h4 style=\"text-align: right\">Dom Eurico dos Santos Veloso<\/h4>\n","protected":false},"excerpt":{"rendered":"<p>Tempo do Natal, tempo de esperan\u00e7a. \u00c0 celebra\u00e7\u00e3o da data magna da cristandade sucedem-se outras celebra\u00e7\u00f5es marcantes e oportunas para nossa reflex\u00e3o. Este momento do calend\u00e1rio lit\u00fargico nos apresenta, em poucos dias, o plano de salva\u00e7\u00e3o de Deus para conosco, Sua revela\u00e7\u00e3o, o mist\u00e9rio da encarna\u00e7\u00e3o, a manifesta\u00e7\u00e3o divina entre os homens e o exemplo &hellip;<\/p>\n<p class=\"read-more\"> <a class=\"\" href=\"https:\/\/www.cnbb.org.br\/tempo-de-esperanca\/\"> <span class=\"screen-reader-text\">Tempo de Esperan\u00e7a<\/span> Leia mais &raquo;<\/a><\/p>\n","protected":false},"author":83,"featured_media":0,"comment_status":"open","ping_status":"open","sticky":false,"template":"","format":"standard","meta":{"site-sidebar-layout":"default","site-content-layout":"default","ast-global-header-display":"","ast-banner-title-visibility":"","ast-main-header-display":"","ast-hfb-above-header-display":"","ast-hfb-below-header-display":"","ast-hfb-mobile-header-display":"","site-post-title":"","ast-breadcrumbs-content":"","ast-featured-img":"","footer-sml-layout":"","theme-transparent-header-meta":"","adv-header-id-meta":"","stick-header-meta":"","header-above-stick-meta":"","header-main-stick-meta":"","header-below-stick-meta":""},"categories":[758],"tags":[],"acf":[],"_links":{"self":[{"href":"https:\/\/www.cnbb.org.br\/cnbb-app\/wp\/v2\/posts\/11920"}],"collection":[{"href":"https:\/\/www.cnbb.org.br\/cnbb-app\/wp\/v2\/posts"}],"about":[{"href":"https:\/\/www.cnbb.org.br\/cnbb-app\/wp\/v2\/types\/post"}],"author":[{"embeddable":true,"href":"https:\/\/www.cnbb.org.br\/cnbb-app\/wp\/v2\/users\/83"}],"replies":[{"embeddable":true,"href":"https:\/\/www.cnbb.org.br\/cnbb-app\/wp\/v2\/comments?post=11920"}],"version-history":[{"count":0,"href":"https:\/\/www.cnbb.org.br\/cnbb-app\/wp\/v2\/posts\/11920\/revisions"}],"wp:attachment":[{"href":"https:\/\/www.cnbb.org.br\/cnbb-app\/wp\/v2\/media?parent=11920"}],"wp:term":[{"taxonomy":"category","embeddable":true,"href":"https:\/\/www.cnbb.org.br\/cnbb-app\/wp\/v2\/categories?post=11920"},{"taxonomy":"post_tag","embeddable":true,"href":"https:\/\/www.cnbb.org.br\/cnbb-app\/wp\/v2\/tags?post=11920"}],"curies":[{"name":"wp","href":"https:\/\/api.w.org\/{rel}","templated":true}]}}