{"id":11921,"date":"2008-12-22T00:00:00","date_gmt":"2008-12-22T02:00:00","guid":{"rendered":"https:\/\/www.cnbb.org.br\/por-um-mundo-melhor\/"},"modified":"2008-12-22T00:00:00","modified_gmt":"2008-12-22T02:00:00","slug":"por-um-mundo-melhor","status":"publish","type":"post","link":"https:\/\/www.cnbb.org.br\/por-um-mundo-melhor\/","title":{"rendered":"Por um mundo melhor"},"content":{"rendered":"<p style=\"text-align: justify\">Chegamos \u00e0 \u00faltima semana do Advento. Aproxima-se o momento em que nossos cora\u00e7\u00f5es se voltam para o pres\u00e9pio de Bel\u00e9m, na contempla\u00e7\u00e3o do Verbo Humanado que veio nos redimir. A voz que ouvimos ao longo deste Tempo, incitando-nos a endireitar nossos caminhos, a aplainar as vias, aponta-nos o Messias prometido, aguardado desde as gera\u00e7\u00f5es mais remotas do Antigo Testamento. Cumprem-se as profecias de Isa\u00edas.<\/p>\n<p>  <!--more-->  <\/p>\n<p style=\"text-align: justify\">A perspectiva de um novo mundo, de uma vida melhor, a partir da vinda de Cristo, \u00e9 a mesma que a Liturgia deste domingo nos apresenta. Na medita\u00e7\u00e3o da primeira leitura encontramos a \u201cpromessa\u201d que Deus fez a Davi. Essa promessa se renova com a vinda de Nosso Senhor ao mundo, assegurando-nos a salva\u00e7\u00e3o eterna. Jav\u00e9 assegura a Davi, pela voz do profeta Natan, que conduziria seu povo \u00e0 felicidade e \u00e0 realiza\u00e7\u00e3o plenas. Jesus se oferece pela reden\u00e7\u00e3o da humanidade deca\u00edda pelo pecado e, antes de subir aos c\u00e9us, promete: \u201cEis que estou convosco todos os dias, at\u00e9 o fim do mundo\u201d (Mt 28,20).<\/p>\n<p style=\"text-align: justify\">\u201cConcedo-te uma vida tranq\u00fcila, livrando-te de todos os teus inimigos\u201d (2Sam 7,11b), assim Deus falava a Davi. Essa \u201cvida tranq\u00fcila\u201d Cristo a confirma pela gra\u00e7a constante do Esp\u00edrito Santo, livrando-nos dos inimigos: o mundo, a carne e o dem\u00f4nio. Prov\u00e9m da f\u00e9 essa tranq\u00fcilidade, que melhor se expressa como confian\u00e7a. Confian\u00e7a nos des\u00edgnios divinos e nos meios que nos concede, principalmente pelos Santos Sacramentos, para que avancemos na via espiritual, buscando uma intimidade maior com Nosso Senhor.<\/p>\n<p style=\"text-align: justify\">Observe-se que, ao longo do texto deuteron\u00f4mico, a vida \u00e9 como que uma \u201cpreocupa\u00e7\u00e3o\u201d em ser assegurada ao povo eleito. Fica claro, desde a cria\u00e7\u00e3o, que o homem teve a sua exist\u00eancia em plenitude, por gra\u00e7a do Criador, mas a aniquilou pela ambi\u00e7\u00e3o. E durante toda a caminhada da humanidade, ao longo dos tempos do Velho Homem e depois de resgatada a sua dignidade, renovadas vezes a vida, esse dom unicamente de amor de Deus, \u00e9 vilipendiada antagonicamente pelo amor-pr\u00f3prio, pela soberba, pelo desregramento.<\/p>\n<p style=\"text-align: justify\">Neste dias em que a cultura da morte \u00e9 t\u00e3o disseminada, com as propagandas pr\u00f3-aborto, pela legaliza\u00e7\u00e3o da eutan\u00e1sia, pelas pesquisas biol\u00f3gicas e cient\u00edficas que atentam contra a \u00e9tica e a moral, pela permissividade de atitudes que v\u00e3o contra os princ\u00edpios morais, que por sua vez se ap\u00f3iam na orienta\u00e7\u00e3o religiosa, por todos esses motivos, e tantas outras formas de se atentar contra a dignidade da pessoa humana, o Profeta nos prop\u00f5e, na Liturgia da Palavra, a rever nossos valores e restaur\u00e1-los em Cristo. \u00c9 Deus quem preside a Hist\u00f3ria e renova constantemente Sua alian\u00e7a conosco, por meio da Eucaristia, concedendo-nos paz e inspirando-nos \u00e0 justi\u00e7a, indicando a via para a vida em plenitude, verdadeiramente livres e salvos do pecado.<\/p>\n<p style=\"text-align: justify\">S\u00e3o Paulo, na ep\u00edstola aos romanos, retoma a mensagem da primeira leitura, que \u00e9 o plano de salva\u00e7\u00e3o que Deus tem para o seu povo. Essa preocupa\u00e7\u00e3o divina, como nos apresenta o Ap\u00f3stolo, faz parte de Sua natureza, enquanto criador, enquanto pai. Somos filhos amados por Ele, conduzidos como crian\u00e7as nos titubeantes passos iniciais, amparados sempre para n\u00e3o nos entregarmos \u00e0 fraqueza de nossa exist\u00eancia. Somos os \u00fanicos beneficiados pelo projeto de salva\u00e7\u00e3o que nos assegura a vida em plenitude, a vida eterna.<\/p>\n<p style=\"text-align: justify\">O projeto de salva\u00e7\u00e3o se realiza em Jesus Cristo, reintegrando todos os povos no Reino de Deus. Por isso, o Evangelho segue a mesma perspectiva e apresenta um momento determinante de Seu plano. O \u201csim\u201d de Maria, o seu convicto \u201cecce ancilla\u201d, pronta a acolher a vontade divina, \u00e9 o exemplo de confian\u00e7a e abandono \u00e0 vontade de Deus, para n\u00f3s crist\u00e3os. S\u00e3o Lucas nos mostra, ainda, neste domingo, na figura de Maria Sant\u00edssima, que \u00e9 por meio de homens e mulheres que correspondem \u00e0 Sua voca\u00e7\u00e3o que Deus vai se manifestando neste mundo, que Ele vai cativando disc\u00edpulos e mission\u00e1rios da Boa Nova que Cristo nos anuncia. Atrav\u00e9s de nossa generosidade em corresponder \u00e0 proposta que nos \u00e9 feita pela Palavra, e por meio de um sincero gesto de amor e de partilha, estaremos cooperando com o projeto de salva\u00e7\u00e3o, tornando-nos imitadores de Cristo, enquanto palmilhamos felizes o caminho que nos levar\u00e1 \u00e0 realiza\u00e7\u00e3o plena da vontade do Pai.<\/p>\n<h4 style=\"text-align: right\">Dom Eurico dos Santos Veloso<\/h4>\n","protected":false},"excerpt":{"rendered":"<p>Chegamos \u00e0 \u00faltima semana do Advento. Aproxima-se o momento em que nossos cora\u00e7\u00f5es se voltam para o pres\u00e9pio de Bel\u00e9m, na contempla\u00e7\u00e3o do Verbo Humanado que veio nos redimir. A voz que ouvimos ao longo deste Tempo, incitando-nos a endireitar nossos caminhos, a aplainar as vias, aponta-nos o Messias prometido, aguardado desde as gera\u00e7\u00f5es mais &hellip;<\/p>\n<p class=\"read-more\"> <a class=\"\" href=\"https:\/\/www.cnbb.org.br\/por-um-mundo-melhor\/\"> <span class=\"screen-reader-text\">Por um mundo melhor<\/span> Leia mais &raquo;<\/a><\/p>\n","protected":false},"author":83,"featured_media":0,"comment_status":"open","ping_status":"open","sticky":false,"template":"","format":"standard","meta":{"site-sidebar-layout":"default","site-content-layout":"default","ast-global-header-display":"","ast-banner-title-visibility":"","ast-main-header-display":"","ast-hfb-above-header-display":"","ast-hfb-below-header-display":"","ast-hfb-mobile-header-display":"","site-post-title":"","ast-breadcrumbs-content":"","ast-featured-img":"","footer-sml-layout":"","theme-transparent-header-meta":"","adv-header-id-meta":"","stick-header-meta":"","header-above-stick-meta":"","header-main-stick-meta":"","header-below-stick-meta":""},"categories":[758],"tags":[],"acf":[],"_links":{"self":[{"href":"https:\/\/www.cnbb.org.br\/cnbb-app\/wp\/v2\/posts\/11921"}],"collection":[{"href":"https:\/\/www.cnbb.org.br\/cnbb-app\/wp\/v2\/posts"}],"about":[{"href":"https:\/\/www.cnbb.org.br\/cnbb-app\/wp\/v2\/types\/post"}],"author":[{"embeddable":true,"href":"https:\/\/www.cnbb.org.br\/cnbb-app\/wp\/v2\/users\/83"}],"replies":[{"embeddable":true,"href":"https:\/\/www.cnbb.org.br\/cnbb-app\/wp\/v2\/comments?post=11921"}],"version-history":[{"count":0,"href":"https:\/\/www.cnbb.org.br\/cnbb-app\/wp\/v2\/posts\/11921\/revisions"}],"wp:attachment":[{"href":"https:\/\/www.cnbb.org.br\/cnbb-app\/wp\/v2\/media?parent=11921"}],"wp:term":[{"taxonomy":"category","embeddable":true,"href":"https:\/\/www.cnbb.org.br\/cnbb-app\/wp\/v2\/categories?post=11921"},{"taxonomy":"post_tag","embeddable":true,"href":"https:\/\/www.cnbb.org.br\/cnbb-app\/wp\/v2\/tags?post=11921"}],"curies":[{"name":"wp","href":"https:\/\/api.w.org\/{rel}","templated":true}]}}