{"id":11924,"date":"2008-12-05T00:00:00","date_gmt":"2008-12-05T02:00:00","guid":{"rendered":"https:\/\/www.cnbb.org.br\/em-busca-do-senhor\/"},"modified":"2008-12-05T00:00:00","modified_gmt":"2008-12-05T02:00:00","slug":"em-busca-do-senhor","status":"publish","type":"post","link":"https:\/\/www.cnbb.org.br\/em-busca-do-senhor\/","title":{"rendered":"Em busca do Senhor"},"content":{"rendered":"<div style=\"text-align: justify\">\u201cPreparai no deserto o caminho do Senhor\u201d (Is 40,3). Esta advert\u00eancia no-la faz o profeta Isa\u00edas na Liturgia deste segundo domingo do Advento. O alerta vem-nos desde os tempos b\u00edblicos, em que o povo hebreu esperava pelo Messias que o tiraria do cativeiro da gra\u00e7a em que se encontrava, e nos conclama a endireitarmos os caminhos tortuoso e aplainarmos as veredas escarpadas (Is 40,4b).<\/div>\n<p>  <!--more-->  <\/p>\n<p style=\"text-align: justify\">Bafeja em nossa face, inundando-nos de gra\u00e7a, a inspira\u00e7\u00e3o divina a prepararmo-nos, desde hoje, para o retorno de Jesus. Nessa expectativa, no entanto, cabe-nos assumirmos nosso papel na Igreja e na comunidade, como disc\u00edpulos de Cristo e seu mission\u00e1rio, atuando determinados e convictos nessa grande obra de evangeliza\u00e7\u00e3o. Cabe a cada crist\u00e3o ser evangelizador na fam\u00edlia, na sociedade, entre os amigos, no local de trabalho, antes como exemplo pela sua conduta, depois pela prepara\u00e7\u00e3o que deve buscar, a fim de que coopere nessa obra da reden\u00e7\u00e3o. Assim, estaremos nos preparando e estimulando nossos irm\u00e3os a se prepararem para quando \u201cent\u00e3o se manifestar\u00e1 a gl\u00f3ria do Senhor e todo o homem ver\u00e1 a sua magnific\u00eancia\u201d (Is 40,5).<\/p>\n<p style=\"text-align: justify\">Naqueles anos b\u00edblicos, o povo hebreu era cativo do Imp\u00e9rio Babil\u00f4nico e o profeta o consolava, anunciando o reino de paz e de justi\u00e7a que um dia se instauraria no mundo. Em nossos dias, o povo de Deus muitas vezes \u00e9 cativo do modernismo, pelo oportunismo, pelo comodismo, pela insensatez, pela impiedade, pelo destemor, por tudo aquilo que nos priva da gra\u00e7a. \u00c9 por isso que, nessa prepara\u00e7\u00e3o para o momento em que a Santa Igreja nos prop\u00f5e a medita\u00e7\u00e3o da vinda do Senhor Jesus, para remir-nos do pecado, devemos nos preparar, limpar o nosso cora\u00e7\u00e3o e tirar as arestas que nos remetem \u00e0s constantes fragilidades. Desta forma, de cora\u00e7\u00e3o puro, participando da Eucaristia, devidamente preparados, e nos conduzindo de acordo com os preceitos crist\u00e3os, estaremos endireitando nossos caminhos, muitas vezes \u00e1ridos, semeando a esperan\u00e7a da eternidade em Deus.<\/p>\n<p style=\"text-align: justify\">Ao clamar a liberta\u00e7\u00e3o \u00e0quele povo sofrido do Antigo Testamento, muito mais do que consolar aqueles cora\u00e7\u00f5es imersos em dor e decep\u00e7\u00e3o, Isa\u00edas apelava para a necess\u00e1ria convers\u00e3o. E creio que, tamb\u00e9m em nosso tempo, haja uma necessidade premente de convers\u00e3o, em todos os sentidos: no modo de vida, na conduta pessoal, familiar e social, no trabalho, nas palavras, inclusive na f\u00e9. Ali\u00e1s, talvez seja a partir da f\u00e9 que deva se iniciar esse processo de retorno. Retorno ao Pai, por meio da Igreja, na forma\u00e7\u00e3o espiritual e dogm\u00e1tica, na participa\u00e7\u00e3o dos Santos Sacramentos e, por fim, no exemplo de vida crist\u00e3 que devemos todos emanar. Seremos \u201csal da terra e luz do mundo\u201d no meio em que vivemos e promoveremos uma constante convers\u00e3o a Deus, estimulando, ainda, o pr\u00f3ximo a faz\u00ea-lo.<\/p>\n<p style=\"text-align: justify\">Isa\u00edas anunciava por Deus que a consola\u00e7\u00e3o estava pr\u00f3xima. As Sagradas Escrituras, a Tradi\u00e7\u00e3o e o Magist\u00e9rio da Igreja nos asseguram que temos a consola\u00e7\u00e3o, em meio a todas as tribula\u00e7\u00e3o que nos afligem neste conturbado s\u00e9culo. O profeta anunciava \u201cao cora\u00e7\u00e3o de Jerusal\u00e9m\u201d; anunciam-nos hoje do cora\u00e7\u00e3o da Igreja, Corpo M\u00edstico de Cristo, no qual estamos inseridos desde o Batismo. \u00c9 portanto do nosso cora\u00e7\u00e3o que brota \u2013 e n\u00e3o podemos impedi-lo \u2013 essa express\u00e3o do amor de Deus para conosco, inspirados pelo Divino Amor, que \u00e9 a consola\u00e7\u00e3o.<\/p>\n<p style=\"text-align: justify\">O povo hebreu tinha a convic\u00e7\u00e3o de que os seus pecados \u00e9 quem o agrilhoara sob o dom\u00ednio babil\u00f4nico. Suportou-o, contudo, na esperan\u00e7a do resgate da eterna Alian\u00e7a feita com seus pais. Devemos, tamb\u00e9m, saber compreender os des\u00edgnios de Deus e distinguir quais s\u00e3o eles e o que prov\u00e9m de nosso amor-pr\u00f3prio, de nosso orgulho, de nossa imprud\u00eancia, de todas as nossas fragilidades que, muitas vezes, o maligno nos faz entend\u00ea-las equivocadamente como virtudes.<\/p>\n<p style=\"text-align: justify\">Com a t\u00e3o recomendada resigna\u00e7\u00e3o crist\u00e3, a humildade de reconhecer nossas falhas e a dignidade de buscar a reconcilia\u00e7\u00e3o com o pr\u00f3ximo e, depois, com Deus, pelos sacramentos da Penit\u00eancia e da Eucaristia, estaremos prontos para viver, intensamente, a uni\u00e3o m\u00edstica que tantos santos experimentaram e que Deus se delicia em repartir conosco: essa conviv\u00eancia \u00edntima na f\u00e9 e na fraternidade.<\/p>\n<p style=\"text-align: justify\">Que a Virgem Maria, silente em sua concep\u00e7\u00e3o, confiante na Provid\u00eancia Divina, inflamada de ardor pelo Santo Esp\u00edrito, seja nosso modelo para nos mantermos atentos e fi\u00e9is \u00e0 vontade de Deus. Pedindo sua constante intercess\u00e3o, recomendamos ao nosso clero e queridos fi\u00e9is que assumam cada vez mais convictos sua fun\u00e7\u00e3o na Igreja, enquanto nos preparamos, neste Tempo Lit\u00fargico, para o que h\u00e1 de vir nos s\u00e9culos futuros.<\/p>\n<h4 style=\"text-align: right\">Dom Eurico dos Santos Veloso<\/h4>\n","protected":false},"excerpt":{"rendered":"<p>\u201cPreparai no deserto o caminho do Senhor\u201d (Is 40,3). Esta advert\u00eancia no-la faz o profeta Isa\u00edas na Liturgia deste segundo domingo do Advento. O alerta vem-nos desde os tempos b\u00edblicos, em que o povo hebreu esperava pelo Messias que o tiraria do cativeiro da gra\u00e7a em que se encontrava, e nos conclama a endireitarmos os &hellip;<\/p>\n<p class=\"read-more\"> <a class=\"\" href=\"https:\/\/www.cnbb.org.br\/em-busca-do-senhor\/\"> <span class=\"screen-reader-text\">Em busca do Senhor<\/span> Leia mais &raquo;<\/a><\/p>\n","protected":false},"author":83,"featured_media":0,"comment_status":"open","ping_status":"open","sticky":false,"template":"","format":"standard","meta":{"site-sidebar-layout":"default","site-content-layout":"default","ast-global-header-display":"","ast-banner-title-visibility":"","ast-main-header-display":"","ast-hfb-above-header-display":"","ast-hfb-below-header-display":"","ast-hfb-mobile-header-display":"","site-post-title":"","ast-breadcrumbs-content":"","ast-featured-img":"","footer-sml-layout":"","theme-transparent-header-meta":"","adv-header-id-meta":"","stick-header-meta":"","header-above-stick-meta":"","header-main-stick-meta":"","header-below-stick-meta":""},"categories":[758],"tags":[],"acf":[],"_links":{"self":[{"href":"https:\/\/www.cnbb.org.br\/cnbb-app\/wp\/v2\/posts\/11924"}],"collection":[{"href":"https:\/\/www.cnbb.org.br\/cnbb-app\/wp\/v2\/posts"}],"about":[{"href":"https:\/\/www.cnbb.org.br\/cnbb-app\/wp\/v2\/types\/post"}],"author":[{"embeddable":true,"href":"https:\/\/www.cnbb.org.br\/cnbb-app\/wp\/v2\/users\/83"}],"replies":[{"embeddable":true,"href":"https:\/\/www.cnbb.org.br\/cnbb-app\/wp\/v2\/comments?post=11924"}],"version-history":[{"count":0,"href":"https:\/\/www.cnbb.org.br\/cnbb-app\/wp\/v2\/posts\/11924\/revisions"}],"wp:attachment":[{"href":"https:\/\/www.cnbb.org.br\/cnbb-app\/wp\/v2\/media?parent=11924"}],"wp:term":[{"taxonomy":"category","embeddable":true,"href":"https:\/\/www.cnbb.org.br\/cnbb-app\/wp\/v2\/categories?post=11924"},{"taxonomy":"post_tag","embeddable":true,"href":"https:\/\/www.cnbb.org.br\/cnbb-app\/wp\/v2\/tags?post=11924"}],"curies":[{"name":"wp","href":"https:\/\/api.w.org\/{rel}","templated":true}]}}