{"id":11932,"date":"2008-10-06T00:00:00","date_gmt":"2008-10-06T03:00:00","guid":{"rendered":"https:\/\/www.cnbb.org.br\/vamos-rezar-o-terco\/"},"modified":"2008-10-06T00:00:00","modified_gmt":"2008-10-06T03:00:00","slug":"vamos-rezar-o-terco","status":"publish","type":"post","link":"https:\/\/www.cnbb.org.br\/vamos-rezar-o-terco\/","title":{"rendered":"Vamos rezar o ter\u00e7o&#8230;"},"content":{"rendered":"<p style=\"text-align: justify\">M\u00eas de outubro. M\u00eas do Ros\u00e1rio. Se h\u00e1 um convite e uma insist\u00eancia para rezarmos sempre, o santo ros\u00e1rio \u00e9 um meio secular do povo crist\u00e3o atender a esse apelo.Foi assim na hist\u00f3ria da Igreja. Sempre que assaltada por heresias, nos perigos de calamidade para a comunidade crist\u00e3, o povo clamou por Maria rezando o ros\u00e1rio. E sempre foi atendido. Neste m\u00eas, nossa devo\u00e7\u00e3o deve ser mais forte ainda, aprofundando-se no conhecimento desta ora\u00e7\u00e3o.<\/p>\n<p>  <!--more-->  <\/p>\n<p style=\"text-align: justify\">Todos os atos de nossa vida devem ser dirigidos para a gl\u00f3ria de Deus. Mas, do nascer ao por do sol ou na profundidade da escurid\u00e3o da noite, devemos tirar alguns minutos para estarmos a s\u00f3s com Deus. Sem que o barulho do mundo nos perturbe. E como \u00e9 suave a presen\u00e7a de Maria nesses momentos.<\/p>\n<p style=\"text-align: justify\">Adoramos a majestade divina, rendemos-lhe gra\u00e7as e, na confiss\u00e3o de pecadores, imploramos, como o publicano do Evangelho, a sua miseric\u00f3rdia. Se Maria est\u00e1 a nosso lado, podemos sentir que os olhos divinos a ela se dirigem atendendo nossas s\u00faplicas, como poeticamente descreveu Dante na Divina Com\u00e9dia, pois os olhos de Maria n\u00e3o s\u00e3o sen\u00e3o os olhos divinos, olhos de quem \u00e9 sua filha e sua m\u00e3e.<\/p>\n<p style=\"text-align: justify\">O ter\u00e7o, especialmente se rezado em fam\u00edlia, \u00e9 um momento precioso para esse ato de louvor.<\/p>\n<p style=\"text-align: justify\">Nele a ora\u00e7\u00e3o vocal, a ora\u00e7\u00e3o que Jesus nos ensinou mescla-se com a sauda\u00e7\u00e3o \u00e0 Virgem e, enquanto as recitamos, deslizando as contas do ros\u00e1rio, na sua simplicidade nossa mente e cora\u00e7\u00e3o se elevam \u00e0 altura da contempla\u00e7\u00e3o dos mist\u00e9rios da reden\u00e7\u00e3o. Ao grande amor de Deus que nos resgatou do pecado para participarmos de sua gl\u00f3ria em Cristo.<\/p>\n<p style=\"text-align: justify\">S\u00e3o quatro s\u00e9ries do mist\u00e9rio da salva\u00e7\u00e3o que meditamos e que n\u00e3o se esgotam quanto mais os contemplamos.<\/p>\n<p style=\"text-align: justify\">Poder\u00edamos condens\u00e1-los no texto de S\u00e3o Paulo aos Filipenses (2, 5 a 11). A nossa reden\u00e7\u00e3o realizada pelo abatimento da Pessoa do Verbo que despe-se de sua gl\u00f3ria divina para assumir a condi\u00e7\u00e3o\u00a0 humana. Fazendo-se igual a n\u00f3s, exceto no pecado, como ensina S\u00e3o Paulo, viveu as alegrias e dores que todos n\u00f3s temos de suportar como homens e at\u00e9 o supl\u00edcio dos escravos na cruz, para ent\u00e3o ser exaltado na gl\u00f3ria, que tinha junto ao Pai antes de existir o mundo (cf. Jo. 17, 5)e para a qual tamb\u00e9m nele seremos destinados, como j\u00e1 o foi Maria na sua gloriosa assun\u00e7\u00e3o.<\/p>\n<p style=\"text-align: justify\">Quando o Verbo se fez carne e habitou entre n\u00f3s, raiou a alegria no cora\u00e7\u00e3o da Humanidade. Primeiro em Maria quando disse o seu \u201csim\u201d, para que em seu seio surgisse a verdadeira Vida e a Luz. Jo\u00e3o Batista, santificado antes do seu nascimento na visita de Nossa Senhora a Isabel, quando veio \u00e0 luz, ouviu-se nas montanhas, entoado por seu pai, Zacarias, um hino de louvor. Surgia os albores da reden\u00e7\u00e3o. Os pastores e os pobres se alegraram com os anjos na noite de Natal e o velho Sime\u00e3o proclamou que poderia morrer em paz porque seus olhos viram a salva\u00e7\u00e3o de Israel.<\/p>\n<p style=\"text-align: justify\">Na sua vida p\u00fablica, na alegria em Can\u00e1 da Galil\u00e9ia e nas margens do Tiber\u00edades foi proclamado aos pobres que o tac\u00e3o do opressor fora esmagado e para os que\u00a0 habitavam as trevas surgia uma grande luz. Multiplicou o p\u00e3o nas plan\u00edcies e culminou a sua vida antecipando a doa\u00e7\u00e3o de si mesmo no P\u00e3o Eucar\u00edstico e no Vinho que nos d\u00e1 coragem, tornando-nos um com Ele.<\/p>\n<p style=\"text-align: justify\">Sofreu os tormentos do abandono total dos homens e do Pai e os supl\u00edcios da maldade humana. Tudo suportou at\u00e9 entregar-se: \u201cPai em tuas m\u00e3os entrego o meu esp\u00edrito\u201d.<\/p>\n<p style=\"text-align: justify\">Por isso foi exaltado e tem um nome glorioso diante do qual curvam-se c\u00e9us e terra e as profundezas do sheol e do inferno. Ele nos deu seu Esp\u00edrito para nos acompanhar na caminhada at\u00e9 o dia em que vir\u00e1 tudo assumir e entregar ao Pai o novo c\u00e9u e a nova terra.<\/p>\n<p style=\"text-align: justify\">Quando meditamos todo esse amor, podemos ter confian\u00e7a em expor nossas ang\u00fastias, e pedidos, manifestar nossa alegria, tudo aquilo que \u00e9 a nossa vida. Sairemos reconfortados e n\u00e3o teremos medo do perigo e da morte.<\/p>\n<p style=\"text-align: justify\">O ros\u00e1rio \u00e9 a ora\u00e7\u00e3o do povo. Quantos se santificam pela sua recita\u00e7\u00e3o. Aproveitemos este m\u00eas para oferecermos essas rosas \u00e0 Maria e recebermos por sua intercess\u00e3o os m\u00e9ritos da reden\u00e7\u00e3o.<\/p>\n<h4 style=\"text-align: right\">Dom Eurico dos Santos Veloso<\/h4>\n","protected":false},"excerpt":{"rendered":"<p>M\u00eas de outubro. M\u00eas do Ros\u00e1rio. Se h\u00e1 um convite e uma insist\u00eancia para rezarmos sempre, o santo ros\u00e1rio \u00e9 um meio secular do povo crist\u00e3o atender a esse apelo.Foi assim na hist\u00f3ria da Igreja. Sempre que assaltada por heresias, nos perigos de calamidade para a comunidade crist\u00e3, o povo clamou por Maria rezando o &hellip;<\/p>\n<p class=\"read-more\"> <a class=\"\" href=\"https:\/\/www.cnbb.org.br\/vamos-rezar-o-terco\/\"> <span class=\"screen-reader-text\">Vamos rezar o ter\u00e7o&#8230;<\/span> Leia mais &raquo;<\/a><\/p>\n","protected":false},"author":83,"featured_media":0,"comment_status":"open","ping_status":"open","sticky":false,"template":"","format":"standard","meta":{"site-sidebar-layout":"default","site-content-layout":"default","ast-global-header-display":"","ast-banner-title-visibility":"","ast-main-header-display":"","ast-hfb-above-header-display":"","ast-hfb-below-header-display":"","ast-hfb-mobile-header-display":"","site-post-title":"","ast-breadcrumbs-content":"","ast-featured-img":"","footer-sml-layout":"","theme-transparent-header-meta":"","adv-header-id-meta":"","stick-header-meta":"","header-above-stick-meta":"","header-main-stick-meta":"","header-below-stick-meta":""},"categories":[758],"tags":[],"acf":[],"_links":{"self":[{"href":"https:\/\/www.cnbb.org.br\/cnbb-app\/wp\/v2\/posts\/11932"}],"collection":[{"href":"https:\/\/www.cnbb.org.br\/cnbb-app\/wp\/v2\/posts"}],"about":[{"href":"https:\/\/www.cnbb.org.br\/cnbb-app\/wp\/v2\/types\/post"}],"author":[{"embeddable":true,"href":"https:\/\/www.cnbb.org.br\/cnbb-app\/wp\/v2\/users\/83"}],"replies":[{"embeddable":true,"href":"https:\/\/www.cnbb.org.br\/cnbb-app\/wp\/v2\/comments?post=11932"}],"version-history":[{"count":0,"href":"https:\/\/www.cnbb.org.br\/cnbb-app\/wp\/v2\/posts\/11932\/revisions"}],"wp:attachment":[{"href":"https:\/\/www.cnbb.org.br\/cnbb-app\/wp\/v2\/media?parent=11932"}],"wp:term":[{"taxonomy":"category","embeddable":true,"href":"https:\/\/www.cnbb.org.br\/cnbb-app\/wp\/v2\/categories?post=11932"},{"taxonomy":"post_tag","embeddable":true,"href":"https:\/\/www.cnbb.org.br\/cnbb-app\/wp\/v2\/tags?post=11932"}],"curies":[{"name":"wp","href":"https:\/\/api.w.org\/{rel}","templated":true}]}}