{"id":11933,"date":"2008-10-03T00:00:00","date_gmt":"2008-10-03T03:00:00","guid":{"rendered":"https:\/\/www.cnbb.org.br\/ofereco-vos-o-meu-deus\/"},"modified":"2008-10-03T00:00:00","modified_gmt":"2008-10-03T03:00:00","slug":"ofereco-vos-o-meu-deus","status":"publish","type":"post","link":"https:\/\/www.cnbb.org.br\/ofereco-vos-o-meu-deus\/","title":{"rendered":"Ofere\u00e7o-vos, \u00f3 meu Deus!"},"content":{"rendered":"<p style=\"text-align: justify\">O Santo Padre Bento XVI, em sua \u00faltima enc\u00edclica \u201cSpe salvi\u201d, fala sobre o sofrimento que nos desenvolve e fortalece a esperan\u00e7a em Deus. Impelidos pelos deveres de justi\u00e7a e de caridade crist\u00e3 entregamo-nos \u00e0 comisera\u00e7\u00e3o e sempre buscamos, de alguma forma, amenizar o sofrimento daqueles que o padecem, seja pela fragilidade, seja pelas circunst\u00e2ncias que essa prova\u00e7\u00e3o os visita. \u201cS\u00e3o deveres tanto da justi\u00e7a como da caridade, que se inserem nas exig\u00eancias fundamentais da exist\u00eancia crist\u00e3 e de cada vida verdadeiramente humana\u201d, nos fala o Papa (Spe Salvi n\u00ba 36).<\/p>\n<p>  <!--more-->  <\/p>\n<p style=\"text-align: justify\">Existe hoje, no entanto, uma cultura de pavor ao sofrimento e, conseq\u00fcentemente, \u00e0 morte. Ora, o sofrer n\u00e3o significa o fim, assim como a morte tamb\u00e9m n\u00e3o o \u00e9. O sofrimento pode ser, nesta vida, um instante de revigoramento, tendo suportado com a resigna\u00e7\u00e3o que \u00e9 uma preciosa conduta do bom crist\u00e3o, confiante nos des\u00edgnios de Deus. Da mesma forma como o sofrimento deve ser uma passagem de est\u00e1gio na vida, seja pela dor f\u00edsica, seja pela dor moral, ou at\u00e9 mesmo pela dor espiritual, para uma viv\u00eancia mais saud\u00e1vel no esp\u00edrito, a morte ser\u00e1 essa passagem para a plenitude da vida, a eternidade.<\/p>\n<p style=\"text-align: justify\">As pessoas, por muito pouco, abatem-se hoje; na maioria das vezes, essa dor \u00e9 decorrente de uma frustra\u00e7\u00e3o, de um golpe que lhe toca o amor-pr\u00f3prio. A dor que se sente, na verdade, \u00e9 porque sente-se ferido em sua vaidade, desacatado em seus caprichos, incomodado em sua c\u00f4moda soberba. Tanto se sente fragilizado ao menor toque \u00e0 sua intimidade que se sente com o maior problema do mundo, o mais fr\u00e1gil enfermo, a v\u00edtima injusti\u00e7ada pela sua natureza e por Deus, quando se desatina em blasf\u00eamias.<\/p>\n<p style=\"text-align: justify\">Bastaria lan\u00e7ar o olhar \u00e0 sua volta e veria quanto sofrimento existe, muito maiores, recolhidos na viv\u00eancia conforme a vontade de Nosso Senhor. Esses sofredores aut\u00eanticos podem estar dentro de nossa casa, em nossa roda de amigos, na comunidade paroquial a que freq\u00fcentamos. De forma mais n\u00edtida, nos hospitais, nos pres\u00eddios, nas favelas, ou nas sarjetas. Em cada um deles, o reflexo do sofrimento do Cristo ultrajado por cora\u00e7\u00f5es insens\u00edveis, por uma sociedade que vai se regendo por um neo-paganismo, por nossas atitudes mesquinhas e indiferentes ante a realidade em que vivemos.<\/p>\n<p style=\"text-align: justify\">Ainda em sua preciosa \u201cSpe Salvi\u201d, Bento XVI resgata um piedoso costume crist\u00e3o, quase desconhecido pela presente gera\u00e7\u00e3o. Eis que ele nos diz: \u201cFazia parte duma forma de devo\u00e7\u00e3o \u2013 talvez menos praticada hoje, mas n\u00e3o vai ainda h\u00e1 muito tempo que era bastante difundida \u2013 a id\u00e9ia de poder \u2018oferecer\u2019 as pequenas canseiras da vida quotidiana, que nos ferem com freq\u00fc\u00eancia como alfinetadas mais ou menos inc\u00f4modas, dando-lhes assim um sentido. (&#8230;) O que significa \u2018oferecer\u2019? Estas pessoas estavam convencidas de poderem inserir no grande compadecer de Cristo as suas pequenas canseiras, que entravam assim, de algum modo, a fazer parte do tesouro de compaix\u00e3o de que o g\u00eanero humano necessita. Deste modo, tamb\u00e9m as mesmas pequenas mol\u00e9stias do dia-a-dia poderiam adquirir um sentido e contribuir para a economia do bem, do amor entre os homens\u201d (op. cit. N\u00ba 40).<\/p>\n<p style=\"text-align: justify\">Estou preso no leito de enfermidade, convalescente, com a gra\u00e7a de Deus. Essa situa\u00e7\u00e3o tempor\u00e1ria, no entanto, possibilitou-me entregar-me mais a Nosso Senhor, unindo meu sofrimento f\u00edsico ao sofrimento divino dEle.<\/p>\n<p style=\"text-align: justify\">A dor humana que sinto, talvez seja pelas chagas que, de alguma forma, reavivei no Cora\u00e7\u00e3o amado de Jesus; indeliberadamente no cora\u00e7\u00e3o da Igreja; sem nenhuma inten\u00e7\u00e3o no cora\u00e7\u00e3o de meu presbit\u00e9rio. N\u00e3o que o tenha feito por mal, menos ainda por cobardia, mas pelas minhas limita\u00e7\u00f5es e fragilidades.<\/p>\n<p style=\"text-align: justify\">E a gra\u00e7a que o Divino Mestre concede-me neste instante \u00e9 a de, nesta prova\u00e7\u00e3o, reafirmar com a mesma decis\u00e3o que respondi ao chamado ao sacerd\u00f3cio e \u00e0 M\u00e3e Igreja ao episcopado, assim como o Pr\u00edncipe dos Ap\u00f3stolos, quando arg\u00fcido por Nosso Senhor: \u201cSenhor, tu sabes tudo. Tu sabes que te amo.\u201d (Jo 21,17).<\/p>\n<p style=\"text-align: justify\">Por este amor imensur\u00e1vel e sincero, abrasado pela gra\u00e7a do Esp\u00edrito Santo e alimentado pela Sagrada Eucaristia, disponho-me a oferecer este sofrimento f\u00edsico ao Sant\u00edssimo Redentor, aplicando os m\u00e9ritos que Ele se dignar desta dor aproveitar, pela santifica\u00e7\u00e3o do clero, especialmente de nossa cara Arquidiocese de Juiz de Fora, para que sempre mais busque viver unido na f\u00e9 e no sacerd\u00f3cio \u2013 \u201cfratres in unum\u201d -, e de todos aqueles fi\u00e9is cat\u00f3licos que constituem nosso rebanho. Rezemos juntos, enquanto me entrego \u00e0 vontade de Deus e ofere\u00e7o-me inteiramente nestas inten\u00e7\u00f5es.<\/p>\n<p style=\"text-align: justify\">Rezem por mim, pela minha resigna\u00e7\u00e3o e pela minha perseveran\u00e7a na disposi\u00e7\u00e3o para dedicar-me sempre mais para a salva\u00e7\u00e3o das almas que me foram confiadas. Rezem para que eu saiba unir-me, mais e mais, ao sofrimento de Cristo e, com Ele, entregar-me pelo bem de nossos irm\u00e3os e irm\u00e3s que se norteiam ao sinal de meu b\u00e1culo arquiepiscopal.<\/p>\n<p style=\"text-align: justify\">Rezemos juntos!<\/p>\n<h4 style=\"text-align: right\">Dom Eurico dos Santos Veloso<\/h4>\n","protected":false},"excerpt":{"rendered":"<p>O Santo Padre Bento XVI, em sua \u00faltima enc\u00edclica \u201cSpe salvi\u201d, fala sobre o sofrimento que nos desenvolve e fortalece a esperan\u00e7a em Deus. Impelidos pelos deveres de justi\u00e7a e de caridade crist\u00e3 entregamo-nos \u00e0 comisera\u00e7\u00e3o e sempre buscamos, de alguma forma, amenizar o sofrimento daqueles que o padecem, seja pela fragilidade, seja pelas circunst\u00e2ncias &hellip;<\/p>\n<p class=\"read-more\"> <a class=\"\" href=\"https:\/\/www.cnbb.org.br\/ofereco-vos-o-meu-deus\/\"> <span class=\"screen-reader-text\">Ofere\u00e7o-vos, \u00f3 meu Deus!<\/span> Leia mais &raquo;<\/a><\/p>\n","protected":false},"author":83,"featured_media":0,"comment_status":"open","ping_status":"open","sticky":false,"template":"","format":"standard","meta":{"site-sidebar-layout":"default","site-content-layout":"default","ast-global-header-display":"","ast-banner-title-visibility":"","ast-main-header-display":"","ast-hfb-above-header-display":"","ast-hfb-below-header-display":"","ast-hfb-mobile-header-display":"","site-post-title":"","ast-breadcrumbs-content":"","ast-featured-img":"","footer-sml-layout":"","theme-transparent-header-meta":"","adv-header-id-meta":"","stick-header-meta":"","header-above-stick-meta":"","header-main-stick-meta":"","header-below-stick-meta":""},"categories":[758],"tags":[],"acf":[],"_links":{"self":[{"href":"https:\/\/www.cnbb.org.br\/cnbb-app\/wp\/v2\/posts\/11933"}],"collection":[{"href":"https:\/\/www.cnbb.org.br\/cnbb-app\/wp\/v2\/posts"}],"about":[{"href":"https:\/\/www.cnbb.org.br\/cnbb-app\/wp\/v2\/types\/post"}],"author":[{"embeddable":true,"href":"https:\/\/www.cnbb.org.br\/cnbb-app\/wp\/v2\/users\/83"}],"replies":[{"embeddable":true,"href":"https:\/\/www.cnbb.org.br\/cnbb-app\/wp\/v2\/comments?post=11933"}],"version-history":[{"count":0,"href":"https:\/\/www.cnbb.org.br\/cnbb-app\/wp\/v2\/posts\/11933\/revisions"}],"wp:attachment":[{"href":"https:\/\/www.cnbb.org.br\/cnbb-app\/wp\/v2\/media?parent=11933"}],"wp:term":[{"taxonomy":"category","embeddable":true,"href":"https:\/\/www.cnbb.org.br\/cnbb-app\/wp\/v2\/categories?post=11933"},{"taxonomy":"post_tag","embeddable":true,"href":"https:\/\/www.cnbb.org.br\/cnbb-app\/wp\/v2\/tags?post=11933"}],"curies":[{"name":"wp","href":"https:\/\/api.w.org\/{rel}","templated":true}]}}