{"id":11954,"date":"2008-11-03T00:00:00","date_gmt":"2008-11-03T02:00:00","guid":{"rendered":"https:\/\/www.cnbb.org.br\/vida-tempo-e-eternidade\/"},"modified":"2008-11-03T00:00:00","modified_gmt":"2008-11-03T02:00:00","slug":"vida-tempo-e-eternidade","status":"publish","type":"post","link":"https:\/\/www.cnbb.org.br\/vida-tempo-e-eternidade\/","title":{"rendered":"Vida, tempo e eternidade"},"content":{"rendered":"<div style=\"text-align: justify\">\n<p>A vida humana conhece a face do tempo, por\u00e9m tem a eternidade como seu destino final. Essa realidade tem muitas implica\u00e7\u00f5es. Em primeiro lugar, nos damos conta de ser a vida o dom maior, com uma voca\u00e7\u00e3o de eternidade, com o qual Deus nos presenteou, dado que a exist\u00eancia de outras criaturas n\u00e3o passa de sua express\u00e3o terrestre. Qualquer ser que vive neste mundo traz consigo uma limita\u00e7\u00e3o \u2013 a morte; por\u00e9m, apenas os seres racionais sabem que a morte chegar\u00e1; isso acontece, de forma dolorosa, precisamente, em raz\u00e3o de sua racionalidade; somente eles t\u00eam o alcance da dimens\u00e3o de sua exist\u00eancia que vai al\u00e9m das vicissitudes da condi\u00e7\u00e3o terrestre e temporal. Por isso, se de um lado a pessoa humana vive, em grau maior, o conflito decorrente da certeza da morte, por outro lado, em raz\u00e3o de uma forma\u00e7\u00e3o religiosa que tenha recebido, enxerga, com firmeza e esperan\u00e7a, o amanh\u00e3 que, inexoravelmente, vai chegar, muito embora ainda persista uma outra face da limita\u00e7\u00e3o, o fato de n\u00e3o saber quando, nem onde isso vai chegar.<\/p>\n<p>  <!--more-->  <\/div>\n<p style=\"text-align: justify\">A proximidade da celebra\u00e7\u00e3o da mem\u00f3ria dos santos \u2013 na celebra\u00e7\u00e3o da Festa de Todos os Santos, no dia 1\u00ba de novembro \u2013 e a mem\u00f3ria dos mortos \u2013 na comemora\u00e7\u00e3o dos Fi\u00e9is Defuntos, no dia 2, n\u00e3o \u00e9 um dado casual; a liturgia celebra essas duas comemora\u00e7\u00f5es, em datas pr\u00f3ximas, pra significar essa condi\u00e7\u00e3o transit\u00f3ria da vida humana e a sua voca\u00e7\u00e3o de eternidade; mais ainda, quer lembrar que a santidade de vida se constr\u00f3i em sua condi\u00e7\u00e3o terrestre, n\u00e3o obstante as fortes tenta\u00e7\u00f5es \u201cdo poder\u201d, \u201cdo prazer\u201d e \u201cda gl\u00f3ria humana\u201d a que todos est\u00e3o sujeitos. Na verdade, a pessoa n\u00e3o adquire a santidade ap\u00f3s a morte; sua santidade atinge, sim, um grau de maior perfei\u00e7\u00e3o, na eternidade, pelo fato de estar com Deus, de ver Deus, \u201cface a face\u201d.<\/p>\n<p style=\"text-align: justify\">A liturgia \u201cde Todos os Santos nos leva a dar gra\u00e7as a Deus pela vit\u00f3ria de sua gra\u00e7a em todos os eleitos; somos impelidos a alegrar-nos com sua felicidade e somos encorajados a viver no esp\u00edrito das bem-aventuran\u00e7as. Tamb\u00e9m n\u00f3s somos chamados a participar da multid\u00e3o dos santos, por ora ainda peregrinos e, um dia, na gl\u00f3ria eterna.\u201d Por sua natureza, a \u201cComemora\u00e7\u00e3o de Todos os Fi\u00e9is Defuntos traz \u00e0 mem\u00f3ria da Comunidade crist\u00e3 v\u00e1rios mist\u00e9rios: o mist\u00e9rio da morte, a comunh\u00e3o solid\u00e1ria com os que nos precederam na f\u00e9, a lembran\u00e7a dos que caminharam conosco na peregrina\u00e7\u00e3o terrena, seja na Comunidade familiar, seja na Comunidade eclesial.\u201d<\/p>\n<p style=\"text-align: justify\">H\u00e1, por conseguinte, um tra\u00e7o de uni\u00e3o entre a vida temporal e a eterna, no tocante, particularmente, \u00e0 santidade de vida e as duas comemora\u00e7\u00f5es querem explicitar isso: \u201cSe a Festa de Todos os Santos celebra os que foram glorificados e participam da gl\u00f3ria no Cristo ressuscitado, sejam eles canonizados como santos ou n\u00e3o, a comemora\u00e7\u00e3o de Todos os Fi\u00e9is Defuntos coloca a Igreja em comunh\u00e3o com os que nos precederam na f\u00e9, em rela\u00e7\u00e3o aos quais est\u00e1 viva a mem\u00f3ria da Comunidade.\u201d Por sua significa\u00e7\u00e3o espiritual, a Comemora\u00e7\u00e3o de Todos os Santos est\u00e1 marcada pelo sentimento de alegria e a\u00e7\u00e3o de gra\u00e7as, em face da \u201cmultid\u00e3o dos bem-aventurados\u201d, enquanto o \u201cDia de Finados \u00e9 o dia da saudade e o dia da esperan\u00e7a.\u201d<\/p>\n<p style=\"text-align: justify\">Vida, tempo e eternidade fazem parte do estado do ser humano, independentemente de sua condi\u00e7\u00e3o de crente ou n\u00e3o. Todavia, aquele que cr\u00ea, sem d\u00favida, se coloca perante essa realidade, com um horizonte diferente e, por isso, age de forma conseq\u00fcente, de modo que suas op\u00e7\u00f5es norteiam sua caminhada na dire\u00e7\u00e3o da justi\u00e7a, fraternidade e solidariedade humanas que s\u00e3o bases sobre as quais \u00e9 constru\u00edda a santidade de vida.<\/p>\n<h4 style=\"text-align: right\">Dom Genival Saraiva de Fran\u00e7a<\/h4>\n","protected":false},"excerpt":{"rendered":"<p>A vida humana conhece a face do tempo, por\u00e9m tem a eternidade como seu destino final. Essa realidade tem muitas implica\u00e7\u00f5es. Em primeiro lugar, nos damos conta de ser a vida o dom maior, com uma voca\u00e7\u00e3o de eternidade, com o qual Deus nos presenteou, dado que a exist\u00eancia de outras criaturas n\u00e3o passa de &hellip;<\/p>\n<p class=\"read-more\"> <a class=\"\" href=\"https:\/\/www.cnbb.org.br\/vida-tempo-e-eternidade\/\"> <span class=\"screen-reader-text\">Vida, tempo e eternidade<\/span> Leia mais &raquo;<\/a><\/p>\n","protected":false},"author":83,"featured_media":0,"comment_status":"open","ping_status":"open","sticky":false,"template":"","format":"standard","meta":{"site-sidebar-layout":"default","site-content-layout":"default","ast-global-header-display":"","ast-banner-title-visibility":"","ast-main-header-display":"","ast-hfb-above-header-display":"","ast-hfb-below-header-display":"","ast-hfb-mobile-header-display":"","site-post-title":"","ast-breadcrumbs-content":"","ast-featured-img":"","footer-sml-layout":"","theme-transparent-header-meta":"","adv-header-id-meta":"","stick-header-meta":"","header-above-stick-meta":"","header-main-stick-meta":"","header-below-stick-meta":""},"categories":[758],"tags":[],"acf":[],"_links":{"self":[{"href":"https:\/\/www.cnbb.org.br\/cnbb-app\/wp\/v2\/posts\/11954"}],"collection":[{"href":"https:\/\/www.cnbb.org.br\/cnbb-app\/wp\/v2\/posts"}],"about":[{"href":"https:\/\/www.cnbb.org.br\/cnbb-app\/wp\/v2\/types\/post"}],"author":[{"embeddable":true,"href":"https:\/\/www.cnbb.org.br\/cnbb-app\/wp\/v2\/users\/83"}],"replies":[{"embeddable":true,"href":"https:\/\/www.cnbb.org.br\/cnbb-app\/wp\/v2\/comments?post=11954"}],"version-history":[{"count":0,"href":"https:\/\/www.cnbb.org.br\/cnbb-app\/wp\/v2\/posts\/11954\/revisions"}],"wp:attachment":[{"href":"https:\/\/www.cnbb.org.br\/cnbb-app\/wp\/v2\/media?parent=11954"}],"wp:term":[{"taxonomy":"category","embeddable":true,"href":"https:\/\/www.cnbb.org.br\/cnbb-app\/wp\/v2\/categories?post=11954"},{"taxonomy":"post_tag","embeddable":true,"href":"https:\/\/www.cnbb.org.br\/cnbb-app\/wp\/v2\/tags?post=11954"}],"curies":[{"name":"wp","href":"https:\/\/api.w.org\/{rel}","templated":true}]}}