{"id":11955,"date":"2008-10-09T00:00:00","date_gmt":"2008-10-09T03:00:00","guid":{"rendered":"https:\/\/www.cnbb.org.br\/a-igreja-e-a-politica\/"},"modified":"2008-10-09T00:00:00","modified_gmt":"2008-10-09T03:00:00","slug":"a-igreja-e-a-politica","status":"publish","type":"post","link":"https:\/\/www.cnbb.org.br\/a-igreja-e-a-politica\/","title":{"rendered":"A Igreja e a Pol\u00edtica"},"content":{"rendered":"<div style=\"text-align: justify\">O magist\u00e9rio da Igreja, ao longo dos s\u00e9culos, tem se pronunciado sobre a pol\u00edtica que sempre diz respeito \u00e0 vida do povo. Todavia, a pr\u00e1tica pol\u00edtica, exercida no dia a dia, \u00e9 vista positiva ou negativamente, conforme o endere\u00e7o que lhe os seus protagonistas e, tamb\u00e9m em raz\u00e3o disso, a Igreja tem uma palavra formativa e norteadora.<\/div>\n<p>  <!--more-->  <\/p>\n<p style=\"text-align: justify\">Tratando do apostolado dos leigos, afirma o Conc\u00edlio Vaticano II: \u201cO campo do apostolado se abre imensamente na esfera nacional e internacional, onde os leigos s\u00e3o, de maneira especial, os que traduzem na pr\u00e1tica a sabedoria crist\u00e3. Em seu amor \u00e0 p\u00e1tria e no fiel cumprimento dos deveres civis, sintam-se os cat\u00f3licos obrigados a promover o verdadeiro bem comum e assim fazer valer o peso de sua opini\u00e3o, para que o poder civil se exer\u00e7a na justi\u00e7a e as leis correspondam aos preceitos morais e ao bem comum. Os cat\u00f3licos versados em pol\u00edtica, e devidamente firmes na f\u00e9 e na doutrina crist\u00e3, n\u00e3o recusem cargos p\u00fablicos, se puderem por uma digna administra\u00e7\u00e3o prover o bem comum e ao mesmo tempo abrir caminho para o Evangelho.\u201d (Apostolicam Actuositatem, n\u00ba 1383).<\/p>\n<p style=\"text-align: justify\">O Comp\u00eandio de Doutrina Social da Igreja Cat\u00f3lica, publicado pelo Pontif\u00edcio Conselho da Justi\u00e7a e da Paz, cont\u00e9m a orienta\u00e7\u00e3o da Igreja sobre a participa\u00e7\u00e3o do cidad\u00e3o na vida p\u00fablica e sobre o desencanto de muitos pela pol\u00edtica: \u201catente-se, por exemplo, para as tentativas dos cidad\u00e3os de \u2018negociar\u2019 as condi\u00e7\u00f5es mais vantajosas para si com as institui\u00e7\u00f5es, como se estas \u00faltimas estivessem a servi\u00e7o das necessidades ego\u00edsticas, e para a pr\u00e1xis de limitar-se \u00e0 express\u00e3o da op\u00e7\u00e3o eleitoral, chegando tamb\u00e9m, em muitos casos a abster-se dela.\u201d (Comp\u00eandio, n\u00ba 191) Entre n\u00f3s, a corrup\u00e7\u00e3o, no processo eleitoral e no exerc\u00edcio do mandato, contribui para o desencanto pol\u00edtico, a ponto de levar o eleitor a votar em branco, anular o voto ou justificar o n\u00e3o comparecimento \u00e0s elei\u00e7\u00f5es.<\/p>\n<p style=\"text-align: justify\">A Igreja, com clareza, se pronuncia sobre a participa\u00e7\u00e3o dos cat\u00f3licos na vida pol\u00edtica e faz uma leitura da realidade pol\u00edtica no Continente latino-americano no Documento de Aparecida: \u201cCabe assinalar, como grande fator negativo em boa parte da regi\u00e3o, o recrudescimento da corrup\u00e7\u00e3o na sociedade e no Estado, envolvendo os poderes legislativos e executivos em todos os n\u00edveis, alcan\u00e7ando tamb\u00e9m o sistema judici\u00e1rio que, muitas vezes, inclina seu ju\u00edzo a favor dos poderosos e gera impunidade, o que coloca em s\u00e9rio risco a credibilidade das institui\u00e7\u00f5es p\u00fablicas e aumenta a desconfian\u00e7a do povo, fen\u00f4meno que se une a um profundo desprezo pela legalidade. Em amplos setores da popula\u00e7\u00e3o, e especialmente entre os jovens, cresce o desencanto pela pol\u00edtica e particularmente pela democracia, pois as promessas de uma vida melhor e mais justa n\u00e3o se cumpriram ou se cumpriram s\u00f3 pela metade.\u201d (DA, n\u00ba 77)<\/p>\n<p style=\"text-align: justify\">A CNBB afirma nas atuais Diretrizes Gerais da A\u00e7\u00e3o Evangelizadora: \u201cIncentive-se cada vez mais a participa\u00e7\u00e3o social e pol\u00edtica dos crist\u00e3os leigos e leigas nos diversos n\u00edveis e institui\u00e7\u00f5es, (&#8230;). Devemos nos empenhar na busca de pol\u00edticas p\u00fablicas que contribuam, efetivamente, para o bem-estar das pessoas, fam\u00edlias e povos. As comunidades e demais institui\u00e7\u00f5es cat\u00f3licas procurem colaborar com outras institui\u00e7\u00f5es privadas ou p\u00fablicas, com os movimentos populares e outras entidades da sociedade civil, no sentido de reivindicar democraticamente a implanta\u00e7\u00e3o e a execu\u00e7\u00e3o de pol\u00edticas p\u00fablicas voltadas para a defesa da vida e do bem comum, segundo a Doutrina Social da Igreja.\u201d (Doc. 87, n\u00ba 187 -188).<\/p>\n<p style=\"text-align: justify\">Nestas Elei\u00e7\u00f5es de 2008, pronunciem-se os eleitores com a seriedade que encontram nestes Documentos da Igreja Cat\u00f3lica.<\/p>\n<h4 style=\"text-align: right\">Dom Genival Saraiva de Fran\u00e7a<\/h4>\n","protected":false},"excerpt":{"rendered":"<p>O magist\u00e9rio da Igreja, ao longo dos s\u00e9culos, tem se pronunciado sobre a pol\u00edtica que sempre diz respeito \u00e0 vida do povo. Todavia, a pr\u00e1tica pol\u00edtica, exercida no dia a dia, \u00e9 vista positiva ou negativamente, conforme o endere\u00e7o que lhe os seus protagonistas e, tamb\u00e9m em raz\u00e3o disso, a Igreja tem uma palavra formativa &hellip;<\/p>\n<p class=\"read-more\"> <a class=\"\" href=\"https:\/\/www.cnbb.org.br\/a-igreja-e-a-politica\/\"> <span class=\"screen-reader-text\">A Igreja e a Pol\u00edtica<\/span> Leia mais &raquo;<\/a><\/p>\n","protected":false},"author":83,"featured_media":0,"comment_status":"open","ping_status":"open","sticky":false,"template":"","format":"standard","meta":{"site-sidebar-layout":"default","site-content-layout":"default","ast-global-header-display":"","ast-banner-title-visibility":"","ast-main-header-display":"","ast-hfb-above-header-display":"","ast-hfb-below-header-display":"","ast-hfb-mobile-header-display":"","site-post-title":"","ast-breadcrumbs-content":"","ast-featured-img":"","footer-sml-layout":"","theme-transparent-header-meta":"","adv-header-id-meta":"","stick-header-meta":"","header-above-stick-meta":"","header-main-stick-meta":"","header-below-stick-meta":""},"categories":[758],"tags":[],"acf":[],"_links":{"self":[{"href":"https:\/\/www.cnbb.org.br\/cnbb-app\/wp\/v2\/posts\/11955"}],"collection":[{"href":"https:\/\/www.cnbb.org.br\/cnbb-app\/wp\/v2\/posts"}],"about":[{"href":"https:\/\/www.cnbb.org.br\/cnbb-app\/wp\/v2\/types\/post"}],"author":[{"embeddable":true,"href":"https:\/\/www.cnbb.org.br\/cnbb-app\/wp\/v2\/users\/83"}],"replies":[{"embeddable":true,"href":"https:\/\/www.cnbb.org.br\/cnbb-app\/wp\/v2\/comments?post=11955"}],"version-history":[{"count":0,"href":"https:\/\/www.cnbb.org.br\/cnbb-app\/wp\/v2\/posts\/11955\/revisions"}],"wp:attachment":[{"href":"https:\/\/www.cnbb.org.br\/cnbb-app\/wp\/v2\/media?parent=11955"}],"wp:term":[{"taxonomy":"category","embeddable":true,"href":"https:\/\/www.cnbb.org.br\/cnbb-app\/wp\/v2\/categories?post=11955"},{"taxonomy":"post_tag","embeddable":true,"href":"https:\/\/www.cnbb.org.br\/cnbb-app\/wp\/v2\/tags?post=11955"}],"curies":[{"name":"wp","href":"https:\/\/api.w.org\/{rel}","templated":true}]}}