{"id":11959,"date":"2008-09-16T00:00:00","date_gmt":"2008-09-16T03:00:00","guid":{"rendered":"https:\/\/www.cnbb.org.br\/patrono-dos-politicos\/"},"modified":"2008-09-16T00:00:00","modified_gmt":"2008-09-16T03:00:00","slug":"patrono-dos-politicos","status":"publish","type":"post","link":"https:\/\/www.cnbb.org.br\/patrono-dos-politicos\/","title":{"rendered":"Patrono dos pol\u00edticos"},"content":{"rendered":"<div style=\"text-align: justify\">\n<p>Para muitas pessoas, todo pol\u00edtico \u00e9 corrupto e oportunista, fazendo tudo, que est\u00e1 ao seu alcance, pra \u201csubir na vida\u201d; na verdade, toda generaliza\u00e7\u00e3o \u00e9 injusta e descab\u00edvel. Embora muitos pol\u00edticos tenham o perfil identificado pela rejei\u00e7\u00e3o da sociedade, apesar de raros, h\u00e1 pol\u00edticos s\u00e9rios que pautam sua conduta pessoal, familiar e profissional na dignidade \u00e9tica e moral. Portanto, \u00e9 preciso resgatar a figura do verdadeiro pol\u00edtico, \u201cficha limpa&#8221;, comprometido com o bem da popula\u00e7\u00e3o.<\/p>\n<p>  <!--more-->  <\/div>\n<p style=\"text-align: justify\">As Elei\u00e7\u00f5es 2008, nos Munic\u00edpios brasileiros, apresentam candidatos, no palco da competi\u00e7\u00e3o, cuja hist\u00f3ria de vida enaltece ou denigre a pol\u00edtica. H\u00e1 pol\u00edticos que entram para a hist\u00f3ria como exemplo e a sociedade expressa seu reconhecimento, enaltecendo-os com seu nome numa rua ou seu busto ou est\u00e1tua numa pra\u00e7a publica; por outro lado, s\u00e3o conhecidos os que foram alijados da vida p\u00fablica pelo posicionamento do eleitor ou afastados por processo na Justi\u00e7a. A Igreja; consciente de ser a pol\u00edtica uma a\u00e7\u00e3o que tamb\u00e9m contribui para a santifica\u00e7\u00e3o das pessoas, identifica homens e mulheres que atuaram nesse cen\u00e1rio, com honradez e esp\u00edrito p\u00fablico e, como tal, s\u00e3o exemplos a serem imitados. Nesse sentido, o Papa Jo\u00e3o Paulo II, prop\u00f5e aos pol\u00edticos e governantes o nome de um santo \u2013 S\u00e3o Tom\u00e1s Moro &#8211; que pode ajud\u00e1-los a serem construtores de uma sociedade justa e solid\u00e1ria. \u201cRecentemente, alguns Chefes de Estado e de Governo, numerosos dirigentes pol\u00edticos, v\u00e1rias Confer\u00eancias Episcopais e Bispos individualmente dirigiram-me peti\u00e7\u00f5es a favor da proclama\u00e7\u00e3o de S. Tom\u00e1s Moro como Patrono dos Governantes e dos Pol\u00edticos. A inst\u00e2ncia goza da assinatura de personalidades de variada proveni\u00eancia pol\u00edtica, cultural e religiosa, fato esse que testemunha o vivo e generalizado interesse pelo pensamento e comportamento deste insigne Homem de governo.\u201d<\/p>\n<p style=\"text-align: justify\">Quem foi esse santo? O pr\u00f3prio Papa Jo\u00e3o Paulo no-lo apresenta no \u201cMotu Proprio\u201d, divulgado em 31 de outubro de 2000, ao proclam\u00e1-lo Patrono dos governantes e dos pol\u00edticos: \u201cTom\u00e1s Moro viveu uma carreira pol\u00edtica extraordin\u00e1ria no seu Pa\u00eds. Tendo nascido em Londres no ano 1478 de uma respeit\u00e1vel fam\u00edlia, foi colocado, desde jovem, ao servi\u00e7o do Arcebispo de Cantu\u00e1ria, Jo\u00e3o Morton, Chanceler do Reino. Continuou depois, em Oxford e Londres, os seus estudos de Direito, mas interessando-se tamb\u00e9m pelos vastos horizontes da cultura, da teologia e da literatura cl\u00e1ssica.\u201d Em suma, os pol\u00edticos e governantes encontram em seu Patrono um exemplo de concep\u00e7\u00e3o da pol\u00edtica e da arte de faz\u00ea-la no cotidiano de sua administra\u00e7\u00e3o: \u201cA sua vida ensina-nos que o governo \u00e9, primariamente, um exerc\u00edcio de virtude. Forte e seguro nesta estrutura moral, o Estadista ingl\u00eas p\u00f4s a sua atividade p\u00fablica ao servi\u00e7o da pessoa, sobretudo dos d\u00e9beis ou pobres; regulou as controv\u00e9rsias sociais com fino sentido de equidade; tutelou a fam\u00edlia e defendeu-a com valoroso empenho; promoveu a educa\u00e7\u00e3o integral da juventude. O seu profundo desd\u00e9m pelas honras e riquezas, a humildade serena e jovial, o sensato conhecimento da natureza humana e da futilidade do sucesso, a seguran\u00e7a de ju\u00edzo radicada na f\u00e9 conferiram-lhe aquela confian\u00e7a e fortaleza interior que o sustentou nas adversidades e frente \u00e0 morte. A sua santidade refulgiu no mart\u00edrio, mas foi preparada por uma vida inteira de trabalho, ao servi\u00e7o de Deus e do pr\u00f3ximo.\u201d<\/p>\n<p style=\"text-align: justify\">Dentre os milhares de candidatos a cargos eletivos e aqueles que exercem fun\u00e7\u00f5es executivas e legislativas, quantos seguem seu Patrono em sua pr\u00e1tica pol\u00edtica?<\/p>\n<h4 style=\"text-align: right\">Dom Genival Saraiva de Fran\u00e7a<\/h4>\n","protected":false},"excerpt":{"rendered":"<p>Para muitas pessoas, todo pol\u00edtico \u00e9 corrupto e oportunista, fazendo tudo, que est\u00e1 ao seu alcance, pra \u201csubir na vida\u201d; na verdade, toda generaliza\u00e7\u00e3o \u00e9 injusta e descab\u00edvel. Embora muitos pol\u00edticos tenham o perfil identificado pela rejei\u00e7\u00e3o da sociedade, apesar de raros, h\u00e1 pol\u00edticos s\u00e9rios que pautam sua conduta pessoal, familiar e profissional na dignidade &hellip;<\/p>\n<p class=\"read-more\"> <a class=\"\" href=\"https:\/\/www.cnbb.org.br\/patrono-dos-politicos\/\"> <span class=\"screen-reader-text\">Patrono dos pol\u00edticos<\/span> Leia mais &raquo;<\/a><\/p>\n","protected":false},"author":83,"featured_media":0,"comment_status":"open","ping_status":"open","sticky":false,"template":"","format":"standard","meta":{"site-sidebar-layout":"default","site-content-layout":"default","ast-global-header-display":"","ast-banner-title-visibility":"","ast-main-header-display":"","ast-hfb-above-header-display":"","ast-hfb-below-header-display":"","ast-hfb-mobile-header-display":"","site-post-title":"","ast-breadcrumbs-content":"","ast-featured-img":"","footer-sml-layout":"","theme-transparent-header-meta":"","adv-header-id-meta":"","stick-header-meta":"","header-above-stick-meta":"","header-main-stick-meta":"","header-below-stick-meta":""},"categories":[758],"tags":[],"acf":[],"_links":{"self":[{"href":"https:\/\/www.cnbb.org.br\/cnbb-app\/wp\/v2\/posts\/11959"}],"collection":[{"href":"https:\/\/www.cnbb.org.br\/cnbb-app\/wp\/v2\/posts"}],"about":[{"href":"https:\/\/www.cnbb.org.br\/cnbb-app\/wp\/v2\/types\/post"}],"author":[{"embeddable":true,"href":"https:\/\/www.cnbb.org.br\/cnbb-app\/wp\/v2\/users\/83"}],"replies":[{"embeddable":true,"href":"https:\/\/www.cnbb.org.br\/cnbb-app\/wp\/v2\/comments?post=11959"}],"version-history":[{"count":0,"href":"https:\/\/www.cnbb.org.br\/cnbb-app\/wp\/v2\/posts\/11959\/revisions"}],"wp:attachment":[{"href":"https:\/\/www.cnbb.org.br\/cnbb-app\/wp\/v2\/media?parent=11959"}],"wp:term":[{"taxonomy":"category","embeddable":true,"href":"https:\/\/www.cnbb.org.br\/cnbb-app\/wp\/v2\/categories?post=11959"},{"taxonomy":"post_tag","embeddable":true,"href":"https:\/\/www.cnbb.org.br\/cnbb-app\/wp\/v2\/tags?post=11959"}],"curies":[{"name":"wp","href":"https:\/\/api.w.org\/{rel}","templated":true}]}}