{"id":11964,"date":"2009-06-01T00:00:00","date_gmt":"2009-06-01T03:00:00","guid":{"rendered":"https:\/\/www.cnbb.org.br\/em-busca-a-unidade-perdida\/"},"modified":"2009-06-01T00:00:00","modified_gmt":"2009-06-01T03:00:00","slug":"em-busca-a-unidade-perdida","status":"publish","type":"post","link":"https:\/\/www.cnbb.org.br\/em-busca-a-unidade-perdida\/","title":{"rendered":"Em Busca a Unidade Perdida"},"content":{"rendered":"<div style=\"text-align: justify\">\n<p>Na semana precedente a Pentecostes, cat\u00f3licos e evang\u00e9licos de v\u00e1rias Igrejas se re\u00fanem para\u00a0 suplicar ao Esp\u00edrito Santo o dom da unidade, buscando a reconstru\u00e7\u00e3o da comum-uni\u00e3o perdida nos caminhos da hist\u00f3ria. O principal elemento que os impulsiona \u00e9 a miss\u00e3o. O Senhor chamou disc\u00edpulos e os enviou a evangelizar. Este \u00e9 um compromisso do qual todas as Igrejas crist\u00e3s t\u00eam consci\u00eancia e por ele se empenham.<\/p>\n<p>  <!--more-->  <\/div>\n<p style=\"text-align: justify\">Evangelizar \u00e9 anunciar Jesus Cristo, Palavra Viva do Pai, Verbo encarnado para a salva\u00e7\u00e3o do mundo. Neste prop\u00f3sito, todos se lan\u00e7am, certamente com m\u00e9todos diferentes, mas com convic\u00e7\u00e3o da autenticidade de sua pr\u00f3pria f\u00e9.<\/p>\n<p style=\"text-align: justify\">Uma das par\u00e1bolas mais singelas e mais claras de Cristo \u00e9 a da semente da mostarda, a menor de todas a sementes, mas que gera \u00e1rvores de significativo porte e produz muito fruto.<\/p>\n<p style=\"text-align: justify\">Quando os crist\u00e3os se re\u00fanem na semana de ora\u00e7\u00e3o para a unidade dos crist\u00e3os, uma pergunta \u00e9 inevit\u00e1vel: como os pregadores, das diversas confiss\u00f5es t\u00eam pregado a Palavra? Suas falas colaboram para a uni\u00e3o, ou geram divis\u00f5es? A semente semeada produz frutos bons ou resultam em brotos selvagens e venenosos? A prega\u00e7\u00e3o deve ser uma resposta fiel \u00e0 ora\u00e7\u00e3o de Jesus: \u201cPai que todos sejam um como eu tu somos um\u201d (Jo.17,20).<\/p>\n<p style=\"text-align: justify\">Paulo ordena: \u201cPrega a palavra, insista a tempo e fora do tempo, repreende, suplica, admoesta, com toda paci\u00eancia e doutrina.\u201d (II Tim.4,2). Tais palavras, certamente n\u00e3o sugerem semeadura de desaven\u00e7as religiosas, mas devem ser alicer\u00e7adas na virtude da paci\u00eancia que n\u00e3o ofende e nem causa animosidade.<\/p>\n<p style=\"text-align: justify\">\u201cAi de mim se eu n\u00e3o evangelizar\u201d (I Cor.4,16), afirmava o Ap\u00f3stolo das Gentes, certo de que evangelizar n\u00e3o \u00e9 um ato da voz somente, mas da vida. S\u00e3o Greg\u00f3rio Magno diz: \u201cH\u00e1 uma lei para o pregador: que fa\u00e7a o que prega\u201d. Santo Agostinho ensinava: \u201cAma o que cr\u00eas e prega o que amas\u201d (Serm\u00e3o 194,1)<\/p>\n<p style=\"text-align: justify\">A Semana de Ora\u00e7\u00e3o pela unidade, pode tamb\u00e9m ser comparada \u00e0 m\u00ednima semente de mostarda, pois nasceu de uma pequenina experi\u00eancia de\u00a0 Paul James Wattson, em 1908, em Nova York, e vem crescendo por todo o mundo.<\/p>\n<p style=\"text-align: justify\">A iniciativa n\u00e3o nasceu nos meios cat\u00f3licos, pois Paul era membro fiel da Igreja Anglicana, mas foi acolhida por muitas outras confiss\u00f5es crist\u00e3s. Entre os cat\u00f3licos o movimento ecum\u00eanico foi recebido com apresso e vem crescendo, sobretudo ap\u00f3s o Concilio Vaticano II (1962-1965), procurando um di\u00e1logo bom, amigo, fraterno com os irm\u00e3os de outras igrejas, em vista de mant\u00ea-los unidos ao menos nos pontos que lhes s\u00e3o comuns, que s\u00e3o muito mais fortes do que aqueles que os dividem.<\/p>\n<p style=\"text-align: justify\">Numa semana de Ora\u00e7\u00e3o pela Unidade, a preocupa\u00e7\u00e3o n\u00e3o \u00e9 discutir, apelar, recordar erros, nem criticar. O objetivo proposto por Paul James \u00e9\u00a0 orar como irm\u00e3os aut\u00eanticos.<\/p>\n<p style=\"text-align: justify\">Ganha sentido eloq\u00fcente o tema da Semana de 2009: \u201cUnidos na tua M\u00e3o\u201d (Cf. Ez. 37,17), presentes os sentimentos de f\u00e9 profunda na prote\u00e7\u00e3o divina, na obra do Pai que deseja ver unidos seus filhos. A imagem dos dois peda\u00e7os de madeira da par\u00e1bola de Ezequiel fortalece o movimento ecum\u00eanico e apresenta, numa leitura crist\u00e3 do texto, a cruz composta pelas duas hastes de madeira, como sinal do amor, do amor supremo que s\u00f3 pode gerar uni\u00e3o, nunca divis\u00e3o.<\/p>\n<h4 style=\"text-align: right\">Dom Gil Ant\u00f4nio Moreira<\/h4>\n","protected":false},"excerpt":{"rendered":"<p>Na semana precedente a Pentecostes, cat\u00f3licos e evang\u00e9licos de v\u00e1rias Igrejas se re\u00fanem para\u00a0 suplicar ao Esp\u00edrito Santo o dom da unidade, buscando a reconstru\u00e7\u00e3o da comum-uni\u00e3o perdida nos caminhos da hist\u00f3ria. O principal elemento que os impulsiona \u00e9 a miss\u00e3o. O Senhor chamou disc\u00edpulos e os enviou a evangelizar. Este \u00e9 um compromisso do &hellip;<\/p>\n<p class=\"read-more\"> <a class=\"\" href=\"https:\/\/www.cnbb.org.br\/em-busca-a-unidade-perdida\/\"> <span class=\"screen-reader-text\">Em Busca a Unidade Perdida<\/span> Leia mais &raquo;<\/a><\/p>\n","protected":false},"author":83,"featured_media":0,"comment_status":"open","ping_status":"open","sticky":false,"template":"","format":"standard","meta":{"site-sidebar-layout":"default","site-content-layout":"default","ast-global-header-display":"","ast-banner-title-visibility":"","ast-main-header-display":"","ast-hfb-above-header-display":"","ast-hfb-below-header-display":"","ast-hfb-mobile-header-display":"","site-post-title":"","ast-breadcrumbs-content":"","ast-featured-img":"","footer-sml-layout":"","theme-transparent-header-meta":"","adv-header-id-meta":"","stick-header-meta":"","header-above-stick-meta":"","header-main-stick-meta":"","header-below-stick-meta":""},"categories":[758],"tags":[],"acf":[],"_links":{"self":[{"href":"https:\/\/www.cnbb.org.br\/cnbb-app\/wp\/v2\/posts\/11964"}],"collection":[{"href":"https:\/\/www.cnbb.org.br\/cnbb-app\/wp\/v2\/posts"}],"about":[{"href":"https:\/\/www.cnbb.org.br\/cnbb-app\/wp\/v2\/types\/post"}],"author":[{"embeddable":true,"href":"https:\/\/www.cnbb.org.br\/cnbb-app\/wp\/v2\/users\/83"}],"replies":[{"embeddable":true,"href":"https:\/\/www.cnbb.org.br\/cnbb-app\/wp\/v2\/comments?post=11964"}],"version-history":[{"count":0,"href":"https:\/\/www.cnbb.org.br\/cnbb-app\/wp\/v2\/posts\/11964\/revisions"}],"wp:attachment":[{"href":"https:\/\/www.cnbb.org.br\/cnbb-app\/wp\/v2\/media?parent=11964"}],"wp:term":[{"taxonomy":"category","embeddable":true,"href":"https:\/\/www.cnbb.org.br\/cnbb-app\/wp\/v2\/categories?post=11964"},{"taxonomy":"post_tag","embeddable":true,"href":"https:\/\/www.cnbb.org.br\/cnbb-app\/wp\/v2\/tags?post=11964"}],"curies":[{"name":"wp","href":"https:\/\/api.w.org\/{rel}","templated":true}]}}