{"id":11972,"date":"2009-09-30T00:00:00","date_gmt":"2009-09-30T03:00:00","guid":{"rendered":"https:\/\/www.cnbb.org.br\/lancar-se-com-paixao-na-missao\/"},"modified":"2009-09-30T00:00:00","modified_gmt":"2009-09-30T03:00:00","slug":"lancar-se-com-paixao-na-missao","status":"publish","type":"post","link":"https:\/\/www.cnbb.org.br\/lancar-se-com-paixao-na-missao\/","title":{"rendered":"Lan\u00e7ar-se com paix\u00e3o na miss\u00e3o&#8230;"},"content":{"rendered":"<div style=\"text-align: justify\">\n<p>Anualmente, por ocasi\u00e3o do m\u00eas mission\u00e1rio, somos interpelados a reavivar a nossa consci\u00eancia mission\u00e1ria, reassumindo o mandato do pr\u00f3prio Cristo de ir fazer disc\u00edpulos entre todas as na\u00e7\u00f5es (cf. Mt 28,19).<\/p>\n<p>  <!--more-->  <\/div>\n<p style=\"text-align: justify\">O Papa Bento XVI, em sua Mensagem para o Dia Mundial das Miss\u00f5es deste ano, enfatiza o objetivo da miss\u00e3o da Igreja: \u201ciluminar com a luz do Evangelho todos os povos em seu caminhar na hist\u00f3ria rumo a Deus, pois Nele encontramos a sua plena realiza\u00e7\u00e3o\u201d. N\u00e3o h\u00e1 atividade mais nobre e servi\u00e7o mais elevado a ser prestado \u00e0 humanidade do que proclamar o Evangelho.<\/p>\n<p style=\"text-align: justify\">Evangelizar \u00e9 isso: levar as pessoas a Jesus, \u201cCaminho, Verdade e Vida\u201d (Jo 14,6). Preocupa-me, sobremaneira, o n\u00famero crescente daqueles que levam um estilo de vida longe de Cristo e de seu Evangelho. Tal preocupa\u00e7\u00e3o leva-me, muitas vezes, a contemplar o Cora\u00e7\u00e3o do Bom Pastor, em busca das ovelhas fugidias \u00e0s verdadeiras e abundantes pastagens por Ele oferecidas.<\/p>\n<p style=\"text-align: justify\">A grande preocupa\u00e7\u00e3o nossa de cada dia deveria consistir em levar a todos Cristo e Cristo a todos.<\/p>\n<p style=\"text-align: justify\">O Dia Mundial das Miss\u00f5es \u00e9 um veemente convite a que todas as comunidades eclesiais se coloquem a servi\u00e7o da humanidade, sobretudo, da humanidade sofredora e marginalizada.<\/p>\n<p style=\"text-align: justify\">Somos criados para viver em comunh\u00e3o \u00edntima com Deus. Faz parte de nossa voca\u00e7\u00e3o fundamental. Enquanto, por\u00e9m, perdurar o nosso peregrinar, \u00e9 tarefa nossa, como insiste Bento XVI, \u201ccontagiar\u201d de esperan\u00e7a todos os povos. Na medida em que estivermos impregnados e \u201ccontagiados\u201d de esperan\u00e7a mission\u00e1ria, empenhar-nos-emos, de verdade, no servi\u00e7o da Boa Nova do Reino.<\/p>\n<p style=\"text-align: justify\">Sabemos que n\u00e3o \u00e9 f\u00e1cil comunicar o Evangelho num mundo que se transforma. Mas nossa indiferen\u00e7a evangelizadora n\u00e3o nos obstaculize; antes, nos torne abertos, sol\u00edcitos e dispon\u00edveis para todos, a come\u00e7ar de nossa pr\u00f3pria casa, de nossa fam\u00edlia&#8230; Ser\u00e1 que os meus de casa j\u00e1 est\u00e3o de tal maneira evangelizados, aptos e prontos para evangelizar os outros? Anunciar o Evangelho deve ser para n\u00f3s um compromisso intransfer\u00edvel e inadi\u00e1vel.<\/p>\n<p style=\"text-align: justify\">Nosso servi\u00e7o mission\u00e1rio dever\u00e1 ir al\u00e9m de um simples apoio material ou mesmo espiritual. \u00c9 preciso atingir o cora\u00e7\u00e3o das pessoas, transform\u00e1-lo, torn\u00e1-lo acess\u00edvel ao Evangelho do amor, deixando-se iluminar por ele, tornando-se, por sua vez, \u201cluz do mundo\u201d, fazendo com que a luz de Deus entre no mundo e o converta. Urge \u201ccontagiar\u201d o mundo de Evangelho. Evangelizaremos com o Evangelho da caridade.<\/p>\n<p style=\"text-align: justify\">Ap\u00f3s essas breves considera\u00e7\u00f5es, fica f\u00e1cil perceber e deduzir que todo \/a batizado\/a, todo\/a disc\u00edpulo\/a de Jesus deve ser mission\u00e1rio\/a. Assumir esse compromisso n\u00e3o \u00e9 tarefa opcional, mas, parte integrante da identidade crist\u00e3 (cf. DAp, 144).<\/p>\n<p style=\"text-align: justify\">Olhemos para Jesus, para o seu testemunho e a sua miss\u00e3o: \u201cEu devo anunciar a Boa-Nova do Reino de Deus&#8230;, pois \u00e9 para isso que fui enviado\u201d (Lc 4,43). Jesus, \u201cEvangelho do Pai\u201d, foi o primeiro e o maior dos evangelizadores (cf. EN, 7).<\/p>\n<p style=\"text-align: justify\">Excelente evangelizador \u00e9 aquele que tem o mesmo sentir e pensar do pr\u00f3prio Cristo (cf. Fl 2,5), conformando-se a Ele, reproduzindo em sua vida o estilo de Jesus.<\/p>\n<p style=\"text-align: justify\">Minha esperan\u00e7a \u00e9 de que a miss\u00e3o n\u00e3o se limite a um m\u00eas mission\u00e1rio, mas seja permanente, n\u00e3o tenha data para terminar&#8230;<\/p>\n<p style=\"text-align: justify\">Queridos\/a leitores\/as, n\u00e3o se omitam nem se excluam do nobre compromisso mission\u00e1rio. Apaixonemo-nos por Cristo, e procuremos lev\u00e1-Lo aos que ainda n\u00e3o fizeram a inenarr\u00e1vel experi\u00eancia do encontro pessoal com Ele.<\/p>\n<p style=\"text-align: justify\">Senhor Jesus Cristo, concedei-nos a fortaleza e a coragem para sermos mission\u00e1rios e mission\u00e1rias, hoje e sempre.<\/p>\n<p style=\"text-align: justify\">A Virgem Maria, \u201cestrela da Evangeliza\u00e7\u00e3o\u201d, conduza-nos nos caminhos da miss\u00e3o.<\/p>\n<h4 style=\"text-align: right\">Dom Nelson Westrupp<\/h4>\n","protected":false},"excerpt":{"rendered":"<p>Anualmente, por ocasi\u00e3o do m\u00eas mission\u00e1rio, somos interpelados a reavivar a nossa consci\u00eancia mission\u00e1ria, reassumindo o mandato do pr\u00f3prio Cristo de ir fazer disc\u00edpulos entre todas as na\u00e7\u00f5es (cf. Mt 28,19).<\/p>\n","protected":false},"author":83,"featured_media":0,"comment_status":"open","ping_status":"open","sticky":false,"template":"","format":"standard","meta":{"site-sidebar-layout":"default","site-content-layout":"default","ast-global-header-display":"","ast-banner-title-visibility":"","ast-main-header-display":"","ast-hfb-above-header-display":"","ast-hfb-below-header-display":"","ast-hfb-mobile-header-display":"","site-post-title":"","ast-breadcrumbs-content":"","ast-featured-img":"","footer-sml-layout":"","theme-transparent-header-meta":"","adv-header-id-meta":"","stick-header-meta":"","header-above-stick-meta":"","header-main-stick-meta":"","header-below-stick-meta":""},"categories":[758],"tags":[],"acf":[],"_links":{"self":[{"href":"https:\/\/www.cnbb.org.br\/cnbb-app\/wp\/v2\/posts\/11972"}],"collection":[{"href":"https:\/\/www.cnbb.org.br\/cnbb-app\/wp\/v2\/posts"}],"about":[{"href":"https:\/\/www.cnbb.org.br\/cnbb-app\/wp\/v2\/types\/post"}],"author":[{"embeddable":true,"href":"https:\/\/www.cnbb.org.br\/cnbb-app\/wp\/v2\/users\/83"}],"replies":[{"embeddable":true,"href":"https:\/\/www.cnbb.org.br\/cnbb-app\/wp\/v2\/comments?post=11972"}],"version-history":[{"count":0,"href":"https:\/\/www.cnbb.org.br\/cnbb-app\/wp\/v2\/posts\/11972\/revisions"}],"wp:attachment":[{"href":"https:\/\/www.cnbb.org.br\/cnbb-app\/wp\/v2\/media?parent=11972"}],"wp:term":[{"taxonomy":"category","embeddable":true,"href":"https:\/\/www.cnbb.org.br\/cnbb-app\/wp\/v2\/categories?post=11972"},{"taxonomy":"post_tag","embeddable":true,"href":"https:\/\/www.cnbb.org.br\/cnbb-app\/wp\/v2\/tags?post=11972"}],"curies":[{"name":"wp","href":"https:\/\/api.w.org\/{rel}","templated":true}]}}