{"id":11976,"date":"2009-04-13T00:00:00","date_gmt":"2009-04-13T03:00:00","guid":{"rendered":"https:\/\/www.cnbb.org.br\/viver-a-semana-santa-com-jesus\/"},"modified":"2009-04-13T00:00:00","modified_gmt":"2009-04-13T03:00:00","slug":"viver-a-semana-santa-com-jesus","status":"publish","type":"post","link":"https:\/\/www.cnbb.org.br\/viver-a-semana-santa-com-jesus\/","title":{"rendered":"Viver a Semana Santa com Jesus"},"content":{"rendered":"<p style=\"text-align: justify\">\u201cA partir desse dia, decidiram matar Jesus. Por isso, Jesus n\u00e3o andava mais em p\u00fablico&#8230; Ele foi para uma regi\u00e3o perto do deserto, para uma cidade chamada Efraim. L\u00e1 permaneceu com os seus disc\u00edpulos\u201d (Jo 11, 53-54).<\/p>\n<p>  <!--more-->  <\/p>\n<p style=\"text-align: justify\">Ao longo desta Semana, queremos estar bem pr\u00f3ximos do Cora\u00e7\u00e3o de Cristo, fazendo-lhe companhia, sentir o que Ele sentia, permanecer com Ele, conversar com Ele, penetrar o \u00edntimo do seu ser para melhor compreendermos a \u201cSua Hora\u201d e, entender at\u00e9 onde chegou o Seu amor extremado.<\/p>\n<p style=\"text-align: justify\">Queremos ser solid\u00e1rios a Jesus que tanto amou os seres humanos. Nossa amorosa solidariedade pode ser transformada na seguinte ora\u00e7\u00e3o:<\/p>\n<p style=\"text-align: justify\">\u201cSenhor Jesus, que por nossa salva\u00e7\u00e3o morreis na cruz, unidos\u00a0 \u00e0 M\u00e3e dolorosa e aos santos e santas, contemplamos vosso sofrimento, com olhar compassivo.<\/p>\n<p style=\"text-align: justify\">Vossa Paix\u00e3o revela o Deus rico em miseric\u00f3rdia que n\u00e3o hesitou em dar a vida por n\u00f3s.<\/p>\n<p style=\"text-align: justify\">\u00d3 Homem das dores, Irm\u00e3o por todos abandonado, e Irm\u00e3o de todos os abandonados e abandonadas, tomastes sobre v\u00f3s as iniquidades do mundo e vos fizestes, para cada um e cada uma, Advogado de perd\u00e3o, reparando o nosso pecado com o vosso amor.<\/p>\n<p style=\"text-align: justify\">Fazei-nos participantes da vossa obla\u00e7\u00e3o e do vosso amor misericordioso, capazes\u00a0 de sentir e manifestar compaix\u00e3o\u00a0 pelo povo ferido e humilhado.<\/p>\n<p style=\"text-align: justify\">Acolhei em vosso cora\u00e7\u00e3o transpassado a humanidade dilacerada e renovai-a com a vida do vosso Santo Esp\u00edrito.<\/p>\n<p style=\"text-align: justify\">Assim, cantaremos com alegria incontida, a vossa ressurrei\u00e7\u00e3o e a vit\u00f3ria sobre o pecado e a morte.<\/p>\n<p style=\"text-align: justify\">\u00c0 vossa obla\u00e7\u00e3o pascal, queremos unir a nossa oferta\u00a0 para viver a vida nova que nos conquistastes.<\/p>\n<p style=\"text-align: justify\">Ensinai-nos a crer no mist\u00e9rio fecundo da Semente que morre para dar a Vida plena\u201d.<\/p>\n<p style=\"text-align: justify\">Unidos a Maria, M\u00e3e de Jesus e nossa, queremos estar intimamente associados \u00e0 obra da salva\u00e7\u00e3o.<\/p>\n<p style=\"text-align: justify\">Deixemo-nos compenetrar dos mist\u00e9rios que celebramos esta Semana. A celebra\u00e7\u00e3o do Mist\u00e9rio Pascal ajudar-nos-\u00e1 a jogar fora o velho fermento, para que sejamos uma massa nova, j\u00e1 que somos \u00e1zimos, sem fermento. De fato, nosso Cordeiro Pascal, Cristo, foi imolado (cf. 1 Cor 5, 7).<\/p>\n<p style=\"text-align: justify\">Fiquemos unidos em ora\u00e7\u00e3o e na contempla\u00e7\u00e3o dos mist\u00e9rios que celebramos. Um abra\u00e7o amigo e uma especial b\u00ean\u00e7\u00e3o.<\/p>\n<h4 style=\"text-align: right\">Dom Nelson Westrupp<\/h4>\n","protected":false},"excerpt":{"rendered":"<p>\u201cA partir desse dia, decidiram matar Jesus. Por isso, Jesus n\u00e3o andava mais em p\u00fablico&#8230; Ele foi para uma regi\u00e3o perto do deserto, para uma cidade chamada Efraim. L\u00e1 permaneceu com os seus disc\u00edpulos\u201d (Jo 11, 53-54).<\/p>\n","protected":false},"author":83,"featured_media":0,"comment_status":"open","ping_status":"open","sticky":false,"template":"","format":"standard","meta":{"site-sidebar-layout":"default","site-content-layout":"default","ast-global-header-display":"","ast-banner-title-visibility":"","ast-main-header-display":"","ast-hfb-above-header-display":"","ast-hfb-below-header-display":"","ast-hfb-mobile-header-display":"","site-post-title":"","ast-breadcrumbs-content":"","ast-featured-img":"","footer-sml-layout":"","theme-transparent-header-meta":"","adv-header-id-meta":"","stick-header-meta":"","header-above-stick-meta":"","header-main-stick-meta":"","header-below-stick-meta":""},"categories":[758],"tags":[],"acf":[],"_links":{"self":[{"href":"https:\/\/www.cnbb.org.br\/cnbb-app\/wp\/v2\/posts\/11976"}],"collection":[{"href":"https:\/\/www.cnbb.org.br\/cnbb-app\/wp\/v2\/posts"}],"about":[{"href":"https:\/\/www.cnbb.org.br\/cnbb-app\/wp\/v2\/types\/post"}],"author":[{"embeddable":true,"href":"https:\/\/www.cnbb.org.br\/cnbb-app\/wp\/v2\/users\/83"}],"replies":[{"embeddable":true,"href":"https:\/\/www.cnbb.org.br\/cnbb-app\/wp\/v2\/comments?post=11976"}],"version-history":[{"count":0,"href":"https:\/\/www.cnbb.org.br\/cnbb-app\/wp\/v2\/posts\/11976\/revisions"}],"wp:attachment":[{"href":"https:\/\/www.cnbb.org.br\/cnbb-app\/wp\/v2\/media?parent=11976"}],"wp:term":[{"taxonomy":"category","embeddable":true,"href":"https:\/\/www.cnbb.org.br\/cnbb-app\/wp\/v2\/categories?post=11976"},{"taxonomy":"post_tag","embeddable":true,"href":"https:\/\/www.cnbb.org.br\/cnbb-app\/wp\/v2\/tags?post=11976"}],"curies":[{"name":"wp","href":"https:\/\/api.w.org\/{rel}","templated":true}]}}