{"id":11981,"date":"2008-10-03T00:00:00","date_gmt":"2008-10-03T03:00:00","guid":{"rendered":"https:\/\/www.cnbb.org.br\/crer-naquele-que-anuncio\/"},"modified":"2008-10-03T00:00:00","modified_gmt":"2008-10-03T03:00:00","slug":"crer-naquele-que-anuncio","status":"publish","type":"post","link":"https:\/\/www.cnbb.org.br\/crer-naquele-que-anuncio\/","title":{"rendered":"Crer naquele que anuncio&#8230;"},"content":{"rendered":"<p style=\"text-align: justify\">Nunca \u00e9 demais insistir na import\u00e2ncia da miss\u00e3o. Ela exige empenho e colabora\u00e7\u00e3o de todos. Como primeiro respons\u00e1vel pela miss\u00e3o na Diocese, convoco todas as for\u00e7as vivas de nossas Par\u00f3quias e Comunidades para este inadi\u00e1vel empenho mission\u00e1rio.<\/p>\n<p>  <!--more-->  <\/p>\n<p style=\"text-align: justify\">A 5\u00aa Confer\u00eancia de Aparecida foi enf\u00e1tica em seu apelo: \u201cEsta firme decis\u00e3o mission\u00e1ria deve impregnar todas as estruturas eclesiais e todos os planos pastorais de dioceses, par\u00f3quias, comunidades religiosas, movimentos e de qualquer institui\u00e7\u00e3o da Igreja\u201d (DA, 365).<\/p>\n<p style=\"text-align: justify\">Ningu\u00e9m deve excluir-se de ser portador deste impulso mission\u00e1rio. Antes, por\u00e9m, de ser mission\u00e1rio, \u00e9 preciso ser disc\u00edpulo aut\u00eantico de Jesus. N\u00e3o podemos falar\u00a0 de discipulado sem estarmos revestidos de Cristo, sem estarmos apaixonados pelo Seu Reino.<\/p>\n<p style=\"text-align: justify\">Quem \u00e9 Jesus para mim? Que tipo de relacionamento mantenho com Ele? Ningu\u00e9m \u00e9 capaz de apaixonar-se por Cristo, se primeiro n\u00e3o fizer uma profunda experi\u00eancia pessoal de Jesus. Somente quem fez uma experi\u00eancia assim pode segui-Lo e permanecer com Ele. Para chegar a essa experi\u00eancia, \u00e9 necess\u00e1rio romper com o passado e deixar para tr\u00e1s o \u201cser humano velho\u201d e assumir o estilo de vida de Cristo. \u00c9 preciso configurar-se a Ele, deixar-se transformar em \u201cser humano novo\u201d, estabelecendo com Cristo um relacionamento de amizade e de \u00edntima comunh\u00e3o com Ele, reproduzindo em sua vida a Vida Dele, o Seu jeito de ser e de agir. Sem essa experi\u00eancia forte da pessoa de Jesus, n\u00e3o \u00e9 poss\u00edvel anunci\u00e1-Lo e lev\u00e1-Lo aos outros.<\/p>\n<p style=\"text-align: justify\">Primeiro \u00e9 preciso conhecer e crer no Cristo que anuncio.<\/p>\n<p style=\"text-align: justify\">Muitas vezes Jesus deve ter interrogado aqueles que O escutavam: Voc\u00eas acreditam em mim, na minha origem, na minha miss\u00e3o? \u201cE v\u00f3s, quem dizeis que eu sou?\u201d (Mt 16, 15).<\/p>\n<p style=\"text-align: justify\">A f\u00e9 \u00e9 puro dom de Deus. Creio que Jesus \u00e9 o Filho de Deus, imagem vis\u00edvel do Pai na Encarna\u00e7\u00e3o, Aquele que revela a face e o cora\u00e7\u00e3o do Pai. J\u00e1 tivemos um encontro vital com esse Jesus, t\u00e3o forte a ponto de poder gritar: \u201cTu \u00e9s o Cristo, o Filho do Deus vivo!\u201d (ibid., 16). S\u00f3 essa confiss\u00e3o transformar\u00e1 existencialmente nossa caminhada. Pobre de mim, se o tamanho de minha f\u00e9 n\u00e3o ultrapassar a f\u00e9 recebida por tradi\u00e7\u00e3o familiar!\u201d Crer em Jesus Cristo significa fazer de Sua pessoa o centro e o princ\u00edpio de nossa exist\u00eancia e de nossa caminhada.<\/p>\n<p style=\"text-align: justify\">Jesus \u00e9 para n\u00f3s, como foi para S\u00e3o Paulo, o crit\u00e9rio \u00faltimo de nossas certezas interiores, de nossa voca\u00e7\u00e3o, de nossa miss\u00e3o?<\/p>\n<p style=\"text-align: justify\">Jesus \u00e9 a medida aut\u00eantica de todo projeto mission\u00e1rio. \u00c9 nossa \u00fanica op\u00e7\u00e3o, \u00fanico Caminho, \u00fanica Verdade e \u00fanica Vida (cf. Jo 14, 6).<\/p>\n<p style=\"text-align: justify\">Seria imperdo\u00e1vel de nossa parte, se o fogo renovador do Esp\u00edrito acendido na Confer\u00eancia de Aparecida esfriasse ou fosse apagado pela nossa falta de ardor e entusiasmo mission\u00e1rio.<\/p>\n<p style=\"text-align: justify\">N\u00e3o podemos deixar passar em brancas nuvens esta hora da gra\u00e7a de \u201cir e fazer disc\u00edpulos\u201d (Mt 28, 20),\u00a0 de ir atr\u00e1s e buscar de volta os que est\u00e3o por perto, os que se distanciaram de Jesus, bem como os que ainda n\u00e3o ouviram falar Dele. A miss\u00e3o nossa de cada dia envia-nos pelas estradas da evangeliza\u00e7\u00e3o. N\u00e3o cruzemos os bra\u00e7os! Cabe ao disc\u00edpulo mission\u00e1rio de Jesus Cristo despertar as consci\u00eancias e as comunidades crist\u00e3s a se colocarem de fato em \u201cestado permanente de miss\u00e3o\u201d.<\/p>\n<p style=\"text-align: justify\">A Virgem Sant\u00edssima, modelo de disc\u00edpula e mission\u00e1ria, nos ajude a espalhar as sementes do Verbo e a construir o Reino de Deus.<\/p>\n<h4 style=\"text-align: right\">Dom Nelson Westrupp<\/h4>\n","protected":false},"excerpt":{"rendered":"<p>Nunca \u00e9 demais insistir na import\u00e2ncia da miss\u00e3o. Ela exige empenho e colabora\u00e7\u00e3o de todos. Como primeiro respons\u00e1vel pela miss\u00e3o na Diocese, convoco todas as for\u00e7as vivas de nossas Par\u00f3quias e Comunidades para este inadi\u00e1vel empenho mission\u00e1rio.<\/p>\n","protected":false},"author":83,"featured_media":0,"comment_status":"open","ping_status":"open","sticky":false,"template":"","format":"standard","meta":{"site-sidebar-layout":"default","site-content-layout":"default","ast-global-header-display":"","ast-banner-title-visibility":"","ast-main-header-display":"","ast-hfb-above-header-display":"","ast-hfb-below-header-display":"","ast-hfb-mobile-header-display":"","site-post-title":"","ast-breadcrumbs-content":"","ast-featured-img":"","footer-sml-layout":"","theme-transparent-header-meta":"","adv-header-id-meta":"","stick-header-meta":"","header-above-stick-meta":"","header-main-stick-meta":"","header-below-stick-meta":""},"categories":[758],"tags":[],"acf":[],"_links":{"self":[{"href":"https:\/\/www.cnbb.org.br\/cnbb-app\/wp\/v2\/posts\/11981"}],"collection":[{"href":"https:\/\/www.cnbb.org.br\/cnbb-app\/wp\/v2\/posts"}],"about":[{"href":"https:\/\/www.cnbb.org.br\/cnbb-app\/wp\/v2\/types\/post"}],"author":[{"embeddable":true,"href":"https:\/\/www.cnbb.org.br\/cnbb-app\/wp\/v2\/users\/83"}],"replies":[{"embeddable":true,"href":"https:\/\/www.cnbb.org.br\/cnbb-app\/wp\/v2\/comments?post=11981"}],"version-history":[{"count":0,"href":"https:\/\/www.cnbb.org.br\/cnbb-app\/wp\/v2\/posts\/11981\/revisions"}],"wp:attachment":[{"href":"https:\/\/www.cnbb.org.br\/cnbb-app\/wp\/v2\/media?parent=11981"}],"wp:term":[{"taxonomy":"category","embeddable":true,"href":"https:\/\/www.cnbb.org.br\/cnbb-app\/wp\/v2\/categories?post=11981"},{"taxonomy":"post_tag","embeddable":true,"href":"https:\/\/www.cnbb.org.br\/cnbb-app\/wp\/v2\/tags?post=11981"}],"curies":[{"name":"wp","href":"https:\/\/api.w.org\/{rel}","templated":true}]}}