{"id":12008,"date":"2010-06-17T00:00:00","date_gmt":"2010-06-17T03:00:00","guid":{"rendered":"https:\/\/www.cnbb.org.br\/ficha-limpa\/"},"modified":"2010-06-17T00:00:00","modified_gmt":"2010-06-17T03:00:00","slug":"ficha-limpa","status":"publish","type":"post","link":"https:\/\/www.cnbb.org.br\/ficha-limpa\/","title":{"rendered":"Ficha Limpa"},"content":{"rendered":"<p style=\"text-align: justify\">A miss\u00e3o da Igreja em evangelizar n\u00e3o pode prescindir das quest\u00f5es da vida humana em todas as suas realidades (\u201cas alegrias e as esperan\u00e7as&#8230;.!\u201d). Uma realidade das mais importantes na sociedade \u00e9 a pol\u00edtica. Amar o pr\u00f3ximo \u00e9 tamb\u00e9m querer um pa\u00eds mais justo, fraterno e solid\u00e1rio. Todos nos recordamos da lei 9840, que tanto bem fez e faz \u00e0 nossa sociedade.<\/p>\n<p>  <!--more-->  <\/p>\n<p style=\"text-align: justify\">E agora, recentemente, vimos com esperan\u00e7a a aprova\u00e7\u00e3o do projeto de lei denominado \u201cFicha Limpa\u201d \u2013 que almeja contribuir com a moraliza\u00e7\u00e3o da pol\u00edtica nacional, bem como o reconhecimento de sua imediata aplicabilidade pelo Tribunal Superior Eleitoral, inclusive para as pr\u00f3ximas elei\u00e7\u00f5es.<\/p>\n<p style=\"text-align: justify\">A \u201cCampanha Ficha Limpa\u201d, rememore-se, foi lan\u00e7ada nacionalmente durante a Assembl\u00e9ia da CNBB, em abril de 2008, sempre com o apoio da Igreja Cat\u00f3lica, com o objetivo de provocar a melhoria do perfil dos candidatos e candidatas a cargos eletivos do pa\u00eds, tornando mais r\u00edgidos os crit\u00e9rios de inelegibilidades, ou seja, de quem n\u00e3o pode se candidatar. Note-se que ao in\u00edcio do processo eram poucas organiza\u00e7\u00f5es que assumiram essa miss\u00e3o de levar adiante esse processo. Apesar das dificuldades iniciais aos poucos outras institui\u00e7\u00f5es tamb\u00e9m assumiram o projeto como parceiras e, assim, compartilham com a nossa Confer\u00eancia Episcopal a esperan\u00e7a de tempos melhores que nasce com essa lei ora promulgada. Sabemos, por\u00e9m, que al\u00e9m da aplica\u00e7\u00e3o criteriosa da legisla\u00e7\u00e3o, o importante \u00e9 a nova mentalidade que nasce com a participa\u00e7\u00e3o do povo assinando o \u201cprojeto de lei popular\u201d e a discuss\u00e3o do assunto espec\u00edfico aprofundando assim a possibilidade de uma nova vis\u00e3o na quest\u00e3o pol\u00edtica em nosso pa\u00eds.<\/p>\n<p style=\"text-align: justify\">Em s\u00edntese, o texto legal agora aprovado veicula a proibi\u00e7\u00e3o de concorrer a cargos eletivos candidatos condenados em primeira ou \u00fanica inst\u00e2ncia ou que tiverem contra si den\u00fancia recebida por \u00f3rg\u00e3o judicial colegiado pela pr\u00e1tica de diversos crimes, como abuso de poder econ\u00f4mico ou pol\u00edtico; racismo; tortura; tr\u00e1fico de drogas; terrorismo; improbidade administrativa; crimes dolosos contra a vida; crimes de abuso de autoridade; crimes eleitorais; lavagem ou oculta\u00e7\u00e3o de bens, direitos e valores; explora\u00e7\u00e3o sexual de crian\u00e7as e adolescentes e utiliza\u00e7\u00e3o de m\u00e3o-de-obra em condi\u00e7\u00f5es an\u00e1logas \u00e0 de escravo; crimes contra a economia popular, a f\u00e9 p\u00fablica, os costumes; a administra\u00e7\u00e3o p\u00fablica; o patrim\u00f4nio p\u00fablico; o meio ambiente; a sa\u00fade p\u00fablica; o mercado financeiro, e por crime a que a lei determine pena n\u00e3o inferior a 10 anos.<\/p>\n<p style=\"text-align: justify\">Espera-se, com isso, fundamentalmente afastar das elei\u00e7\u00f5es pessoas com vida pregressa question\u00e1vel (at\u00e9 que resolvam seus problemas com a Justi\u00e7a Criminal, por exemplo), moralizando, assim, a vida pol\u00edtica do pa\u00eds, evitando que pessoas se escondam de seus processos atr\u00e1s de um cargo que deveria ser para o bem comum da sociedade.<\/p>\n<p style=\"text-align: justify\">Parlamentares que renunciaram ao cargo para evitar abertura de processo por quebra de decoro ou por desrespeito \u00e0 Constitui\u00e7\u00e3o e fugir de poss\u00edveis puni\u00e7\u00f5es, bem como pessoas condenadas em representa\u00e7\u00f5es por compra de votos ou uso eleitoral da m\u00e1quina administrativa tamb\u00e9m est\u00e3o abrangidas pela inelegibilidade.<\/p>\n<p style=\"text-align: justify\">O texto legal visa a tornar mais r\u00e1pidos os processos judiciais sobre abuso de poder nas elei\u00e7\u00f5es, fazendo com que as decis\u00f5es sejam executadas imediatamente, mesmo que ainda caibam recursos.<\/p>\n<p style=\"text-align: justify\">A expectativa de sua aplica\u00e7\u00e3o \u00e9, portanto, bastante grande, sobretudo considerando-se os enormes esfor\u00e7os que foram empreendidos para a sua aprova\u00e7\u00e3o, notadamente os de nossa Igreja, cuja participa\u00e7\u00e3o foi inquestionavelmente decisiva ao longo de todo o processo, e sem a qual o mesmo n\u00e3o teria chegado a bom termo.<\/p>\n<p style=\"text-align: justify\">A Igreja Cat\u00f3lica, fiel ao Evangelho de Jesus Cristo e ao seu fundador, sempre teve um compromisso arraigado com a \u00e9tica no trato da coisa p\u00fablica e, mostrou, com a for\u00e7a de suas redes de comunidade, que tem muito para oferecer em favor da cidadania e da promo\u00e7\u00e3o da vida, partindo de homens p\u00fablicos ilibados, compromissados com a causa p\u00fablica e com a promo\u00e7\u00e3o da pessoa humana. Esperamos que os eleitores votem em homens que tenham compromisso com a causa p\u00fablica. Homens de ficha limpa e compromissados com a \u00e9tica p\u00fablica e com a edifica\u00e7\u00e3o de uma sociedade mais justa, igualit\u00e1ria e com acesso \u00e0 educa\u00e7\u00e3o, sa\u00fade e renda.<\/p>\n<p style=\"text-align: justify\">Observemos, pois, com o projeto ficha limpa, grande contribui\u00e7\u00e3o da Igreja Cat\u00f3lica e de seus fi\u00e9is, ao nascimento de um novo cen\u00e1rio pol\u00edtico nacional! Est\u00e1 nas m\u00e3os da sociedade brasileira mais um instrumento importante para um futuro melhor para o nosso pa\u00eds!<\/p>\n<h4 style=\"text-align: right\">Dom Orani Jo\u00e3o Tempesta<\/h4>\n","protected":false},"excerpt":{"rendered":"<p>A miss\u00e3o da Igreja em evangelizar n\u00e3o pode prescindir das quest\u00f5es da vida humana em todas as suas realidades (\u201cas alegrias e as esperan\u00e7as&#8230;.!\u201d). Uma realidade das mais importantes na sociedade \u00e9 a pol\u00edtica. Amar o pr\u00f3ximo \u00e9 tamb\u00e9m querer um pa\u00eds mais justo, fraterno e solid\u00e1rio. Todos nos recordamos da lei 9840, que tanto &hellip;<\/p>\n<p class=\"read-more\"> <a class=\"\" href=\"https:\/\/www.cnbb.org.br\/ficha-limpa\/\"> <span class=\"screen-reader-text\">Ficha Limpa<\/span> Leia mais &raquo;<\/a><\/p>\n","protected":false},"author":83,"featured_media":0,"comment_status":"open","ping_status":"open","sticky":false,"template":"","format":"standard","meta":{"site-sidebar-layout":"default","site-content-layout":"default","ast-global-header-display":"","ast-banner-title-visibility":"","ast-main-header-display":"","ast-hfb-above-header-display":"","ast-hfb-below-header-display":"","ast-hfb-mobile-header-display":"","site-post-title":"","ast-breadcrumbs-content":"","ast-featured-img":"","footer-sml-layout":"","theme-transparent-header-meta":"","adv-header-id-meta":"","stick-header-meta":"","header-above-stick-meta":"","header-main-stick-meta":"","header-below-stick-meta":""},"categories":[758],"tags":[],"acf":[],"_links":{"self":[{"href":"https:\/\/www.cnbb.org.br\/cnbb-app\/wp\/v2\/posts\/12008"}],"collection":[{"href":"https:\/\/www.cnbb.org.br\/cnbb-app\/wp\/v2\/posts"}],"about":[{"href":"https:\/\/www.cnbb.org.br\/cnbb-app\/wp\/v2\/types\/post"}],"author":[{"embeddable":true,"href":"https:\/\/www.cnbb.org.br\/cnbb-app\/wp\/v2\/users\/83"}],"replies":[{"embeddable":true,"href":"https:\/\/www.cnbb.org.br\/cnbb-app\/wp\/v2\/comments?post=12008"}],"version-history":[{"count":0,"href":"https:\/\/www.cnbb.org.br\/cnbb-app\/wp\/v2\/posts\/12008\/revisions"}],"wp:attachment":[{"href":"https:\/\/www.cnbb.org.br\/cnbb-app\/wp\/v2\/media?parent=12008"}],"wp:term":[{"taxonomy":"category","embeddable":true,"href":"https:\/\/www.cnbb.org.br\/cnbb-app\/wp\/v2\/categories?post=12008"},{"taxonomy":"post_tag","embeddable":true,"href":"https:\/\/www.cnbb.org.br\/cnbb-app\/wp\/v2\/tags?post=12008"}],"curies":[{"name":"wp","href":"https:\/\/api.w.org\/{rel}","templated":true}]}}