{"id":12009,"date":"2010-06-17T00:00:00","date_gmt":"2010-06-17T03:00:00","guid":{"rendered":"https:\/\/www.cnbb.org.br\/a-semana-do-migrante-e-o-dia-mundial-do-refugiado-no-brasil\/"},"modified":"2010-06-17T00:00:00","modified_gmt":"2010-06-17T03:00:00","slug":"a-semana-do-migrante-e-o-dia-mundial-do-refugiado-no-brasil","status":"publish","type":"post","link":"https:\/\/www.cnbb.org.br\/a-semana-do-migrante-e-o-dia-mundial-do-refugiado-no-brasil\/","title":{"rendered":"A Semana do Migrante e o Dia Mundial do Refugiado no Brasil"},"content":{"rendered":"<p style=\"text-align: justify\">Neste domingo, 20, \u00e9 comemorado o Dia Mundial do Refugiado, com o tema \u201cTiraram minha casa, mas n\u00e3o podem tirar meu futuro\u201d. A data foi criada conforme resolu\u00e7\u00e3o da Assembleia Geral da ONU, com o objetivo de expressar solidariedade \u00e0 \u00c1frica, continente que abriga o maior n\u00famero de refugiados e que, tradicionalmente, j\u00e1 celebrava o Dia Africano do Refugiado nesta mesma ocasi\u00e3o.<\/p>\n<p>  <!--more-->  <\/p>\n<p style=\"text-align: justify\">Tamb\u00e9m no domingo, termina a Semana do Migrante, que teve in\u00edcio no dia 13. O evento \u00e9 celebrado h\u00e1 25 anos pelo Servi\u00e7o Pastoral dos Migrantes (SPM), organismo vinculado \u00e0 CNBB. Durante a Semana s\u00e3o publicados diversos materiais como cartazes, texto-base, c\u00edrculos b\u00edblicos, camisetas. Partindo das sugest\u00f5es das equipes de base da Pastoral, definem-se, todos os anos, um tema e um lema. Estes sempre procuram aprofundar o tema da Campanha da Fraternidade em curso.<\/p>\n<p style=\"text-align: justify\"><img decoding=\"async\" loading=\"lazy\" class=\" alignleft size-full wp-image-4928\" style=\"float: left\" alt=\"diamundialdorefugiado2\" src=\"https:\/\/www.cnbb.org.br\/wp-content\/uploads\/2020\/03\/diamundialdorefugiado2.jpg\" width=\"200\" height=\"262\" \/>Este ano, para celebrar o Dia Mundial do Refugiado e a Semana do Migrante, a assessora da Pastoral dos Brasileiros no Exterior da CNBB e diretora do Instituto Migra\u00e7\u00f5es e Direitos Humanos (IMDH), irm\u00e3 Rosita Milesi; e o pesquisador do IMDH, William Cesar de Andrade escreveram um artigo que serve como subs\u00eddio para conhecimento e an\u00e1lise, com alguns dados importantes sobre \u201cMigra\u00e7\u00f5es Internacionais no Brasil \u2013 Realidade e Desafios contempor\u00e2neos\u201d.<\/p>\n<p style=\"text-align: justify\">De acordo com o texto, com base no relat\u00f3rio \u201cUltrapassar barreiras: mobilidade humana e desenvolvimento humano\u201d, existem hoje, em todo o mundo, cerca de 200 milh\u00f5es de migrantes internacionais. N\u00famero que cresceu 9 milh\u00f5es desde o \u00faltimo relat\u00f3rio. Ainda sobre as causas presentes nas migra\u00e7\u00f5es internacionais da atualidade, s\u00e3o causas conhecidas e aceitas para o \u201catual processo de mobilidade humana, transforma\u00e7\u00f5es ocasionadas pela economia globalizada, a mudan\u00e7a demogr\u00e1fica em curso nos pa\u00edses de primeira industrializa\u00e7\u00e3o, o terrorismo, entre outros\u201d, relata o texto.<\/p>\n<p style=\"text-align: justify\">Os dados sobre a imigra\u00e7\u00e3o no Brasil tamb\u00e9m est\u00e3o presentes no artigo. Uma tabela com as imigra\u00e7\u00f5es que ocorreram entre os anos de 1836 a 1968 revelam que o pa\u00eds abriga cerca de 1.76 milh\u00e3o de portugueses. Logo depois, em n\u00fameros tamb\u00e9m bastante elevados v\u00eam os italianos, cerca de 1.62 milh\u00e3o e em seguida os espanh\u00f3is: 719 mil.<\/p>\n<p style=\"text-align: justify\">Com tantos imigrantes, o Brasil foi obrigado a adotar o sistema de regulariza\u00e7\u00f5es migrat\u00f3rias, pleiteadas reiteradamente por v\u00e1rios seguimentos da sociedade. A \u00faltima anistia para documentar os imigrantes ilegais realizada no pa\u00eds aconteceu no ano passado, quando entre 43 e 45 mil imigrantes requereram sua regulariza\u00e7\u00e3o. Do total de solicitados, cerca de 40% s\u00e3o bolivianos (16.881). Parte deles era explorada como m\u00e3o de obra semi-escrava e alvo de traficantes. O segundo lugar ficou com os chineses (5.492), seguidos pelos peruanos (4.642), paraguaios (4.135), coreanos (1.129), outros (10.720).<\/p>\n<p style=\"text-align: center\"><a title=\"migrantes\" href=\"http:\/\/cnbbjoomla.sitesparresia.com\/wp-content\/uploads\/sites\/85\/2010\/06\/Migraes_Internacionais_no_Brasil_RM_e_WCA_07jun10_final.doc\" target=\"_blank\" rel=\"noopener\"><span style=\"color: #ff0000\"><strong>Leia artigo na \u00edntegra aqui<\/strong><\/span><\/a><\/p>\n<p style=\"text-align: justify\"><strong>Comemora\u00e7\u00f5es <\/strong><\/p>\n<p style=\"text-align: justify\">A Universidade Cat\u00f3lica de Santos (UniSantos) promove nesta quinta e sexta-feira, 17 e 18, o I Semin\u00e1rio Nacional C\u00e1tedra S\u00e9rgio Vieira de Mello. O evento celebra o Dia Mundial do Refugiado 2010. A C\u00e1tedra \u00e9 uma homenagem ao brasileiro S\u00e9rgio Vieira de Mello, morto no Iraque em 2003, e foi lan\u00e7ada para difundir o direito internacional humanit\u00e1rio, os direitos humanos e o direito dos refugiados. Promove, tamb\u00e9m, a forma\u00e7\u00e3o acad\u00eamica e a capacita\u00e7\u00e3o de professores e estudantes nesses temas. O tema deste ano \u00e9 \u201cO Papel das Universidades na Assist\u00eancia aos Refugiados\u201d.<\/p>\n<p style=\"text-align: justify\">A Ag\u00eancia da ONU para os Refugiados (ACNUR), este ano, promove eventos em todo o mundo para destacar a situa\u00e7\u00e3o dos refugiados que est\u00e3o sob seus cuidados e advogar em favor dos seus interesses e necessidades. No Brasil est\u00e3o sendo realizados os seguintes eventos: hoje, 17, atividade cultural \u201cNovos caminhos, novas culturas\u201d, no SESC Carmo, em S\u00e3o Paulo. O 1\u00ba Semin\u00e1rio Nacional C\u00e1tedra S\u00e9rgio Vieira de Mello, que ocorre no campus da UniSantos \u00e9 tamb\u00e9m promovido pela ACNUR. No dia 11 aconteceu a cerim\u00f4nia de abertura da Copa do Mundo 2010 \u2013 sess\u00e3o especial para refugiados, na C\u00e1ritas-RJ. E, nos dias 7 a 9, houve a Feira Acad\u00eamica com refugiados e estudantes da Universidade Estadual do Rio de Janeiro (UERJ), no campus da UERJ.<\/p>\n<p style=\"text-align: justify\"><strong>Mensagem do bispo<\/strong><br \/><img decoding=\"async\" loading=\"lazy\" class=\" alignleft size-full wp-image-4930\" style=\"float: left\" alt=\"cartazmigrante2010\" src=\"https:\/\/www.cnbb.org.br\/wp-content\/uploads\/2020\/03\/cartazmigrante2010.png\" width=\"240\" height=\"320\" \/>O bispo de Jales (SP) e presidente da C\u00e1ritas Brasileira, dom Lu\u00edz Dem\u00e9trio Valentin, escreveu uma mensagem por ocasi\u00e3o do Jubileu de Prata do Servi\u00e7o Pastoral dos Migrantes (SPM). O texto foi publicado na v\u00e9spera da 25\u00aa Semana do Migrante.<\/p>\n<p style=\"text-align: justify\">\u201cA trajet\u00f3ria do SPM nestes 25 anos sempre se pautou pela postura evang\u00e9lica em favor dos migrantes, lembrando das palavras de Cristo: \u2018Fui peregrino e me acolhestes\u201d, e a afirma\u00e7\u00e3o do Deuteron\u00f4mio: \u201cMeu pai era um arameu errante\u2019\u201d (Dt 26, 5)'&#8221;, diz dom Dem\u00e9trio na mensagem. Ele ainda relata que a presen\u00e7a do SPM &#8220;foi muito eficaz para a defesa e conquista dos direitos dos migrantes, na luta corajosa em favor de condi\u00e7\u00f5es dignas de trabalho, remunera\u00e7\u00e3o justa, moradia e alimenta\u00e7\u00e3o adequada, sa\u00fade preservada [&#8230;] &#8211; para uma inser\u00e7\u00e3o eclesial e social dos migrantes&#8221;.<\/p>\n<p style=\"text-align: center\"><a title=\"dom_demetrio_migracao\" href=\"http:\/\/cnbbjoomla.sitesparresia.com\/wp-content\/uploads\/sites\/85\/2010\/06\/CARTA_DO_JUBILEU_DO_SPM_-_Dom_Demtrio_Valentini2.doc\" target=\"_blank\" rel=\"noopener\"><strong><span style=\"color: #ff0000\">Leia aqui a mensagem na \u00edntegra<\/span><\/strong><\/a><\/p>\n<p style=\"text-align: justify\">Para mais informa\u00e7\u00f5es sobre as atividades do Dia Mundial do Refugiado no Brasil, entre em contato com a Unidade de Informa\u00e7\u00e3o P\u00fablica do ACNUR, no telefone (61) 3044-5744 ou pelo e-mail informacao@unhcr.org<\/p>\n","protected":false},"excerpt":{"rendered":"<p>Neste domingo, 20, \u00e9 comemorado o Dia Mundial do Refugiado, com o tema \u201cTiraram minha casa, mas n\u00e3o podem tirar meu futuro\u201d. A data foi criada conforme resolu\u00e7\u00e3o da Assembleia Geral da ONU, com o objetivo de expressar solidariedade \u00e0 \u00c1frica, continente que abriga o maior n\u00famero de refugiados e que, tradicionalmente, j\u00e1 celebrava o &hellip;<\/p>\n<p class=\"read-more\"> <a class=\"\" href=\"https:\/\/www.cnbb.org.br\/a-semana-do-migrante-e-o-dia-mundial-do-refugiado-no-brasil\/\"> <span class=\"screen-reader-text\">A Semana do Migrante e o Dia Mundial do Refugiado no Brasil<\/span> Leia mais &raquo;<\/a><\/p>\n","protected":false},"author":83,"featured_media":12010,"comment_status":"open","ping_status":"open","sticky":false,"template":"","format":"standard","meta":{"site-sidebar-layout":"default","site-content-layout":"default","ast-global-header-display":"","ast-banner-title-visibility":"","ast-main-header-display":"","ast-hfb-above-header-display":"","ast-hfb-below-header-display":"","ast-hfb-mobile-header-display":"","site-post-title":"","ast-breadcrumbs-content":"","ast-featured-img":"","footer-sml-layout":"","theme-transparent-header-meta":"","adv-header-id-meta":"","stick-header-meta":"","header-above-stick-meta":"","header-main-stick-meta":"","header-below-stick-meta":""},"categories":[758],"tags":[],"acf":[],"_links":{"self":[{"href":"https:\/\/www.cnbb.org.br\/cnbb-app\/wp\/v2\/posts\/12009"}],"collection":[{"href":"https:\/\/www.cnbb.org.br\/cnbb-app\/wp\/v2\/posts"}],"about":[{"href":"https:\/\/www.cnbb.org.br\/cnbb-app\/wp\/v2\/types\/post"}],"author":[{"embeddable":true,"href":"https:\/\/www.cnbb.org.br\/cnbb-app\/wp\/v2\/users\/83"}],"replies":[{"embeddable":true,"href":"https:\/\/www.cnbb.org.br\/cnbb-app\/wp\/v2\/comments?post=12009"}],"version-history":[{"count":0,"href":"https:\/\/www.cnbb.org.br\/cnbb-app\/wp\/v2\/posts\/12009\/revisions"}],"wp:featuredmedia":[{"embeddable":true,"href":"https:\/\/www.cnbb.org.br\/cnbb-app\/wp\/v2\/media\/12010"}],"wp:attachment":[{"href":"https:\/\/www.cnbb.org.br\/cnbb-app\/wp\/v2\/media?parent=12009"}],"wp:term":[{"taxonomy":"category","embeddable":true,"href":"https:\/\/www.cnbb.org.br\/cnbb-app\/wp\/v2\/categories?post=12009"},{"taxonomy":"post_tag","embeddable":true,"href":"https:\/\/www.cnbb.org.br\/cnbb-app\/wp\/v2\/tags?post=12009"}],"curies":[{"name":"wp","href":"https:\/\/api.w.org\/{rel}","templated":true}]}}