{"id":12058,"date":"2009-01-05T00:00:00","date_gmt":"2009-01-05T02:00:00","guid":{"rendered":"https:\/\/www.cnbb.org.br\/bencao-da-paz\/"},"modified":"2009-01-05T00:00:00","modified_gmt":"2009-01-05T02:00:00","slug":"bencao-da-paz","status":"publish","type":"post","link":"https:\/\/www.cnbb.org.br\/bencao-da-paz\/","title":{"rendered":"B\u00ean\u00e7\u00e3o da Paz"},"content":{"rendered":"<p>Iniciamos o novo ano desejosos de b\u00ean\u00e7\u00e3o e paz. &#8220;O Senhor volte para ti o seu rosto e te d\u00ea a paz!&#8221; (Nm 6, 26). Quem n\u00e3o quer prosperidade, isen\u00e7\u00e3o de problemas, bem estar, boa sa\u00fade, bom rendimento, conv\u00edvio harmonioso, felicidade para si e os entes queridos?  <!--more-->  <\/p>\n<p style=\"text-align: justify\">Sozinhos, n\u00e3o conseguimos nosso intento. Precisamos saber conviver com o semelhante, a natureza e o Criador. Jesus lembra que, sem Ele, nada podemos fazer. Mesmo sua paz \u00e9 diferente da apresentada pelo mundo (conferir em Jo 14, 27). Precisamos tamb\u00e9m fazer nossa parte, saindo do ego\u00edsmo e colaborando com a justi\u00e7a e o bem comum, atrav\u00e9s das atitudes de inclus\u00e3o social.<\/p>\n<p style=\"text-align: justify\">O Papa Bento XVI nos apresenta bela mensagem de paz, com o t\u00edtulo &#8220;Combater a pobreza, construir a paz&#8221;, retomando palavras de seu antecessor, Jo\u00e3o Paulo II. De fato, a situa\u00e7\u00e3o de pobreza crescente e extrema em que vivem muitas popula\u00e7\u00f5es \u00e9 amea\u00e7a \u00e0 paz. A diferen\u00e7a entre pobres e ricos, como lembra o Pont\u00edfice, ofende a dignidade humana e o progresso de todos.<\/p>\n<p style=\"text-align: justify\">Na mensagem de paz, o Santo Padre chama aten\u00e7\u00e3o \u00e0 necessidade da globaliza\u00e7\u00e3o espiritual e moral. N\u00e3o \u00e9 suficiente olhar para a pobreza material. O &#8220;subdesenvolvimento moral&#8221; leva \u00e0s CONSEQ\u00dc\u00caNCIAS do &#8220;superdesenvolvimento&#8221; negativo. O que est\u00e1 na raiz disso \u00e9 a &#8220;falta de respeito pela dignidade transcendente da pessoa humana&#8221;, n\u00e3o se respeitando a &#8220;ecologia humana&#8221;. \u00c0s vezes se associa o &#8220;desenvolvimento demogr\u00e1fico&#8221; com a pobreza e n\u00e3o se respeita o direito \u00e0 vida, querendo eliminar-se os pobres. Na verdade, a &#8220;popula\u00e7\u00e3o \u00e9 uma riqueza e n\u00e3o fator de pobreza&#8221;.<\/p>\n<p style=\"text-align: justify\">O Papa lembra as CONSEQU\u00caNCIAS da pobreza na fam\u00edlia com incid\u00eancia maior na fragilidade e vitima\u00e7\u00e3o das crian\u00e7as. Por outro lado, o armamento mundial consome em demasia o que poderia ser usado para o desenvolvimento dos povos para se ter mais paz. Esta n\u00e3o se d\u00e1 com armamento b\u00e9lico, como lembra o Papa Paulo VI. O Sumo Pont\u00edfice aborda o problema econ\u00f4mico mundial globalizado e diz. &#8220;Por si s\u00f3, a globaliza\u00e7\u00e3o n\u00e3o consegue construir a paz&#8221;. Ela deve favorecer a uma luta para combater a pobreza e promover a justi\u00e7a e a paz.<\/p>\n<p style=\"text-align: justify\">Na parte conclusiva, Bento XVI lembra a Doutrina Social da Igreja com o &#8220;amor preferencial pelos pobres&#8221;, dando-se a base da justi\u00e7a para se promover a paz. Isso \u00e9 alimentado pelo testemunho e pelas palavras de Jesus. Ele quer que todos tenham vida (Cf Jo 10, 10). N\u00f3s somos correspons\u00e1veis pelo combate \u00e0 pobreza e a constru\u00e7\u00e3o da paz. Deus nos d\u00e1 a vida, a intelig\u00eancia e a oportunidade de nos desenvolvermos. Fazemo-lo com a intera\u00e7\u00e3o da solidariedade. Precisamos cultivar no cora\u00e7\u00e3o humano, a partir da forma\u00e7\u00e3o do car\u00e1ter a se iniciar na fam\u00edlia, o valor do servi\u00e7o ao outro, colaborando com o respeito \u00e0 sua dignidade e \u00e0 promo\u00e7\u00e3o de sua autonomia.<\/p>\n<p style=\"text-align: justify\">S\u00e3o Paulo nos lembra a paternidade de Deus para todos (Cf Gl 4, 6). Precisamos, por isso, de desenvolver a pr\u00e1tica da fraternidade entre n\u00f3s. A paz, ent\u00e3o, come\u00e7a na pessoa voltada para Deus, com o amor vivenciado na irmandade. Teremos, ent\u00e3o, a b\u00ean\u00e7\u00e3o da paz.<\/p>\n<h4 style=\"text-align: right\">Dom Jos\u00e9 Alberto Moura<\/h4>\n","protected":false},"excerpt":{"rendered":"<p>Iniciamos o novo ano desejosos de b\u00ean\u00e7\u00e3o e paz. &#8220;O Senhor volte para ti o seu rosto e te d\u00ea a paz!&#8221; (Nm 6, 26). Quem n\u00e3o quer prosperidade, isen\u00e7\u00e3o de problemas, bem estar, boa sa\u00fade, bom rendimento, conv\u00edvio harmonioso, felicidade para si e os entes queridos?<\/p>\n","protected":false},"author":83,"featured_media":0,"comment_status":"open","ping_status":"open","sticky":false,"template":"","format":"standard","meta":{"site-sidebar-layout":"default","site-content-layout":"default","ast-global-header-display":"","ast-banner-title-visibility":"","ast-main-header-display":"","ast-hfb-above-header-display":"","ast-hfb-below-header-display":"","ast-hfb-mobile-header-display":"","site-post-title":"","ast-breadcrumbs-content":"","ast-featured-img":"","footer-sml-layout":"","theme-transparent-header-meta":"","adv-header-id-meta":"","stick-header-meta":"","header-above-stick-meta":"","header-main-stick-meta":"","header-below-stick-meta":""},"categories":[758],"tags":[],"acf":[],"_links":{"self":[{"href":"https:\/\/www.cnbb.org.br\/cnbb-app\/wp\/v2\/posts\/12058"}],"collection":[{"href":"https:\/\/www.cnbb.org.br\/cnbb-app\/wp\/v2\/posts"}],"about":[{"href":"https:\/\/www.cnbb.org.br\/cnbb-app\/wp\/v2\/types\/post"}],"author":[{"embeddable":true,"href":"https:\/\/www.cnbb.org.br\/cnbb-app\/wp\/v2\/users\/83"}],"replies":[{"embeddable":true,"href":"https:\/\/www.cnbb.org.br\/cnbb-app\/wp\/v2\/comments?post=12058"}],"version-history":[{"count":0,"href":"https:\/\/www.cnbb.org.br\/cnbb-app\/wp\/v2\/posts\/12058\/revisions"}],"wp:attachment":[{"href":"https:\/\/www.cnbb.org.br\/cnbb-app\/wp\/v2\/media?parent=12058"}],"wp:term":[{"taxonomy":"category","embeddable":true,"href":"https:\/\/www.cnbb.org.br\/cnbb-app\/wp\/v2\/categories?post=12058"},{"taxonomy":"post_tag","embeddable":true,"href":"https:\/\/www.cnbb.org.br\/cnbb-app\/wp\/v2\/tags?post=12058"}],"curies":[{"name":"wp","href":"https:\/\/api.w.org\/{rel}","templated":true}]}}