{"id":12064,"date":"2008-10-03T00:00:00","date_gmt":"2008-10-03T03:00:00","guid":{"rendered":"https:\/\/www.cnbb.org.br\/parreira-de-uvas\/"},"modified":"2008-10-03T00:00:00","modified_gmt":"2008-10-03T03:00:00","slug":"parreira-de-uvas","status":"publish","type":"post","link":"https:\/\/www.cnbb.org.br\/parreira-de-uvas\/","title":{"rendered":"Parreira de uvas"},"content":{"rendered":"<p style=\"text-align: justify\">Os textos b\u00edblicos muitas vezes apresentam ensinamentos e verdades atrav\u00e9s de compara\u00e7\u00f5es elucidativas. A da videira \u00e9 uma delas. O profeta Isa\u00edas admoesta o povo judeu por ser qual uma parreira produtora de uvas selvagens ou azedas. Deveria ser arrancada para o plantio de frutas de melhor qualidade (conferir em Is 5, 17). Jesus fala das \u00e1rvores que produzem frutos bons ou ruins. Na par\u00e1bola da figueira, que n\u00e3o dava bons frutos, mostra tamb\u00e9m o comportamento de quem n\u00e3o realiza o bem.<\/p>\n<p>  <!--more-->  <\/p>\n<p style=\"text-align: justify\">O pr\u00f3prio Jesus conta o caso dos vinhateiros que arrendaram a terra mas n\u00e3o quiseram pagar o arrendamento com o produto do plantio (Cf. Mt 21, 33-43). Tudo isso indica o ensinamento sobre a necessidade de se usar o dom da vida e de tantas oportunidades outorgadas por Deus para realizarmos o melhor de n\u00f3s. Assim se executa o projeto do Criador para o nosso pr\u00f3prio bem e o da sociedade. Podemos trazer \u00e0 considera\u00e7\u00e3o nossa realidade de conviv\u00eancia humana. Em que pesem nossos limites e desafios, temos sempre a consci\u00eancia ou no\u00e7\u00e3o do bem.<\/p>\n<p style=\"text-align: justify\">Quanto mais refletirmos sobre a transitoriedade de nossa exist\u00eancia na terra e sobre as preciosidades maiores ou ideais de grandeza \u00e9tica e moral, mais perceberemos que valemos muito pela contribui\u00e7\u00e3o dada ao bem comum e n\u00e3o por termos muitos bens, proje\u00e7\u00e3o pessoal ou bem estar baseado, acima de tudo, nos prazeres. Neste tempo de elei\u00e7\u00f5es pol\u00edticas, somos convidados a colocar a m\u00e3o na consci\u00eancia para examinarmos sobre o valor do voto respons\u00e1vel. A venda do mesmo por busca de vantagens pessoais morde nossa grandeza pessoal, a ponto de n\u00e3o pensarmos exatamente no bem da sociedade.<\/p>\n<p style=\"text-align: justify\">Os pol\u00edticos devem ser examinados pela sua integridade \u00e9tica e moral, bem como por sua capacidade de servir a comunidade. Devemos examinar sua hist\u00f3ria para vermos se s\u00e3o \u00e1rvores de bons frutos. N\u00e3o vale o &#8216;rouba mas faz&#8217;! Pensando assim, n\u00f3s pr\u00f3prios faltamos com a altivez de car\u00e1ter, por mais beneficiados f\u00f4ssemos. Temos condi\u00e7\u00e3o de mudar a sociedade com nosso encaminhamento de conduta, que exige seriedade moral para, juntos, contribuirmos com o bem de todos.<\/p>\n<p style=\"text-align: justify\">Muita coisa ruim no conv\u00edvio social pode e deve ser mudada, a partir de n\u00f3s e de nosso voto respons\u00e1vel. Quem n\u00e3o conhece adequadamente um candidato deve informar-se bem para n\u00e3o errar o voto. Quantas pessoas em condi\u00e7\u00e3o de governar ou legislar n\u00f3s temos! Basta pesquisarmos e dialogarmos com quem tem condi\u00e7\u00e3o adequada de nos dar seguran\u00e7a em suas informa\u00e7\u00f5es sobre os candidatos!<\/p>\n<p style=\"text-align: justify\">Por outro lado, faz-se muito necess\u00e1rio pedirmos a Deus para que sejam eleitos os melhores para o bem de nosso povo, principalmente dos deixados de lado na inclus\u00e3o social cidad\u00e3! O ap\u00f3stolo Paulo, a quem \u00e9 dedicado pela Igreja o ano de seu vig\u00e9simo s\u00e9culo de nascimento, lembra claramente: &#8216;Apresentai as vossas necessidades a Deus, em ora\u00e7\u00f5es e s\u00faplicas&#8217; (Fl 4, 6). Os pr\u00f3prios candidatos devem viver sua f\u00e9, superando o intimismo, para faz\u00ea-la frutificar na pr\u00e1tica da promo\u00e7\u00e3o da cidadania.<\/p>\n<p style=\"text-align: justify\">N\u00e3o basta dizer-se pessoa de f\u00e9 e membro da Igreja. Ser \u00e1rvore, mas com frutas azedas n\u00e3o presta o real servi\u00e7o \u00e0 sociedade. Por isso, pedimos a Deus que os eleitos possam realmente dar frutos bons, com a coopera\u00e7\u00e3o da gra\u00e7a do Criador e o apoio de todos os cidad\u00e3os e cidad\u00e3s!<\/p>\n<h4 style=\"text-align: right\">Dom Jos\u00e9 Alberto Moura<\/h4>\n","protected":false},"excerpt":{"rendered":"<p>Os textos b\u00edblicos muitas vezes apresentam ensinamentos e verdades atrav\u00e9s de compara\u00e7\u00f5es elucidativas. A da videira \u00e9 uma delas. O profeta Isa\u00edas admoesta o povo judeu por ser qual uma parreira produtora de uvas selvagens ou azedas. Deveria ser arrancada para o plantio de frutas de melhor qualidade (conferir em Is 5, 17). Jesus fala &hellip;<\/p>\n<p class=\"read-more\"> <a class=\"\" href=\"https:\/\/www.cnbb.org.br\/parreira-de-uvas\/\"> <span class=\"screen-reader-text\">Parreira de uvas<\/span> Leia mais &raquo;<\/a><\/p>\n","protected":false},"author":83,"featured_media":0,"comment_status":"open","ping_status":"open","sticky":false,"template":"","format":"standard","meta":{"site-sidebar-layout":"default","site-content-layout":"default","ast-global-header-display":"","ast-banner-title-visibility":"","ast-main-header-display":"","ast-hfb-above-header-display":"","ast-hfb-below-header-display":"","ast-hfb-mobile-header-display":"","site-post-title":"","ast-breadcrumbs-content":"","ast-featured-img":"","footer-sml-layout":"","theme-transparent-header-meta":"","adv-header-id-meta":"","stick-header-meta":"","header-above-stick-meta":"","header-main-stick-meta":"","header-below-stick-meta":""},"categories":[758],"tags":[],"acf":[],"_links":{"self":[{"href":"https:\/\/www.cnbb.org.br\/cnbb-app\/wp\/v2\/posts\/12064"}],"collection":[{"href":"https:\/\/www.cnbb.org.br\/cnbb-app\/wp\/v2\/posts"}],"about":[{"href":"https:\/\/www.cnbb.org.br\/cnbb-app\/wp\/v2\/types\/post"}],"author":[{"embeddable":true,"href":"https:\/\/www.cnbb.org.br\/cnbb-app\/wp\/v2\/users\/83"}],"replies":[{"embeddable":true,"href":"https:\/\/www.cnbb.org.br\/cnbb-app\/wp\/v2\/comments?post=12064"}],"version-history":[{"count":0,"href":"https:\/\/www.cnbb.org.br\/cnbb-app\/wp\/v2\/posts\/12064\/revisions"}],"wp:attachment":[{"href":"https:\/\/www.cnbb.org.br\/cnbb-app\/wp\/v2\/media?parent=12064"}],"wp:term":[{"taxonomy":"category","embeddable":true,"href":"https:\/\/www.cnbb.org.br\/cnbb-app\/wp\/v2\/categories?post=12064"},{"taxonomy":"post_tag","embeddable":true,"href":"https:\/\/www.cnbb.org.br\/cnbb-app\/wp\/v2\/tags?post=12064"}],"curies":[{"name":"wp","href":"https:\/\/api.w.org\/{rel}","templated":true}]}}