{"id":12098,"date":"2010-07-03T00:00:00","date_gmt":"2010-07-03T03:00:00","guid":{"rendered":"https:\/\/www.cnbb.org.br\/jubileu-de-dom-eusebio\/"},"modified":"2010-07-03T00:00:00","modified_gmt":"2010-07-03T03:00:00","slug":"jubileu-de-dom-eusebio","status":"publish","type":"post","link":"https:\/\/www.cnbb.org.br\/jubileu-de-dom-eusebio\/","title":{"rendered":"Jubileu de dom Eus\u00e9bio"},"content":{"rendered":"<p style=\"text-align: justify\">Neste s\u00e1bado, dia 03 de julho, o Cardeal Eus\u00e9bio Oscar Scheid, SCJ, celebra seu jubileu de ouro de ordena\u00e7\u00e3o sacerdotal. No \u00faltimo dia 26 de junho, a Arquidiocese de S\u00e3o Sebasti\u00e3o do Rio de Janeiro, alegre e agradecida, comemorou este cinquenten\u00e1rio de ordena\u00e7\u00e3o presbiteral em solene celebra\u00e7\u00e3o na Antiga S\u00e9. Foi tamb\u00e9m uma oportunidade de refletirmos sobre o rec\u00e9m-conclu\u00eddo \u201cAno Sacerdotal\u201d. Em meu nome, da Arquidiocese e do seu presbit\u00e9rio, prestamos a D. Eus\u00e9bio deferente homenagem de gratid\u00e3o. Agora, olhando para o dia em que ocorre a festa, que ser\u00e1 celebrada na Catedral de S\u00e3o Jos\u00e9 dos Campos, manifesto meus sinceros cumprimentos e agradecimentos pela sua vida e miss\u00e3o.<\/p>\n<p><!--more--><\/p>\n<p style=\"text-align: justify\">O Magist\u00e9rio Pontif\u00edcio descreve o presb\u00edtero como mestre da Palavra, ministro dos sacramentos e guia da comunidade crist\u00e3 a ele confiada, constituindo um roteiro de reflex\u00e3o sobre a sua identidade e sobre a sua miss\u00e3o na Igreja. Sempre a mesma e, no entanto sempre nova, esta doutrina precisa ser meditada ainda hoje com f\u00e9 e esperan\u00e7a, em vista da nova evangeliza\u00e7\u00e3o para a qual o Esp\u00edrito Santo est\u00e1 chamando todos os fi\u00e9is, por interm\u00e9dio da pessoa e da autoridade do Santo Padre, o Romano Pont\u00edfice, cujo dia, em solenidade transferida, celebramos tamb\u00e9m neste final de semana.<\/p>\n<p style=\"text-align: justify\">\u00c0 luz do Evangelho e do renovado empenho da miss\u00e3o continental que nos convocou o documento de Aparecida, do qual D. Eus\u00e9bio foi delegado, urge nos empenharmos em um crescente empenho apost\u00f3lico de todos na Igreja, ao mesmo tempo pessoal e comunit\u00e1rio, renovado e generoso. Pastores e fi\u00e9is, particularmente encorajados pelo testemunho pessoal e pelo luminoso ensinamento de Jo\u00e3o Paulo II e de Bento XVI, devem compreender, de maneira sempre mais profunda, que chegou o tempo de acelerar o passo, de olhar adiante com ardente esp\u00edrito apost\u00f3lico, de preparar-se para atravessar os umbrais do s\u00e9culo XXI com uma atitude de abrir totalmente as portas da hist\u00f3ria a Jesus Cristo, nosso Deus e \u00fanico Salvador. Pastores e fi\u00e9is devem sentir-se chamados a se empenhar para que, no dia a dia de nosso agir pastoral e ministerial, ressoe \u201ccom renovada intensidade, a proclama\u00e7\u00e3o da verdade: &#8220;Ecce natus est nobis Salvator mundi&#8221;.<\/p>\n<p style=\"text-align: justify\">Nesse momento de \u201ccambiamento de \u00e9poca cultural\u201d, grupos inteiros de batizados perderam o sentido vivo da f\u00e9, n\u00e3o se reconhecendo mais como membros da Igreja e conduzindo uma vida distante de Cristo e do Seu Evangelho. Neste caso, torna-se necess\u00e1ria uma \u201creevangeliza\u00e7\u00e3o\u201d. O Papa Bento XVI acaba de criar nesta semana o Pontif\u00edcio Conselho para a Nova Evangeliza\u00e7\u00e3o. A reevangeliza\u00e7\u00e3o representa, pois, antes de tudo, uma a\u00e7\u00e3o materna da Igreja diante do enfraquecimento da f\u00e9 e do obscurecimento das exig\u00eancias morais da vida crist\u00e3 na consci\u00eancia de tantos filhos seus. Com efeito, s\u00e3o muitos os batizados que, cidad\u00e3os de um mundo religiosamente indiferente, embora mantendo certa f\u00e9, vivem praticamente no indiferentismo religioso e moral, distantes da Palavra e dos Sacramentos, fontes essenciais da vida crist\u00e3. E existem tamb\u00e9m tantas outras pessoas, nascidas de genitores crist\u00e3os e, talvez, at\u00e9 mesmo batizadas, que n\u00e3o receberam os fundamentos da f\u00e9 e vivem uma vida praticamente at\u00e9ia. A todos eles a Igreja olha com amor, sentindo particularmente o urgente dever de atra\u00ed-los \u00e0 comunh\u00e3o eclesial, onde encontrar\u00e3o, com a gra\u00e7a do Esp\u00edrito Santo, Jesus Cristo e o Pai.<\/p>\n<p style=\"text-align: justify\">Realmente, a miss\u00e3o do presb\u00edtero hoje passa por este empenho de evangeliza\u00e7\u00e3o, que reacende em muitas consci\u00eancias crist\u00e3s a luz da f\u00e9 e faz ecoar novamente na sociedade o alegre an\u00fancio da salva\u00e7\u00e3o. A Igreja sente fortemente a responsabilidade da sua perene miss\u00e3o \u201cad gentes\u201d, isto \u00e9, o direito e o dever de levar o Evangelho a todos os homens que ainda n\u00e3o conhecem Cristo e n\u00e3o participam dos seus dons salv\u00edficos. Para a Igreja, M\u00e3e e Mestra, a miss\u00e3o ad gentes e a nova evangeliza\u00e7\u00e3o s\u00e3o hoje, mais do que nunca, insepar\u00e1veis aspectos do mandato de ensinar, santificar e guiar todos os homens ao Pai. Tamb\u00e9m os crist\u00e3os fervorosos, que s\u00e3o tantos, precisam de um am\u00e1vel e cont\u00ednuo encorajamento na busca da pr\u00f3pria santidade, \u00e0 qual s\u00e3o chamados por Deus e pela Igreja. Aqui reside o verdadeiro motor da nova evangeliza\u00e7\u00e3o.<\/p>\n<p style=\"text-align: justify\">Foi esse trabalho ingente de professor no Convento de Taubat\u00e9, de animador da Comunidade de Nossa Senhora Aparecida, de primeiro Bispo de S\u00e3o Jos\u00e9 dos Campos, fundador e pai espiritual daquela Diocese, de Arcebispo de Florian\u00f3polis e de Arcebispo de S\u00e3o Sebasti\u00e3o do Rio de Janeiro que D. Eus\u00e9bio, escolhido, consagrado e enviado para fazer emergir a contemporaneidade de Cristo, de quem se tornou altaneiro e aut\u00eantico mensageiro, gastando a sua vida e o seu minist\u00e9rio para mostrar e viver a miseric\u00f3rdia do Sagrado Cora\u00e7\u00e3o de Jesus, evidenciando que \u201cDeus \u00e9 bom!\u201d.<\/p>\n<p style=\"text-align: justify\">Foi o empenho pessoal de D. Eus\u00e9bio em nosso seio carioca que levou a tantos a Palavra da Salva\u00e7\u00e3o, empenhando o apelo divino para que todos \u2013 pastores, presb\u00edteros e povo de Deus \u2013 sirvam a por\u00e7\u00e3o do Povo de Deus a eles confiada, como mestres da Palavra, ministros dos Sacramentos e pastores do rebanho. E isso ele fez muito bem.<\/p>\n<p style=\"text-align: justify\">Nestes cinquenta anos, D. Eus\u00e9bio desempenhou com verdadeira caridade e cont\u00ednua alegria a miss\u00e3o do Cristo sacerdote, procurando servir a todos. Por isso mesmo, desejando que o Cristo Redentor inflame no seu cora\u00e7\u00e3o a gra\u00e7a da alegria pela gratid\u00e3o de todos n\u00f3s, cariocas, e da sua sempre Arquidiocese, que agradecemos a Deus, por interm\u00e9dio de S\u00e3o Sebasti\u00e3o, pelo seu minist\u00e9rio presbiteral.<\/p>\n<h4 style=\"text-align: right\">Dom Orani Jo\u00e3o Tempesta<\/h4>\n","protected":false},"excerpt":{"rendered":"<p>Neste s\u00e1bado, dia 03 de julho, o Cardeal Eus\u00e9bio Oscar Scheid, SCJ, celebra seu jubileu de ouro de ordena\u00e7\u00e3o sacerdotal. No \u00faltimo dia 26 de junho, a Arquidiocese de S\u00e3o Sebasti\u00e3o do Rio de Janeiro, alegre e agradecida, comemorou este cinquenten\u00e1rio de ordena\u00e7\u00e3o presbiteral em solene celebra\u00e7\u00e3o na Antiga S\u00e9. Foi tamb\u00e9m uma oportunidade de &hellip;<\/p>\n<p class=\"read-more\"> <a class=\"\" href=\"https:\/\/www.cnbb.org.br\/jubileu-de-dom-eusebio\/\"> <span class=\"screen-reader-text\">Jubileu de dom Eus\u00e9bio<\/span> Leia mais &raquo;<\/a><\/p>\n","protected":false},"author":83,"featured_media":0,"comment_status":"open","ping_status":"open","sticky":false,"template":"","format":"standard","meta":{"site-sidebar-layout":"default","site-content-layout":"default","ast-global-header-display":"","ast-banner-title-visibility":"","ast-main-header-display":"","ast-hfb-above-header-display":"","ast-hfb-below-header-display":"","ast-hfb-mobile-header-display":"","site-post-title":"","ast-breadcrumbs-content":"","ast-featured-img":"","footer-sml-layout":"","theme-transparent-header-meta":"","adv-header-id-meta":"","stick-header-meta":"","header-above-stick-meta":"","header-main-stick-meta":"","header-below-stick-meta":""},"categories":[758],"tags":[],"acf":[],"_links":{"self":[{"href":"https:\/\/www.cnbb.org.br\/cnbb-app\/wp\/v2\/posts\/12098"}],"collection":[{"href":"https:\/\/www.cnbb.org.br\/cnbb-app\/wp\/v2\/posts"}],"about":[{"href":"https:\/\/www.cnbb.org.br\/cnbb-app\/wp\/v2\/types\/post"}],"author":[{"embeddable":true,"href":"https:\/\/www.cnbb.org.br\/cnbb-app\/wp\/v2\/users\/83"}],"replies":[{"embeddable":true,"href":"https:\/\/www.cnbb.org.br\/cnbb-app\/wp\/v2\/comments?post=12098"}],"version-history":[{"count":0,"href":"https:\/\/www.cnbb.org.br\/cnbb-app\/wp\/v2\/posts\/12098\/revisions"}],"wp:attachment":[{"href":"https:\/\/www.cnbb.org.br\/cnbb-app\/wp\/v2\/media?parent=12098"}],"wp:term":[{"taxonomy":"category","embeddable":true,"href":"https:\/\/www.cnbb.org.br\/cnbb-app\/wp\/v2\/categories?post=12098"},{"taxonomy":"post_tag","embeddable":true,"href":"https:\/\/www.cnbb.org.br\/cnbb-app\/wp\/v2\/tags?post=12098"}],"curies":[{"name":"wp","href":"https:\/\/api.w.org\/{rel}","templated":true}]}}