{"id":12105,"date":"2010-07-06T00:00:00","date_gmt":"2010-07-06T03:00:00","guid":{"rendered":"https:\/\/www.cnbb.org.br\/pedro-e-paulo-colunas-da-igreja\/"},"modified":"2010-07-06T00:00:00","modified_gmt":"2010-07-06T03:00:00","slug":"pedro-e-paulo-colunas-da-igreja","status":"publish","type":"post","link":"https:\/\/www.cnbb.org.br\/pedro-e-paulo-colunas-da-igreja\/","title":{"rendered":"Pedro e Paulo colunas da Igreja"},"content":{"rendered":"<p style=\"text-align: justify\">Recordamos hoje duas colunas da Igreja primitiva, os ap\u00f3stolos Pedro e Paulo. Pedro como centro de unidade, Paulo como mestre de verdade e de santidade. N\u00f3s os encontramos unidos no an\u00fancio do Evangelho, e no mart\u00edrio consumado em Roma sob o imperador Nero.<\/p>\n<p>  <!--more-->  <\/p>\n<p style=\"text-align: justify\">A palavra de Deus, na primeira leitura, Atos 12, 1-11, nos leva aos in\u00edcios da Igreja em Jerusal\u00e9m, depois da ascens\u00e3o ao c\u00e9u do Senhor Jesus. Pedro, o chefe da Igreja, \u00e9 preso por ordem do rei Herodes, e guardado no c\u00e1rcere sob f\u00e9rrea vigil\u00e2ncia, na expectativa de um processo com previs\u00e3o certa de condena\u00e7\u00e3o \u00e0 morte. Mas a Igreja reza incessantemente por ele, e Pedro recebe uma prodigiosa liberta\u00e7\u00e3o.<\/p>\n<p style=\"text-align: justify\">Pedro, da pris\u00e3o, come\u00e7a a percorrer o caminho j\u00e1 tra\u00e7ado por seu divino Mestre. As \u00faltimas etapas, o processo e o mart\u00edrio para ele se consumar\u00e3o mais tarde.<\/p>\n<p style=\"text-align: justify\">A segunda leitura, 2 Tim\u00f3teo 4, 6-8.17.18, reservada a Paulo, \u00e9 considerada o testamento espiritual do ap\u00f3stolo. Ele, sentindo avizinhar-se a hora da morte, escreve do c\u00e1rcere ao seu disc\u00edpulo Tim\u00f3teo, apresentando o balan\u00e7o da sua vida: combateu o bom combate, e agora se entrega em tudo ao Senhor a quem serviu com amor sem reserva nos seus irm\u00e3os.<\/p>\n<p style=\"text-align: justify\">Duas personalidades, Pedro e Paulo, chamados pessoalmente pelo Senhor para tarefas bem definidas: Pedro para ser \u201cpedra sobre a qual edificar\u00e1 a sua Igreja\u201d, cabe\u00e7a dos ap\u00f3stolos, para confirmar os irm\u00e3os na f\u00e9 verdadeira, ser timoneiro experiente na condu\u00e7\u00e3o da barca da Igreja, nas vicissitudes do mar encapelado do mundo, primeiramente Pedro e depois os seus sucessores os papas. Um homem fr\u00e1gil, provado pelo Senhor, mas humilde, consciente da pr\u00f3pria condi\u00e7\u00e3o colocando toda a sua confian\u00e7a na presen\u00e7a e gra\u00e7a do Senhor. \u201cAs portas do inferno n\u00e3o prevalecer\u00e3o jamais sobre a Igreja\u201d, durante toda a sua exist\u00eancia.<\/p>\n<p style=\"text-align: justify\">Pedro foi testemunha e, em parte protagonista, de tantos epis\u00f3dios da vida do Senhor. Ouviu os seus discursos, as suas par\u00e1bolas. Assistiu a seus prod\u00edgios em favor dos pobres, dos d\u00e9beis, dos enfermos. Esteve ao lado do Senhor nas disputas com os escribas e fariseus.<\/p>\n<p style=\"text-align: justify\">Viveu com entusiasmo momentos de alegria plena. No monte da transfigura\u00e7\u00e3o disse fora de si: \u201cFa\u00e7amos aqui tr\u00eas tendas\u201d, com esperan\u00e7a de permanecer sempre l\u00e1 em cima com o Senhor. Viveu com ang\u00fastia mas tamb\u00e9m com determina\u00e7\u00e3o, os momentos de incompreens\u00e3o e de abandono, quando Jesus se apresentou \u00e0s turbas como \u201co p\u00e3o descido do c\u00e9u\u201d. Discurso duro para muitos que n\u00e3o compreenderam e todos voltavam as costas ao Senhor. Jesus perguntou aos ap\u00f3stolos: \u201cN\u00e3o quereis tamb\u00e9m v\u00f3s ir embora?\u201d Pedro disse em nome de todos: \u201dSenhor, a quem iremos? Somente tu tens palavras de vida eterna\u201d.<\/p>\n<p style=\"text-align: justify\">Por tantos outros aspectos Pedro foi homem como n\u00f3s, com os seus altos e baixos, com entusiasmos, covardias e medos. Mas Pedro \u00e9 sobretudo testemunha da ressurrei\u00e7\u00e3o. N\u00e3o o deixar\u00e1, nem esquecer\u00e1, at\u00e9 a sua morte crucificado em Roma. N\u00e3o esquecer\u00e1 antes da ascens\u00e3o quando lhe perguntou: \u201cPedro, tu me amas? Apascenta as minhas ovelhas\u201d. E Pedro: \u201cTu sabes que eu te amo\u201d.<\/p>\n<p style=\"text-align: justify\">Paulo, ap\u00f3stolo dos gentios, fiel \u00e0 sua f\u00e9 at\u00e9 o fim de sua vida no mart\u00edrio pela espada em Roma. No juda\u00edsmo ningu\u00e9m o sobrepujou no estudo e observ\u00e2ncia da tradi\u00e7\u00e3o de seu povo, procurando defender a sua f\u00e9, intolerante para com os n\u00e3o fi\u00e9is. Um homem \u00e0 procura da verdade plena. Ele a encontrou no caminho de Damasco, derrubado do seu \u00edmpeto fogoso, caindo ao ch\u00e3o, ao ouvir a voz inquietante: \u201cSaulo, por que me persegues?\u201d No meio desse combate ainda esbo\u00e7ou a pergunta sincera de seu cora\u00e7\u00e3o: \u201cQuem \u00e9s tu, Senhor?. A resposta da verdade plena preencheu inteiramente a sua procura: \u201cEu sou Jesus a quem tu persegues\u201d. Aquele que n\u00e3o o encontrou pessoalmente quando caminhava pelas cidades da Galil\u00e9ia e de Jerusal\u00e9m antes da sua morte e ressurrei\u00e7\u00e3o, agora se manifesta numa presen\u00e7a e identifica\u00e7\u00e3o que durar\u00e1 at\u00e9 a eternidade. Por isso, a Igreja n\u00e3o cessar\u00e1 de repetir: \u201cEle est\u00e1 no meio de n\u00f3s!\u201d Paulo nos ensinar\u00e1 para sempre o caminho da santidade: \u201cJ\u00e1 n\u00e3o sou eu quem vivo, mas Cristo em mim.\u201d Uma vida por amor!<\/p>\n<h4 style=\"text-align: right\">Cardeal Geraldo Majella Agnelo<\/h4>\n","protected":false},"excerpt":{"rendered":"<p>Recordamos hoje duas colunas da Igreja primitiva, os ap\u00f3stolos Pedro e Paulo. Pedro como centro de unidade, Paulo como mestre de verdade e de santidade. N\u00f3s os encontramos unidos no an\u00fancio do Evangelho, e no mart\u00edrio consumado em Roma sob o imperador Nero.<\/p>\n","protected":false},"author":83,"featured_media":0,"comment_status":"open","ping_status":"open","sticky":false,"template":"","format":"standard","meta":{"site-sidebar-layout":"default","site-content-layout":"default","ast-global-header-display":"","ast-banner-title-visibility":"","ast-main-header-display":"","ast-hfb-above-header-display":"","ast-hfb-below-header-display":"","ast-hfb-mobile-header-display":"","site-post-title":"","ast-breadcrumbs-content":"","ast-featured-img":"","footer-sml-layout":"","theme-transparent-header-meta":"","adv-header-id-meta":"","stick-header-meta":"","header-above-stick-meta":"","header-main-stick-meta":"","header-below-stick-meta":""},"categories":[758],"tags":[],"acf":[],"_links":{"self":[{"href":"https:\/\/www.cnbb.org.br\/cnbb-app\/wp\/v2\/posts\/12105"}],"collection":[{"href":"https:\/\/www.cnbb.org.br\/cnbb-app\/wp\/v2\/posts"}],"about":[{"href":"https:\/\/www.cnbb.org.br\/cnbb-app\/wp\/v2\/types\/post"}],"author":[{"embeddable":true,"href":"https:\/\/www.cnbb.org.br\/cnbb-app\/wp\/v2\/users\/83"}],"replies":[{"embeddable":true,"href":"https:\/\/www.cnbb.org.br\/cnbb-app\/wp\/v2\/comments?post=12105"}],"version-history":[{"count":0,"href":"https:\/\/www.cnbb.org.br\/cnbb-app\/wp\/v2\/posts\/12105\/revisions"}],"wp:attachment":[{"href":"https:\/\/www.cnbb.org.br\/cnbb-app\/wp\/v2\/media?parent=12105"}],"wp:term":[{"taxonomy":"category","embeddable":true,"href":"https:\/\/www.cnbb.org.br\/cnbb-app\/wp\/v2\/categories?post=12105"},{"taxonomy":"post_tag","embeddable":true,"href":"https:\/\/www.cnbb.org.br\/cnbb-app\/wp\/v2\/tags?post=12105"}],"curies":[{"name":"wp","href":"https:\/\/api.w.org\/{rel}","templated":true}]}}