{"id":12115,"date":"2010-07-08T00:00:00","date_gmt":"2010-07-08T03:00:00","guid":{"rendered":"https:\/\/www.cnbb.org.br\/qual-a-influencia-da-fe-na-politica\/"},"modified":"2010-07-08T00:00:00","modified_gmt":"2010-07-08T03:00:00","slug":"qual-a-influencia-da-fe-na-politica","status":"publish","type":"post","link":"https:\/\/www.cnbb.org.br\/qual-a-influencia-da-fe-na-politica\/","title":{"rendered":"Qual a influ\u00eancia da f\u00e9 na pol\u00edtica?"},"content":{"rendered":"<p style=\"text-align: justify\">Essa pergunta foi feita ao Cardeal em\u00e9rito de Mil\u00e3o, Carlo Maria Martini, em di\u00e1logo com o Pe. Georg Sporschill, que desenvolve um belo trabalho com meninos de rua na Rom\u00eania e na Mold\u00e1via. Ambos se encontraram em Jerusal\u00e9m e passaram noites inteiras em perguntas e respostas. Uma das perguntas foi exatamente esta: Qual a influencia da f\u00e9 na pol\u00edtica?<\/p>\n<p>  <!--more-->  <\/p>\n<p style=\"text-align: justify\">O Cardeal respondeu: &#8220;Como crist\u00e3os, olhamos para Jesus. Ele \u00e9 o fundamento de algo totalmente novo: a Igreja. Jesus realiza a miss\u00e3o de Deus ao criar um segundo instrumento para a paz, ao lado do povo escolhido primeiramente, o povo de Israel. Com isto Jesus se coloca na linha de frente. Jesus enfrentou todas as autoridades pol\u00edticas: Herodes, Pilatos, o Sin\u00e9drio, os partidos dos fariseus e dos saduceus. Ele lutou apaixonadamente pela justi\u00e7a e queria mudar o mundo. A Igreja de Jesus Cristo deve trabalhar para que o mundo se torne mais justo e mais pac\u00edfico.<\/p>\n<p style=\"text-align: justify\">Segundo a B\u00edblia, a justi\u00e7a est\u00e1 acima do direito e da miseric\u00f3rdia: \u00e9 um atributo fundamental de Deus. Justi\u00e7a significa comprometer-se com os desprotegidos. Justi\u00e7a significa intervir de forma ativa e ofensiva por uma conviv\u00eancia onde todos vivam em paz. A Justi\u00e7a deve vigiar para que o direito, tal como est\u00e1 formulado nas leis, possibilite uma vida digna para todos. Jesus deu sua vida pela justi\u00e7a. Procurou o di\u00e1logo com os poderosos&#8230; e eles se sentiram incomodados por Ele.<\/p>\n<p style=\"text-align: justify\">Jesus se p\u00f4s do lado dos pobres, dos sofredores, dos pecadores, dos pag\u00e3os, dos estrangeiros, dos oprimidos, dos famintos, dos presos, dos humilhados, das crian\u00e7as e das mulheres. Quem se p\u00f5e do lado das pessoas sem pastor, quem as re\u00fane e as conscientiza, se torna perigoso para os detentores do poder. Sempre que crist\u00e3os assumem a op\u00e7\u00e3o pelos pobres feita por Jesus, devem ainda hoje contar com persegui\u00e7\u00f5es&#8221; (Di\u00e1logos Noturnos em Jerusal\u00e9m, pg.149-150, Paulus).<\/p>\n<p style=\"text-align: justify\">O princ\u00edpio de que &#8220;a f\u00e9 sem obras \u00e9 morta&#8221; permanece como grande desafio do testemunho pessoal e social dos crist\u00e3os, e exige um efetivo compromisso na transforma\u00e7\u00e3o das estruturas injustas que oprimem e matam a vida dos indefesos. Os bispos do Brasil, ao celebrar os 500 anos de Evangeliza\u00e7\u00e3o, escreveram: &#8220;Desejamos, confiantes, renovar a nossa f\u00e9.<\/p>\n<p style=\"text-align: justify\">Proclamamos que Jesus Cristo \u00e9 a nossa esperan\u00e7a. Sua presen\u00e7a no meio de n\u00f3s \u00e9 a garantia de que a semente do Evangelho jamais ser\u00e1 sufocada ou destru\u00edda pelas for\u00e7as do mal. Ela \u00e9 destinada a tornar-se a espiga que dar\u00e1 muitos gr\u00e3os e a \u00e1rvore que oferecer\u00e1 abrigo a muitas aves&#8221; (Doc. CNBB 65, n\u00ba 63). A semente da Palavra de Deus em nossos cora\u00e7\u00f5es \u00e9 a certeza de uma sociedade justa, solid\u00e1ria e repleta de fraternidade.<\/p>\n<p style=\"text-align: justify\">A f\u00e9 crist\u00e3 une estreitamente o amor a Deus ao amor aos irm\u00e3os. Um n\u00e3o pode ser aut\u00eantico sem o outro. &#8220;Se algu\u00e9m disser: amo a Deus, mas odeia seu irm\u00e3o, \u00e9 mentiroso, pois quem n\u00e3o ama seu irm\u00e3o a quem v\u00ea, n\u00e3o poder\u00e1 amar a Deus, a quem n\u00e3o v\u00ea&#8221; (Jo 4,20). Em outras palavras: &#8220;O Evangelho do amor de Deus pelo homem, o Evangelho da dignidade da pessoa, e o Evangelho da vida s\u00e3o um \u00fanico e indivis\u00edvel Evangelho&#8221; (Doc. CNBB, n\u00ba 65). Por isso a f\u00e9 tem tudo a ver com a pol\u00edtica, que tem como primeira e mais importante miss\u00e3o a busca do bem comum de todos e a luta pela justi\u00e7a social. Sem a f\u00e9 nos tornamos ditadores dos outros e de n\u00f3s mesmos.<\/p>\n<h4 style=\"text-align: right\">Dom Anuar Battisti<\/h4>\n","protected":false},"excerpt":{"rendered":"<p>Essa pergunta foi feita ao Cardeal em\u00e9rito de Mil\u00e3o, Carlo Maria Martini, em di\u00e1logo com o Pe. Georg Sporschill, que desenvolve um belo trabalho com meninos de rua na Rom\u00eania e na Mold\u00e1via. Ambos se encontraram em Jerusal\u00e9m e passaram noites inteiras em perguntas e respostas. Uma das perguntas foi exatamente esta: Qual a influencia &hellip;<\/p>\n<p class=\"read-more\"> <a class=\"\" href=\"https:\/\/www.cnbb.org.br\/qual-a-influencia-da-fe-na-politica\/\"> <span class=\"screen-reader-text\">Qual a influ\u00eancia da f\u00e9 na pol\u00edtica?<\/span> Leia mais &raquo;<\/a><\/p>\n","protected":false},"author":83,"featured_media":0,"comment_status":"open","ping_status":"open","sticky":false,"template":"","format":"standard","meta":{"site-sidebar-layout":"default","site-content-layout":"default","ast-global-header-display":"","ast-banner-title-visibility":"","ast-main-header-display":"","ast-hfb-above-header-display":"","ast-hfb-below-header-display":"","ast-hfb-mobile-header-display":"","site-post-title":"","ast-breadcrumbs-content":"","ast-featured-img":"","footer-sml-layout":"","theme-transparent-header-meta":"","adv-header-id-meta":"","stick-header-meta":"","header-above-stick-meta":"","header-main-stick-meta":"","header-below-stick-meta":""},"categories":[758],"tags":[],"acf":[],"_links":{"self":[{"href":"https:\/\/www.cnbb.org.br\/cnbb-app\/wp\/v2\/posts\/12115"}],"collection":[{"href":"https:\/\/www.cnbb.org.br\/cnbb-app\/wp\/v2\/posts"}],"about":[{"href":"https:\/\/www.cnbb.org.br\/cnbb-app\/wp\/v2\/types\/post"}],"author":[{"embeddable":true,"href":"https:\/\/www.cnbb.org.br\/cnbb-app\/wp\/v2\/users\/83"}],"replies":[{"embeddable":true,"href":"https:\/\/www.cnbb.org.br\/cnbb-app\/wp\/v2\/comments?post=12115"}],"version-history":[{"count":0,"href":"https:\/\/www.cnbb.org.br\/cnbb-app\/wp\/v2\/posts\/12115\/revisions"}],"wp:attachment":[{"href":"https:\/\/www.cnbb.org.br\/cnbb-app\/wp\/v2\/media?parent=12115"}],"wp:term":[{"taxonomy":"category","embeddable":true,"href":"https:\/\/www.cnbb.org.br\/cnbb-app\/wp\/v2\/categories?post=12115"},{"taxonomy":"post_tag","embeddable":true,"href":"https:\/\/www.cnbb.org.br\/cnbb-app\/wp\/v2\/tags?post=12115"}],"curies":[{"name":"wp","href":"https:\/\/api.w.org\/{rel}","templated":true}]}}